{"id":645,"date":"2011-07-06T10:11:37","date_gmt":"2011-07-06T08:11:37","guid":{"rendered":"http:\/\/www.pr-nord.de\/newsroom\/?p=645"},"modified":"2020-05-28T16:45:27","modified_gmt":"2020-05-28T14:45:27","slug":"250-baufachleute-kamen-zur-sto-hausmesse-in-hamburg","status":"publish","type":"post","link":"https:\/\/www.pr-neu.de\/newsroom\/250-baufachleute-kamen-zur-sto-hausmesse-in-hamburg\/","title":{"rendered":"250 Baufachleute kamen zur Sto-Hausmesse in Hamburg"},"content":{"rendered":"<table border=\"0\" width=\"520\" cellspacing=\"0\" cellpadding=\"0\">\n<tbody>\n<tr>\n<td><u>\u201eProduktkatalog zum Anfassen\u201c <\/u><\/p>\n<p><strong>250 Baufachleute kamen zur Sto-Hausmesse in Hamburg<\/strong><\/p>\n<p>Produkte nicht nur auf dem Papier sehen, sondern Verarbeitung live erleben \u2013 unter diesem Motto lud die Sto-Vertriebsregion Nord im Fr\u00fchsommer ins Verkaufscenter Oststeinbek. Rund 250 Bauschaffende lernten an 21 St\u00e4nden Farben und Putze, D\u00e4mmsysteme und vieles mehr kennen. Die Konzerntochter StoCretec pr\u00e4sentierte ihre Kompetenzen in der Betonsanierung. \u201eDie gro\u00dfe Resonanz zeigt, dass wir mit dieser Veranstaltungsform richtig liegen. Wir planen schon den n\u00e4chsten Aktionstag\u201c, freute sich Verkaufsleiter Oliver St\u00f6lting \u00fcber den Erfolg. Das Beiprogramm \u2013 ein Pantomime, der Verkaufs-\u201eGespr\u00e4che\u201c f\u00fchrte und Schlagfestigkeitstest an WDVS-Fl\u00e4chen durch W\u00fcrfe mit der Boule-Kugel \u2013 sowie eine z\u00fcnftige Bewirtung rundeten den Erlebnistag ab.<\/p>\n<hr noshade=\"noshade\" size=\"1\" \/>\n<table border=\"0\" width=\"520\" cellspacing=\"0\" cellpadding=\"0\">\n<tbody>\n<tr>\n<td valign=\"top\" width=\"370\" height=\"25\"><a href=\"http:\/\/www.pr-neu.de\/newsroom\/wordpress\/wp-content\/uploads\/2011\/07\/11-37_Sto-Hausmesse_G.jpg\"><img loading=\"lazy\" decoding=\"async\" class=\"aligncenter size-medium wp-image-13195\" src=\"http:\/\/www.pr-neu.de\/newsroom\/wordpress\/wp-content\/uploads\/2011\/07\/11-37_Sto-Hausmesse_G-300x201.jpg\" alt=\"\" width=\"300\" height=\"201\" srcset=\"https:\/\/www.pr-neu.de\/newsroom\/wordpress\/wp-content\/uploads\/2011\/07\/11-37_Sto-Hausmesse_G-300x201.jpg 300w, https:\/\/www.pr-neu.de\/newsroom\/wordpress\/wp-content\/uploads\/2011\/07\/11-37_Sto-Hausmesse_G-1024x687.jpg 1024w, https:\/\/www.pr-neu.de\/newsroom\/wordpress\/wp-content\/uploads\/2011\/07\/11-37_Sto-Hausmesse_G-768x516.jpg 768w, https:\/\/www.pr-neu.de\/newsroom\/wordpress\/wp-content\/uploads\/2011\/07\/11-37_Sto-Hausmesse_G-1536x1031.jpg 1536w, https:\/\/www.pr-neu.de\/newsroom\/wordpress\/wp-content\/uploads\/2011\/07\/11-37_Sto-Hausmesse_G-110x74.jpg 110w, https:\/\/www.pr-neu.de\/newsroom\/wordpress\/wp-content\/uploads\/2011\/07\/11-37_Sto-Hausmesse_G-420x282.jpg 420w, https:\/\/www.pr-neu.de\/newsroom\/wordpress\/wp-content\/uploads\/2011\/07\/11-37_Sto-Hausmesse_G-641x430.jpg 641w, https:\/\/www.pr-neu.de\/newsroom\/wordpress\/wp-content\/uploads\/2011\/07\/11-37_Sto-Hausmesse_G.jpg 1795w\" sizes=\"auto, (max-width: 300px) 100vw, 300px\" \/><\/a><\/td>\n<td colspan=\"3\" height=\"21\">Rund 250 G\u00e4ste informierten sich w\u00e4hrend der Sto-Hausmesse in Hamburg \u00fcber Bau-Produkte und Verarbeitungstechniken.<\/p>\n<p>Bild: Sto AG<\/td>\n<\/tr>\n<tr>\n<td valign=\"top\" width=\"370\" height=\"25\"><a href=\"http:\/\/www.pr-neu.de\/newsroom\/wordpress\/wp-content\/uploads\/2011\/07\/11-37_Sto-Hausmesse-Tipps_G.jpg\"><img loading=\"lazy\" decoding=\"async\" class=\"aligncenter size-medium wp-image-13196\" src=\"http:\/\/www.pr-neu.de\/newsroom\/wordpress\/wp-content\/uploads\/2011\/07\/11-37_Sto-Hausmesse-Tipps_G-201x300.jpg\" alt=\"\" width=\"201\" height=\"300\" srcset=\"https:\/\/www.pr-neu.de\/newsroom\/wordpress\/wp-content\/uploads\/2011\/07\/11-37_Sto-Hausmesse-Tipps_G-201x300.jpg 201w, https:\/\/www.pr-neu.de\/newsroom\/wordpress\/wp-content\/uploads\/2011\/07\/11-37_Sto-Hausmesse-Tipps_G-687x1024.jpg 687w, https:\/\/www.pr-neu.de\/newsroom\/wordpress\/wp-content\/uploads\/2011\/07\/11-37_Sto-Hausmesse-Tipps_G-768x1144.jpg 768w, https:\/\/www.pr-neu.de\/newsroom\/wordpress\/wp-content\/uploads\/2011\/07\/11-37_Sto-Hausmesse-Tipps_G-1031x1536.jpg 1031w, https:\/\/www.pr-neu.de\/newsroom\/wordpress\/wp-content\/uploads\/2011\/07\/11-37_Sto-Hausmesse-Tipps_G-74x110.jpg 74w, https:\/\/www.pr-neu.de\/newsroom\/wordpress\/wp-content\/uploads\/2011\/07\/11-37_Sto-Hausmesse-Tipps_G-282x420.jpg 282w, https:\/\/www.pr-neu.de\/newsroom\/wordpress\/wp-content\/uploads\/2011\/07\/11-37_Sto-Hausmesse-Tipps_G-289x430.jpg 289w, https:\/\/www.pr-neu.de\/newsroom\/wordpress\/wp-content\/uploads\/2011\/07\/11-37_Sto-Hausmesse-Tipps_G.jpg 1205w\" sizes=\"auto, (max-width: 201px) 100vw, 201px\" \/><\/a><\/td>\n<td colspan=\"3\" height=\"21\">Anwendungstechniker Uwe Lohrengel (rechts) gibt auf der Sto-Hausmesse Tipps zur Verarbeitung.<\/p>\n<p>Bild: Sto AG<\/td>\n<\/tr>\n<\/tbody>\n<\/table>\n<hr noshade=\"noshade\" size=\"1\" \/>\n<p>Abdruck honorarfrei, Belegexemplar erbeten<\/td>\n<\/tr>\n<tr>\n<td><\/td>\n<\/tr>\n<\/tbody>\n<\/table>\n<table border=\"0\" width=\"95{ab9cb22b1639c68dfef7c1751c9d63405358944ce3964465eb35eb6b5b6beaaa}\">\n<tbody>\n<tr>\n<td><!-- AddThis Button BEGIN --><\/td>\n<\/tr>\n<\/tbody>\n<\/table>\n","protected":false},"excerpt":{"rendered":"<p>\u201eProduktkatalog zum Anfassen\u201c 250 Baufachleute kamen zur Sto-Hausmesse in Hamburg Produkte nicht nur auf dem Papier sehen, sondern Verarbeitung live erleben \u2013 unter diesem Motto lud die Sto-Vertriebsregion Nord im Fr\u00fchsommer ins Verkaufscenter Oststeinbek. Rund 250 Bauschaffende lernten an 21 St\u00e4nden Farben und Putze, D\u00e4mmsysteme und vieles mehr kennen. Die Konzerntochter StoCretec pr\u00e4sentierte ihre Kompetenzen [&hellip;]<\/p>\n","protected":false},"author":6,"featured_media":0,"comment_status":"closed","ping_status":"open","sticky":false,"template":"","format":"standard","meta":{"footnotes":""},"categories":[3,6,15,16],"tags":[253,354,504,516],"class_list":["post-645","post","type-post","status-publish","format-standard","hentry","category-kundenmeldungen","category-messen","category-sto","category-stocretec","tag-hausmesse","tag-messe","tag-sto-2","tag-stocretec"],"_links":{"self":[{"href":"https:\/\/www.pr-neu.de\/newsroom\/wp-json\/wp\/v2\/posts\/645","targetHints":{"allow":["GET"]}}],"collection":[{"href":"https:\/\/www.pr-neu.de\/newsroom\/wp-json\/wp\/v2\/posts"}],"about":[{"href":"https:\/\/www.pr-neu.de\/newsroom\/wp-json\/wp\/v2\/types\/post"}],"author":[{"embeddable":true,"href":"https:\/\/www.pr-neu.de\/newsroom\/wp-json\/wp\/v2\/users\/6"}],"replies":[{"embeddable":true,"href":"https:\/\/www.pr-neu.de\/newsroom\/wp-json\/wp\/v2\/comments?post=645"}],"version-history":[{"count":4,"href":"https:\/\/www.pr-neu.de\/newsroom\/wp-json\/wp\/v2\/posts\/645\/revisions"}],"predecessor-version":[{"id":13197,"href":"https:\/\/www.pr-neu.de\/newsroom\/wp-json\/wp\/v2\/posts\/645\/revisions\/13197"}],"wp:attachment":[{"href":"https:\/\/www.pr-neu.de\/newsroom\/wp-json\/wp\/v2\/media?parent=645"}],"wp:term":[{"taxonomy":"category","embeddable":true,"href":"https:\/\/www.pr-neu.de\/newsroom\/wp-json\/wp\/v2\/categories?post=645"},{"taxonomy":"post_tag","embeddable":true,"href":"https:\/\/www.pr-neu.de\/newsroom\/wp-json\/wp\/v2\/tags?post=645"}],"curies":[{"name":"wp","href":"https:\/\/api.w.org\/{rel}","templated":true}]}}