{"id":6259,"date":"2018-02-22T13:24:35","date_gmt":"2018-02-22T10:54:35","guid":{"rendered":"http:\/\/www.pr-nord.de\/newsroom\/?p=6074"},"modified":"2020-05-18T14:38:46","modified_gmt":"2020-05-18T12:38:46","slug":"eiskristall-und-faltenwurf-tore-in-3d-optik","status":"publish","type":"post","link":"https:\/\/www.pr-neu.de\/newsroom\/eiskristall-und-faltenwurf-tore-in-3d-optik\/","title":{"rendered":"Eiskristall und Faltenwurf: Tore in 3D-Optik"},"content":{"rendered":"<p><span style=\"text-decoration: underline;\">Teckentrup: Neue Oberfl\u00e4chen f\u00fcr CarTeck-Tore<\/span><\/p>\n<p><strong>Mit zwei neuen Oberfl\u00e4chen erweitert Teckentrup (Verl) das gestalterische Spektrum f\u00fcr Garagentore: \u201eIcecrystal\u201c und \u201eWrinkle anthrazit\u201c geben dem Tor mit 3D-Struktur Eleganz und Tiefe. Zugleich sind beide Typen besonders robust und unempfindlich gegen\u00fcber mechanischen Belastungen.<\/strong><\/p>\n<p>Bunte Tore sind m\u00f6glich, aber aktuell nicht gefragt: Seit Jahren dominieren Grau- und Anthrazit-T\u00f6ne den Garagentormarkt, obwohl mit \u201eRAL nach Wahl\u201c jeder Wunschfarbton problemlos m\u00f6glich ist. Um dennoch mehr Spielraum f\u00fcr individuelle Gestaltung zu bieten, hat Teckentrup jetzt zwei neue Strukturen ins Angebot aufgenommen, die vor allem durch ihre dreidimensionale Wirkung frische Akzente innerhalb des gefragten Farbraums setzen: <strong>Wrinkle Anthrazit<\/strong> tr\u00e4gt eine metallisch anmutende leicht raue Struktur, <strong>Icecrystal Graualuminium<\/strong> zeigt durch den gedruckten Eiskristall-Effekt eine einmalige 3D-Topographie: Schillernd, changierend und filigran gegliedert wie Eiskristalle. \u201eWrinkle und IceCrystal sind moderne Alternativen zu den klassischen matten, glatten Oberfl\u00e4chen. Wir haben hierzu sehr positive R\u00fcckmeldung unserer Kunden erhalten und uns entschieden, beide ins Portfolio aufzunehmen\u201c berichtet Kathrin Sahrhage, Produktmanagerin bei Teckentrup. Neben dem au\u00dfergew\u00f6hnlichen Design zeichnen sich beide Optiken durch ihre robuste und unempfindliche Oberfl\u00e4chengestaltung aus, die auch bei gro\u00dfer Beanspruchung sogar kleinere Kratzer kaum auffallen l\u00e4sst.<\/p>\n<hr noshade=\"noshade\" size=\"1\" \/>\n<p style=\"text-align: center;\"><a href=\"http:\/\/www.pr-neu.de\/newsroom\/wordpress\/wp-content\/uploads\/2018\/02\/18-03_wrinkle-icecrystal_2_G.jpg\" target=\"_blank\" rel=\"noopener noreferrer\"><img loading=\"lazy\" decoding=\"async\" class=\"aligncenter wp-image-6075 size-medium\" src=\"http:\/\/www.pr-neu.de\/newsroom\/wordpress\/wp-content\/uploads\/2018\/02\/18-03_wrinkle-icecrystal_2_G-300x201.jpg\" alt=\"Teckentrup: Neue Oberfl\u00e4chen f\u00fcr CarTeck-ToreEiskristall und Faltenwurf: Tore in 3D-Optik\" width=\"300\" height=\"201\" srcset=\"https:\/\/www.pr-neu.de\/newsroom\/wordpress\/wp-content\/uploads\/2018\/02\/18-03_wrinkle-icecrystal_2_G-300x201.jpg 300w, https:\/\/www.pr-neu.de\/newsroom\/wordpress\/wp-content\/uploads\/2018\/02\/18-03_wrinkle-icecrystal_2_G-768x516.jpg 768w, https:\/\/www.pr-neu.de\/newsroom\/wordpress\/wp-content\/uploads\/2018\/02\/18-03_wrinkle-icecrystal_2_G-1024x687.jpg 1024w, https:\/\/www.pr-neu.de\/newsroom\/wordpress\/wp-content\/uploads\/2018\/02\/18-03_wrinkle-icecrystal_2_G-110x74.jpg 110w, https:\/\/www.pr-neu.de\/newsroom\/wordpress\/wp-content\/uploads\/2018\/02\/18-03_wrinkle-icecrystal_2_G-420x282.jpg 420w, https:\/\/www.pr-neu.de\/newsroom\/wordpress\/wp-content\/uploads\/2018\/02\/18-03_wrinkle-icecrystal_2_G-641x430.jpg 641w, https:\/\/www.pr-neu.de\/newsroom\/wordpress\/wp-content\/uploads\/2018\/02\/18-03_wrinkle-icecrystal_2_G.jpg 1795w\" sizes=\"auto, (max-width: 300px) 100vw, 300px\" \/><\/a><\/p>\n<p style=\"text-align: center;\">Neue Optiken mit Faltenwurf und Kristallstruktur: Mit den Oberfl\u00e4chen \u201eWrinkle\u201c (oben) und \u201eIcecrystal\u201c<br \/>\nbietet Teckentrup mehr Vielfalt f\u00fcr Architektur mit\u00a0 Garagentoren.<br \/>\nBild: Teckentrup<\/p>\n<p style=\"text-align: center;\"><a href=\"http:\/\/www.pr-neu.de\/newsroom\/wordpress\/wp-content\/uploads\/2018\/02\/18-03_wrinkle-icecrystal_2_G.jpg\" target=\"_blank\" rel=\"noopener noreferrer\">Bild downloaden (300dpi)<\/a><\/p>\n<p style=\"text-align: center;\"><a href=\"http:\/\/www.pr-neu.de\/newsroom\/wordpress\/wp-content\/uploads\/2018\/02\/18-03_IceCrystal-Tor_G-1.jpg\" target=\"_blank\" rel=\"noopener noreferrer\"><img loading=\"lazy\" decoding=\"async\" class=\"aligncenter wp-image-6076 size-medium\" src=\"http:\/\/www.pr-neu.de\/newsroom\/wordpress\/wp-content\/uploads\/2018\/02\/18-03_IceCrystal-Tor_G-1-300x174.jpg\" alt=\"Teckentrup: Neue Oberfl\u00e4chen f\u00fcr CarTeck-ToreEiskristall und Faltenwurf: Tore in 3D-Optik\" width=\"300\" height=\"174\" srcset=\"https:\/\/www.pr-neu.de\/newsroom\/wordpress\/wp-content\/uploads\/2018\/02\/18-03_IceCrystal-Tor_G-1-300x174.jpg 300w, https:\/\/www.pr-neu.de\/newsroom\/wordpress\/wp-content\/uploads\/2018\/02\/18-03_IceCrystal-Tor_G-1-768x446.jpg 768w, https:\/\/www.pr-neu.de\/newsroom\/wordpress\/wp-content\/uploads\/2018\/02\/18-03_IceCrystal-Tor_G-1-1024x595.jpg 1024w, https:\/\/www.pr-neu.de\/newsroom\/wordpress\/wp-content\/uploads\/2018\/02\/18-03_IceCrystal-Tor_G-1-110x64.jpg 110w, https:\/\/www.pr-neu.de\/newsroom\/wordpress\/wp-content\/uploads\/2018\/02\/18-03_IceCrystal-Tor_G-1-420x244.jpg 420w, https:\/\/www.pr-neu.de\/newsroom\/wordpress\/wp-content\/uploads\/2018\/02\/18-03_IceCrystal-Tor_G-1-740x430.jpg 740w, https:\/\/www.pr-neu.de\/newsroom\/wordpress\/wp-content\/uploads\/2018\/02\/18-03_IceCrystal-Tor_G-1.jpg 1795w\" sizes=\"auto, (max-width: 300px) 100vw, 300px\" \/><\/a><\/p>\n<p style=\"text-align: center;\">Trendfarbton grau-anthrazit, Oberfl\u00e4che individuell: Mit den neuen Strukturen erweitert Teckentrup die gestalterischen<br \/>\nM\u00f6glichkeiten und bleibt doch dem aktuell dominierenden Farbschema treu. Garagentor mit der au\u00dfergew\u00f6hnlichen Oberfl\u00e4che \u201eIcecrystal\u201c.<br \/>\nBild: Teckentrup<\/p>\n<p style=\"text-align: center;\"><a href=\"http:\/\/www.pr-neu.de\/newsroom\/wordpress\/wp-content\/uploads\/2018\/02\/18-03_IceCrystal-Tor_G-1.jpg\" target=\"_blank\" rel=\"noopener noreferrer\">Bild downloaden (300dpi)<\/a><\/p>\n<hr noshade=\"noshade\" size=\"1\" \/>\n<p>Abdruck honorarfrei, Belegexemplar erbeten an<\/p>\n","protected":false},"excerpt":{"rendered":"<p>Mit zwei neuen Oberfl\u00e4chen erweitert Teckentrup (Verl) das gestalterische Spektrum f\u00fcr Garagentore: \u201eIcecrystal\u201c und \u201eWrinkle anthrazit\u201c geben dem Tor mit 3D-Struktur Eleganz und Tiefe. Zugleich sind beide Typen besonders robust und unempfindlich gegen\u00fcber mechanischen Belastungen.<\/p>\n<tbody>\n<tr>\n<td><!-- AddThis Button BEGIN --><\/p>\n<div class=\"addthis_toolbox addthis_default_style\">\n<div><a class=\"addthis_button_compact\" href=\"http:\/\/www.addthis.com\/bookmark.php?v=250&amp;username=xa-4bcef6844aa77bdd\">Share<\/a><span class=\"addthis_separator\">|<\/span><a class=\"addthis_button_facebook\"><\/a><a class=\"addthis_button_myspace\"><\/a><a class=\"addthis_button_google\"><\/a><a class=\"addthis_button_twitter\"><\/a><\/div>\n<\/div>\n<p><script src=\"http:\/\/s7.addthis.com\/js\/250\/addthis_widget.js#username=xa-4bcef6844aa77bdd\" type=\"text\/javascript\"><\/script><!-- AddThis Button END --><\/td>\n<\/tr>\n<\/tbody>\n<\/table>\n","protected":false},"author":6,"featured_media":6076,"comment_status":"closed","ping_status":"open","sticky":false,"template":"","format":"standard","meta":{"footnotes":""},"categories":[18],"tags":[],"class_list":["post-6259","post","type-post","status-publish","format-standard","has-post-thumbnail","hentry","category-teckentrup"],"_links":{"self":[{"href":"https:\/\/www.pr-neu.de\/newsroom\/wp-json\/wp\/v2\/posts\/6259","targetHints":{"allow":["GET"]}}],"collection":[{"href":"https:\/\/www.pr-neu.de\/newsroom\/wp-json\/wp\/v2\/posts"}],"about":[{"href":"https:\/\/www.pr-neu.de\/newsroom\/wp-json\/wp\/v2\/types\/post"}],"author":[{"embeddable":true,"href":"https:\/\/www.pr-neu.de\/newsroom\/wp-json\/wp\/v2\/users\/6"}],"replies":[{"embeddable":true,"href":"https:\/\/www.pr-neu.de\/newsroom\/wp-json\/wp\/v2\/comments?post=6259"}],"version-history":[{"count":3,"href":"https:\/\/www.pr-neu.de\/newsroom\/wp-json\/wp\/v2\/posts\/6259\/revisions"}],"predecessor-version":[{"id":11441,"href":"https:\/\/www.pr-neu.de\/newsroom\/wp-json\/wp\/v2\/posts\/6259\/revisions\/11441"}],"wp:featuredmedia":[{"embeddable":true,"href":"https:\/\/www.pr-neu.de\/newsroom\/wp-json\/wp\/v2\/media\/6076"}],"wp:attachment":[{"href":"https:\/\/www.pr-neu.de\/newsroom\/wp-json\/wp\/v2\/media?parent=6259"}],"wp:term":[{"taxonomy":"category","embeddable":true,"href":"https:\/\/www.pr-neu.de\/newsroom\/wp-json\/wp\/v2\/categories?post=6259"},{"taxonomy":"post_tag","embeddable":true,"href":"https:\/\/www.pr-neu.de\/newsroom\/wp-json\/wp\/v2\/tags?post=6259"}],"curies":[{"name":"wp","href":"https:\/\/api.w.org\/{rel}","templated":true}]}}