{"id":625,"date":"2011-06-30T14:53:50","date_gmt":"2011-06-30T12:53:50","guid":{"rendered":"http:\/\/www.pr-nord.de\/newsroom\/?p=625"},"modified":"2020-05-28T16:36:37","modified_gmt":"2020-05-28T14:36:37","slug":"neue-dimmbare-dachverglasung","status":"publish","type":"post","link":"https:\/\/www.pr-neu.de\/newsroom\/neue-dimmbare-dachverglasung\/","title":{"rendered":"90 Prozent Sonnenschutz, 100 Prozent Wohlf\u00fchlklima"},"content":{"rendered":"<p><span style=\"text-decoration: underline;\">Neue dimmbare Dachverglasung<\/span><\/p>\n<p>\u201eEControl smart roof\u201c l\u00e4sst die Sommerhitze drau\u00dfen \/ Dachverglasung, Atrium, Wintergarten: Jetzt 90 Prozent der aufheizenden Sonnenstrahlen aussperren<\/p>\n<p><strong>Der Sommer ist f\u00fcr viele Menschen die Zeit, in der es zu hei\u00df ist, die Dinge zu tun, f\u00fcr die es im Winter zu kalt war. In B\u00fcrogeb\u00e4uden mit einem Atrium oder gro\u00dfz\u00fcgigen Dachverglasungen muss trotzdem gearbeitet werden. Abhilfe gegen das sommerliche Aufheizen von R\u00e4umen unter Dachverglasungen bietet jetzt \u201eEControl smart roof\u201c \u2013 eine dimmbare Sonnenschutzverglasung. Mit einem Tastendruck wird der solare Energieeintrag je nach Sonnenintensit\u00e4t regelbar. Auf der h\u00f6chsten Stufe bleiben 90 Prozent der solaren Energie drau\u00dfen. Somit erhitzen sich auch von Tageslicht durchflutete R\u00e4ume weniger, der Klimatisierungsaufwand sinkt deutlich und auf eine au\u00dfen liegende Verschattung kann verzichtet werden. <\/strong><\/p>\n<p>\u201eIn modernen B\u00fcrogeb\u00e4uden sind gro\u00dffl\u00e4chige Verglasungen seit langem Standard. Atrien und Dachverglasungen erweitern den architektonischen Spielraum, wenn es um die maximale Tageslichtausbeute geht. Denn Tageslicht f\u00f6rdert Vitalit\u00e4t und Wohlbefinden, macht wach und verringert den Bedarf, Kunstlicht zuzuschalten. Das spart Energie und schont die Umwelt. Einerseits wird so naturnahes Leben und Arbeiten m\u00f6glich, andererseits steigt die Gefahr der Aufheizung im Sommer. Die architektonische Konsequenz bislang: Verschattung und Installation teurer energieaufw\u00e4ndiger Klimatisierungskonzepte.<\/p>\n<p><strong>Intelligentes Konzept: Sonnenhitze einfach wegdimmen<br \/>\n<\/strong><\/p>\n<p>Durch den Einsatz dimmbarer Verglasungen wie EControl smart roof sind gro\u00dfz\u00fcgige Dachverglasungen und angenehme Raumtemperaturen auch im Hochsommer kein Widerspruch mehr. F\u00fcr den Einsatz in herk\u00f6mmlichem Isolierglas ist diese Technologie seit einigen Jahren etabliert, jetzt wurde sie speziell f\u00fcr die Anwendung im Dachbereich weiter optimiert. Mit \u201eEControl smart roof\u201c bleiben auf der st\u00e4rksten \u201eDimm-Stufe\u201c 90 Prozent der w\u00e4rmenden Sonnenstrahlen drau\u00dfen. Durch die angenehme Blaut\u00f6nung des Glases wird auch eine wirksame Blendreduzierung erzielt und au\u00dfen liegende Verschattungsanlagen werden nicht ben\u00f6tigt. Das hei\u00dft auch: Der Aufwand f\u00fcr deren Installation, Betrieb, Wartung und Reinigung entf\u00e4llt \u2013 und mechanische Verschlei\u00dfteile gibt es ebenfalls nicht. Strom wird lediglich f\u00fcr den Dimmprozess ben\u00f6tigt: Hier reicht eine geringe Spannung von 3 Volt und das Glas f\u00e4rbt sich durch den \u201eelektrochromen Effekt\u201c angenehm blau ein. Ein Wechsel der Stromrichtung kehrt den Prozess um und das Glas wird wieder hell. EControl smart roof l\u00e4sst sich wie normales Isolierglas als \u00dcberkopfverglasung einbauen und mit zus\u00e4tzlichen Funktionen kombinieren. Neben dem standardm\u00e4\u00dfig sehr guten W\u00e4rmed\u00e4mmwert kann es auch in betretbarer Ausf\u00fchrung oder mit selbstreinigenden Eigenschaften kombiniert werden.<\/p>\n<hr noshade=\"noshade\" size=\"1\" \/>\n<table style=\"height: 298px;\" border=\"0\" width=\"656\" cellspacing=\"0\" cellpadding=\"0\">\n<tbody>\n<tr>\n<td valign=\"top\" width=\"370\" height=\"250\"><a href=\"http:\/\/www.pr-neu.de\/newsroom\/wordpress\/wp-content\/uploads\/2011\/06\/11-03_glasdach_G-1.jpg\"><img loading=\"lazy\" decoding=\"async\" class=\"aligncenter size-medium wp-image-13141\" src=\"http:\/\/www.pr-neu.de\/newsroom\/wordpress\/wp-content\/uploads\/2011\/06\/11-03_glasdach_G-1-300x201.jpg\" alt=\"\" width=\"300\" height=\"201\" srcset=\"https:\/\/www.pr-neu.de\/newsroom\/wordpress\/wp-content\/uploads\/2011\/06\/11-03_glasdach_G-1-300x201.jpg 300w, https:\/\/www.pr-neu.de\/newsroom\/wordpress\/wp-content\/uploads\/2011\/06\/11-03_glasdach_G-1-1024x687.jpg 1024w, https:\/\/www.pr-neu.de\/newsroom\/wordpress\/wp-content\/uploads\/2011\/06\/11-03_glasdach_G-1-768x516.jpg 768w, https:\/\/www.pr-neu.de\/newsroom\/wordpress\/wp-content\/uploads\/2011\/06\/11-03_glasdach_G-1-1536x1031.jpg 1536w, https:\/\/www.pr-neu.de\/newsroom\/wordpress\/wp-content\/uploads\/2011\/06\/11-03_glasdach_G-1-110x74.jpg 110w, https:\/\/www.pr-neu.de\/newsroom\/wordpress\/wp-content\/uploads\/2011\/06\/11-03_glasdach_G-1-420x282.jpg 420w, https:\/\/www.pr-neu.de\/newsroom\/wordpress\/wp-content\/uploads\/2011\/06\/11-03_glasdach_G-1-641x430.jpg 641w, https:\/\/www.pr-neu.de\/newsroom\/wordpress\/wp-content\/uploads\/2011\/06\/11-03_glasdach_G-1.jpg 1795w\" sizes=\"auto, (max-width: 300px) 100vw, 300px\" \/><\/a><\/td>\n<td valign=\"center\" height=\"20\">Gro\u00dffl\u00e4chige Dachverglasungen sch\u00fctzen mit dem dimmbaren Sonnenschutzglas EControl smart roof effektiv vor \u00dcberhitzung \u2013 und lassen gleichzeitig viel Tageslicht herein.<\/p>\n<p>Foto: EControl-Glas<\/td>\n<\/tr>\n<\/tbody>\n<\/table>\n<hr noshade=\"noshade\" size=\"1\" \/>\n<p>Abdruck honorarfrei, Belegexemplar erbeten<\/p>\n<p><strong>R\u00fcckfragen beantwortet gern<\/strong><\/p>\n<table width=\"532\">\n<tbody>\n<tr>\n<td valign=\"top\" width=\"260\" height=\"25\"><strong>EControl-Glas<\/strong> GmbH &amp; Co. KG<br \/>\nNadine Witt<br \/>\nTel.: +49(0)3741\/14820-116<br \/>\nFax: +49(0)3741\/14820-150<br \/>\nE-Mail: <a href=\"&#x6d;a&#x69;&#108;&#x74;&#x6f;:&#x70;&#114;&#x65;&#x73;s&#x65;&#64;&#x65;&#x63;o&#x6e;&#116;&#x72;&#x6f;l&#x2d;&#103;&#x6c;&#x61;s&#x2e;&#100;&#x65;\">&#x70;&#x72;&#101;&#115;s&#x65;&#x40;&#x65;&#99;&#111;n&#x74;&#x72;&#x6f;&#108;&#45;g&#x6c;&#x61;&#x73;&#46;&#100;e<\/a><\/td>\n<td colspan=\"3\" valign=\"top\" width=\"260\" height=\"21\"><\/td>\n<\/tr>\n<\/tbody>\n<\/table>\n","protected":false},"excerpt":{"rendered":"<p>Neue dimmbare Dachverglasung \u201eEControl smart roof\u201c l\u00e4sst die Sommerhitze drau\u00dfen \/ Dachverglasung, Atrium, Wintergarten: Jetzt 90 Prozent der aufheizenden Sonnenstrahlen aussperren Der Sommer ist f\u00fcr viele Menschen die Zeit, in der es zu hei\u00df ist, die Dinge zu tun, f\u00fcr die es im Winter zu kalt war. In B\u00fcrogeb\u00e4uden mit einem Atrium oder gro\u00dfz\u00fcgigen Dachverglasungen [&hellip;]<\/p>\n","protected":false},"author":6,"featured_media":7894,"comment_status":"closed","ping_status":"open","sticky":false,"template":"","format":"standard","meta":{"footnotes":""},"categories":[25],"tags":[80,120,135,147,148,153,230,319,492,635],"class_list":["post-625","post","type-post","status-publish","format-standard","has-post-thumbnail","hentry","category-econtrol","tag-beschattung","tag-dachverglasung","tag-dimmbares-glas","tag-econtrol-2","tag-econtrol-smart-roof","tag-elektrochrom","tag-glas","tag-klima","tag-sonnenschutz","tag-wintergarten"],"_links":{"self":[{"href":"https:\/\/www.pr-neu.de\/newsroom\/wp-json\/wp\/v2\/posts\/625","targetHints":{"allow":["GET"]}}],"collection":[{"href":"https:\/\/www.pr-neu.de\/newsroom\/wp-json\/wp\/v2\/posts"}],"about":[{"href":"https:\/\/www.pr-neu.de\/newsroom\/wp-json\/wp\/v2\/types\/post"}],"author":[{"embeddable":true,"href":"https:\/\/www.pr-neu.de\/newsroom\/wp-json\/wp\/v2\/users\/6"}],"replies":[{"embeddable":true,"href":"https:\/\/www.pr-neu.de\/newsroom\/wp-json\/wp\/v2\/comments?post=625"}],"version-history":[{"count":3,"href":"https:\/\/www.pr-neu.de\/newsroom\/wp-json\/wp\/v2\/posts\/625\/revisions"}],"predecessor-version":[{"id":13142,"href":"https:\/\/www.pr-neu.de\/newsroom\/wp-json\/wp\/v2\/posts\/625\/revisions\/13142"}],"wp:featuredmedia":[{"embeddable":true,"href":"https:\/\/www.pr-neu.de\/newsroom\/wp-json\/wp\/v2\/media\/7894"}],"wp:attachment":[{"href":"https:\/\/www.pr-neu.de\/newsroom\/wp-json\/wp\/v2\/media?parent=625"}],"wp:term":[{"taxonomy":"category","embeddable":true,"href":"https:\/\/www.pr-neu.de\/newsroom\/wp-json\/wp\/v2\/categories?post=625"},{"taxonomy":"post_tag","embeddable":true,"href":"https:\/\/www.pr-neu.de\/newsroom\/wp-json\/wp\/v2\/tags?post=625"}],"curies":[{"name":"wp","href":"https:\/\/api.w.org\/{rel}","templated":true}]}}