{"id":6245,"date":"2018-01-24T15:43:11","date_gmt":"2018-01-24T13:13:11","guid":{"rendered":"http:\/\/www.pr-nord.de\/newsroom\/?p=5946"},"modified":"2020-05-18T15:17:59","modified_gmt":"2020-05-18T13:17:59","slug":"dynamische-verglasung-wird-digital","status":"publish","type":"post","link":"https:\/\/www.pr-neu.de\/newsroom\/dynamische-verglasung-wird-digital\/","title":{"rendered":"Dynamische Verglasung wird digital"},"content":{"rendered":"<p><span style=\"text-decoration: underline;\">EControl: Neues Steuerungskonzept auf der Fensterbau Frontale (Halle 7A, Stand 103)<\/span><\/p>\n<p><strong>Digitalisierung und die M\u00f6glichkeit der Vernetzung elektrochrom dimmbarer Gl\u00e4ser in einer intelligenten Geb\u00e4udesteuerung bis hin zur Integration in das \u201eInternet of Things\u201c (IoT) stellt EControl-Glas in den Fokus seines Auftritts auf der Fensterbau Frontale (Halle 7A, Stand 103). In diesem Zusammenhang pr\u00e4sentiert das Plauener Unternehmen das neu entwickelte Touch-Bedienelement \u201eECmaster\u201c und die zweite Generation der Steuereinheit \u201eECmodul\u201c. Das g\u00e4nzlich neue rechnerbasierte Steuerungskonzept \u201eECconcept\u201c erm\u00f6glicht die Entwicklung und Umsetzung individueller Anforderungsprofile der Nutzer. Durch das hohe Automatisierungspotenzial ist die EControl-L\u00f6sung eine ideale Komponente f\u00fcr adaptive Fassaden. <\/strong><\/p>\n<p>\u00dcber Modbus-Schnittstellen in beiden Bedienmodulen kann das gew\u00e4hlte EControl-Steuerungskonzept in bestehende Geb\u00e4udeleittechniksysteme integriert werden. Die \u00fcberarbeite Scheibensteuerung \u201eECmodul\u201c braucht jetzt deutlich weniger Energie als bisher. Die Eigenleistungsaufnahme wurde von<br \/>\n2 Watt auf 0,2 Watt pro Ansteuerung reduziert.<\/p>\n<p>Das neue Touch-Bedienfeld \u201eECmaster\u201c erlaubt die individuelle Einf\u00e4rbung der Scheiben von Hand oder die Aktivierung der automatischen Lichtsensorsteuerung. Das rechnerbasierte \u201eECconcept\u201c erm\u00f6glicht komplexe und individuell anpassbare Verschattungskonzepte f\u00fcr Glasfassaden und -d\u00e4cher. Zudem bildet es die Grundlage, die Einf\u00e4rbung einzelner Scheiben oder ganzer Fensterreihen via Smartphone oder Tablett festzulegen. Mit ihm ist auch eine Einbindung in Smart-Home-Systeme problemlos m\u00f6glich, zum Beispiel f\u00fcr Winterg\u00e4rten.<\/p>\n<p>Die innenliegende, nanostrukturierte Beschichtung der EControl-Gl\u00e4ser erm\u00f6glicht mittels einer Einf\u00e4rbung eine Reduzierung der Lichttransmission (TV) und des Gesamtenergiedurchlass (g-Wert) auf bis zu jeweils 10 Prozent. Diese Funktion mindert die Blendwirkung und verhindert im Sommer zugleich ein Aufheizen des Raums \u2013 ganz ohne Raffstoren oder Jalousien bleibt der freie Blick nach drau\u00dfen erhalten.<\/p>\n<hr noshade=\"noshade\" size=\"1\" \/>\n<p><a href=\"http:\/\/www.pr-neu.de\/newsroom\/wordpress\/wp-content\/uploads\/2018\/01\/18-01_EControl-Steuerungskonzept_G.jpg\" target=\"_blank\" rel=\"noopener noreferrer\"><img loading=\"lazy\" decoding=\"async\" class=\"aligncenter wp-image-5947 size-medium\" src=\"http:\/\/www.pr-neu.de\/newsroom\/wordpress\/wp-content\/uploads\/2018\/01\/18-01_EControl-Steuerungskonzept_G-300x258.jpg\" alt=\"EControl: Neue Generation des Steuerungskonzepts auf der Fensterbau Frontale (Halle 7A, Stand 103) Dynamische Verglasung wird digital\" width=\"300\" height=\"258\" \/><\/a><\/p>\n<p style=\"text-align: center;\">Das digitale EControl-Steuerungskonzept bietet dem Nutzer alle Freiheiten, den Sonnenschutz nach Bedarf einzustellen.<br \/>\nFoto: EControl-Glas GmbH &amp; Co. KG<\/p>\n<p style=\"text-align: center;\"><a href=\"http:\/\/www.pr-neu.de\/newsroom\/wordpress\/wp-content\/uploads\/2018\/01\/18-01_EControl-Steuerungskonzept_G.jpg\" target=\"_blank\" rel=\"noopener noreferrer\">Bild-Download (300dpi)<\/a><\/p>\n<hr noshade=\"noshade\" size=\"1\" \/>\n<p><strong>R\u00fcckfragen beantwortet gern<\/strong><\/p>\n<p><strong>EControl-Glas<\/strong> GmbH &amp; Co. KG<br \/>\nThomas Groneick<br \/>\nTel.: + 49 0173 \/ 46 76 22 6<br \/>\nE-Mail: <a href=\"&#x6d;&#97;i&#x6c;&#x74;&#111;:&#x76;&#101;r&#x74;&#x72;&#105;e&#x62;&#64;e&#x63;&#x6f;&#110;t&#x72;&#x6f;&#108;&#x2d;&#x67;&#108;a&#x73;&#x2e;&#100;e\">&#118;&#x65;&#114;&#x74;&#114;&#x69;&#101;&#x62;&#64;&#x65;&#99;&#x6f;&#110;&#x74;&#114;&#x6f;&#108;&#x2d;&#103;&#x6c;&#97;&#x73;&#46;&#x64;&#101;<\/a><\/p>\n<p>Abdruck honorarfrei, Belegexemplar erbeten an<\/p>\n","protected":false},"excerpt":{"rendered":"<p>Digitalisierung und die M\u00f6glichkeit der Vernetzung elektrochrom dimmbarer Gl\u00e4ser in einer intelligenten Geb\u00e4udesteuerung bis hin zur Integration in das \u201eInternet of Things\u201c (IoT) stellt EControl-Glas in den Fokus seines Auftritts auf der Fensterbau Frontale (Halle 7A, Stand 103). In diesem Zusammenhang pr\u00e4sentiert das Plauener Unternehmen das neu entwickelte Touch-Bedienelement \u201eECmaster\u201c und die zweite Generation der Steuereinheit \u201eECmodul\u201c. <\/p>\n<tbody>\n<tr>\n<td><!-- AddThis Button BEGIN --><\/p>\n<div class=\"addthis_toolbox addthis_default_style\">\n<div><a class=\"addthis_button_compact\" href=\"http:\/\/www.addthis.com\/bookmark.php?v=250&amp;username=xa-4bcef6844aa77bdd\">Share<\/a><span class=\"addthis_separator\">|<\/span><a class=\"addthis_button_facebook\"><\/a><a class=\"addthis_button_myspace\"><\/a><a class=\"addthis_button_google\"><\/a><a class=\"addthis_button_twitter\"><\/a><\/div>\n<\/div>\n<p><script src=\"http:\/\/s7.addthis.com\/js\/250\/addthis_widget.js#username=xa-4bcef6844aa77bdd\" type=\"text\/javascript\"><\/script><!-- AddThis Button END --><\/td>\n<\/tr>\n<\/tbody>\n<\/table>\n","protected":false},"author":6,"featured_media":0,"comment_status":"closed","ping_status":"open","sticky":false,"template":"","format":"standard","meta":{"footnotes":""},"categories":[25],"tags":[],"class_list":["post-6245","post","type-post","status-publish","format-standard","hentry","category-econtrol"],"_links":{"self":[{"href":"https:\/\/www.pr-neu.de\/newsroom\/wp-json\/wp\/v2\/posts\/6245","targetHints":{"allow":["GET"]}}],"collection":[{"href":"https:\/\/www.pr-neu.de\/newsroom\/wp-json\/wp\/v2\/posts"}],"about":[{"href":"https:\/\/www.pr-neu.de\/newsroom\/wp-json\/wp\/v2\/types\/post"}],"author":[{"embeddable":true,"href":"https:\/\/www.pr-neu.de\/newsroom\/wp-json\/wp\/v2\/users\/6"}],"replies":[{"embeddable":true,"href":"https:\/\/www.pr-neu.de\/newsroom\/wp-json\/wp\/v2\/comments?post=6245"}],"version-history":[{"count":4,"href":"https:\/\/www.pr-neu.de\/newsroom\/wp-json\/wp\/v2\/posts\/6245\/revisions"}],"predecessor-version":[{"id":11532,"href":"https:\/\/www.pr-neu.de\/newsroom\/wp-json\/wp\/v2\/posts\/6245\/revisions\/11532"}],"wp:attachment":[{"href":"https:\/\/www.pr-neu.de\/newsroom\/wp-json\/wp\/v2\/media?parent=6245"}],"wp:term":[{"taxonomy":"category","embeddable":true,"href":"https:\/\/www.pr-neu.de\/newsroom\/wp-json\/wp\/v2\/categories?post=6245"},{"taxonomy":"post_tag","embeddable":true,"href":"https:\/\/www.pr-neu.de\/newsroom\/wp-json\/wp\/v2\/tags?post=6245"}],"curies":[{"name":"wp","href":"https:\/\/api.w.org\/{rel}","templated":true}]}}