{"id":6235,"date":"2017-12-14T12:17:00","date_gmt":"2017-12-14T09:47:00","guid":{"rendered":"http:\/\/www.pr-nord.de\/newsroom\/?p=5809"},"modified":"2020-05-18T15:20:28","modified_gmt":"2020-05-18T13:20:28","slug":"dr-hartmut-wittkopf-pionier-des-elektrochromen-glases-geht-in-ruhestand","status":"publish","type":"post","link":"https:\/\/www.pr-neu.de\/newsroom\/dr-hartmut-wittkopf-pionier-des-elektrochromen-glases-geht-in-ruhestand\/","title":{"rendered":"Dr. Hartmut Wittkopf: Pionier des elektrochromen Glases geht in Ruhestand"},"content":{"rendered":"<p><span style=\"text-decoration: underline;\">EControl-Glas GmbH &amp; Co. KG, Plauen<\/span><\/p>\n<p><strong>Mit dem Jahreswechsel verabschiedet sich Dr. Hartmut Wittkopf, der Gr\u00fcnder und Gesch\u00e4ftsf\u00fchrer von EControl-Glas (Plauen), in den Ruhestand. Ab 2018 \u00fcbernimmt sein Nachfolger Dipl.-Ing. Tobias John die Leitung des europ\u00e4ischen Herstellers dimmbarer Verglasung. Wittkopf bleibt dem Unternehmen als \u201eSenior-Consultant\u201c erhalten. \u201eDer Generationswechsel war lange geplant und mit Tobias John haben wir die Weichen f\u00fcr die Zukunft optimal gestellt\u201c, ist sich Wittkopf sicher. John ist bereits seit 2013 bei EControl-Glas.<\/strong><\/p>\n<p>Zw\u00f6lf Jahre stand Dr. Hartmut Wittkopf an der Spitze von EControl-Glas. 2006 gr\u00fcndete er mit mehreren Privatinvestoren das Plauener Unternehmen. Heute arbeiten f\u00fcr den f\u00fchrenden europ\u00e4ischen Hersteller dimmbarer Verglasungen fast 50 Mitarbeiter. Auch wenn sich Dr. Wittkopf aus der Gesch\u00e4ftsf\u00fchrung zur\u00fcckzieht, der Ruhestand muss noch etwas warten. Als \u201eSenior Consultant\u201c wird EControl weiterhin von seinem Wissen profitieren.<\/p>\n<p><strong>Ein Blick zur\u00fcck<\/strong><\/p>\n<p>Als Hartmut Wittkopf kurz nach der Wiedervereinigung von Jena Richtung Gelsenkirchen fuhr, um dort als Laborleiter bei Pilkington ein neues berufliches T\u00e4tigkeitsfeld aufzunehmen, ahnte er noch nicht, dass elektrochromes Glas sein Fokus f\u00fcr die n\u00e4chsten 28 Jahre werden w\u00fcrde: Er bekam die Aufgabe, eine schaltbare Verglasung zu entwickeln, die nicht nur \u00fcber statische Werte verf\u00fcgt, sondern auch dynamische Eigenschaften vereint. Der erste Durchbruch gelang bereits Mitte der 90er Jahre \u2013 bis zur Marktreife des Produktes war es dann noch ein langer Weg mit vielen H\u00f6hen und Tiefen.<\/p>\n<p><strong>EControl dankt f\u00fcr zw\u00f6lf Jahre an der Spitze<\/strong><\/p>\n<p>Im Rahmen einer Feierstunde dankte Nachfolger Tobias John Dr. Wittkopf daf\u00fcr, dass er mit viel Mut und Leidenschaft seine Ideen in ein tragf\u00e4higes Unternehmen umgesetzt hat. Seitens der Gesellschafter sprach Manfred Dittmar Anerkennung und Dank aus: \u201eOhne Hartmut Wittkopf h\u00e4tte es EControl nicht gegeben.\u201c<\/p>\n<hr \/>\n<p><img loading=\"lazy\" decoding=\"async\" class=\"size-medium wp-image-5833 aligncenter\" src=\"http:\/\/www.pr-neu.de\/newsroom\/wordpress\/wp-content\/uploads\/2017\/12\/17-08_Wittkopf-300x200.jpg\" alt=\"\" width=\"300\" height=\"200\" srcset=\"https:\/\/www.pr-neu.de\/newsroom\/wordpress\/wp-content\/uploads\/2017\/12\/17-08_Wittkopf-300x200.jpg 300w, https:\/\/www.pr-neu.de\/newsroom\/wordpress\/wp-content\/uploads\/2017\/12\/17-08_Wittkopf-768x512.jpg 768w, https:\/\/www.pr-neu.de\/newsroom\/wordpress\/wp-content\/uploads\/2017\/12\/17-08_Wittkopf-1024x683.jpg 1024w, https:\/\/www.pr-neu.de\/newsroom\/wordpress\/wp-content\/uploads\/2017\/12\/17-08_Wittkopf-110x73.jpg 110w, https:\/\/www.pr-neu.de\/newsroom\/wordpress\/wp-content\/uploads\/2017\/12\/17-08_Wittkopf-420x280.jpg 420w, https:\/\/www.pr-neu.de\/newsroom\/wordpress\/wp-content\/uploads\/2017\/12\/17-08_Wittkopf-645x430.jpg 645w\" sizes=\"auto, (max-width: 300px) 100vw, 300px\" \/><\/p>\n<p style=\"text-align: center;\">Dr. Hartmut Wittkopf, der Gr\u00fcnder und Gesch\u00e4ftsf\u00fchrer von EControl-Glas (Plauen), blickt<br \/>\noptimistisch in die Zukunft: \u201eDer Generationswechsel war lange geplant und mit Tobias John haben wir die Weichen f\u00fcr die Zukunft optimal gestellt\u201c.<br \/>\nFoto: EControl-Glas GmbH &amp; Co. KG \/ Fotograf: DIGIWORLD.tv<\/p>\n<p style=\"text-align: center;\"><a href=\"http:\/\/www.pr-neu.de\/newsroom\/wordpress\/wp-content\/uploads\/2017\/12\/17-08_Wittkopf.jpg\" target=\"_blank\" rel=\"noopener noreferrer\">Download (300dpi)<\/a><\/p>\n<p style=\"text-align: center;\"><a href=\"http:\/\/www.pr-neu.de\/newsroom\/wordpress\/wp-content\/uploads\/2017\/12\/17-08_John_Wittkopf_Dittmar_G1.jpg\"><img loading=\"lazy\" decoding=\"async\" class=\"aligncenter size-medium wp-image-5817\" src=\"http:\/\/www.pr-neu.de\/newsroom\/wordpress\/wp-content\/uploads\/2017\/12\/17-08_John_Wittkopf_Dittmar_G1-300x200.jpg\" alt=\"17-08_John_Wittkopf_Dittmar_G\" width=\"300\" height=\"200\" \/><\/a>Tobias John (links) und Manfred Dittmar (rechts) bedanken sich bei Dr. Hartmut Wittkopf (Mitte)<br \/>\nf\u00fcr zw\u00f6lf Jahre Gesch\u00e4ftsf\u00fchrung.<br \/>\nFoto: EControl-Glas GmbH &amp; Co. KG \/ Fotograf: DIGIWORLD.tv<\/p>\n<p style=\"text-align: center;\">\u00a0<a href=\"http:\/\/www.pr-neu.de\/newsroom\/wordpress\/wp-content\/uploads\/2017\/12\/17-08_John_Wittkopf_Dittmar_G1.jpg\" target=\"_blank\" rel=\"noopener noreferrer\">Download (300dpi)<\/a><\/p>\n<hr noshade=\"noshade\" size=\"1\" \/>\n<p>Abdruck honorarfrei, Belegexemplar erbeten<\/p>\n<p><strong>R\u00fcckfragen beantwortet gern<\/strong><\/p>\n<table width=\"532\">\n<tbody>\n<tr>\n<td valign=\"top\" width=\"260\" height=\"25\"><strong>EControl-Glas<\/strong> GmbH &amp; Co. KG<br \/>\nNadine Witt<br \/>\nTel.: +49(0)3741\/14820-116<br \/>\nFax: +49(0)3741\/14820-150<br \/>\nE-Mail: <a href=\"&#x6d;&#x61;&#x69;&#x6c;&#x74;&#x6f;&#x3a;&#x70;&#x72;&#x65;&#x73;&#x73;&#x65;&#x40;&#101;&#99;&#111;&#110;&#116;&#114;&#111;&#108;&#45;&#103;&#108;as&#46;de\">&#x70;&#x72;&#x65;&#x73;&#115;&#101;&#64;ec&#x6f;&#x6e;&#x74;&#x72;&#111;&#108;-gl&#x61;&#x73;&#x2e;&#x64;&#101;<\/a><\/td>\n<td colspan=\"3\" valign=\"top\" width=\"260\" height=\"21\"><\/td>\n<\/tr>\n<\/tbody>\n<\/table>\n","protected":false},"excerpt":{"rendered":"<p>Mit dem Jahreswechsel verabschiedet sich Dr. Hartmut Wittkopf, der Gr\u00fcnder und Gesch\u00e4ftsf\u00fchrer von EControl-Glas (Plauen), in den Ruhestand. Ab 2018 \u00fcbernimmt sein Nachfolger Dipl.-Ing. Tobias John die Leitung des europ\u00e4ischen Herstellers dimmbarer Verglasung. Wittkopf bleibt dem Unternehmen als \u201eSenior-Consultant\u201c erhalten. \u201eDer Generationswechsel war lange geplant und mit Tobias John haben wir die Weichen f\u00fcr die Zukunft optimal gestellt\u201c, ist sich Wittkopf sicher.<\/p>\n<tbody>\n<tr>\n<td><!-- AddThis Button BEGIN --><\/p>\n<div class=\"addthis_toolbox addthis_default_style\">\n<div><a class=\"addthis_button_compact\" href=\"http:\/\/www.addthis.com\/bookmark.php?v=250&amp;username=xa-4bcef6844aa77bdd\">Share<\/a><span class=\"addthis_separator\">|<\/span><a class=\"addthis_button_facebook\"><\/a><a class=\"addthis_button_myspace\"><\/a><a class=\"addthis_button_google\"><\/a><a class=\"addthis_button_twitter\"><\/a><\/div>\n<\/div>\n<p><script src=\"http:\/\/s7.addthis.com\/js\/250\/addthis_widget.js#username=xa-4bcef6844aa77bdd\" type=\"text\/javascript\"><\/script><!-- AddThis Button END --><\/td>\n<\/tr>\n<\/tbody>\n<\/table>\n","protected":false},"author":6,"featured_media":5833,"comment_status":"closed","ping_status":"open","sticky":false,"template":"","format":"standard","meta":{"footnotes":""},"categories":[25],"tags":[],"class_list":["post-6235","post","type-post","status-publish","format-standard","has-post-thumbnail","hentry","category-econtrol"],"_links":{"self":[{"href":"https:\/\/www.pr-neu.de\/newsroom\/wp-json\/wp\/v2\/posts\/6235","targetHints":{"allow":["GET"]}}],"collection":[{"href":"https:\/\/www.pr-neu.de\/newsroom\/wp-json\/wp\/v2\/posts"}],"about":[{"href":"https:\/\/www.pr-neu.de\/newsroom\/wp-json\/wp\/v2\/types\/post"}],"author":[{"embeddable":true,"href":"https:\/\/www.pr-neu.de\/newsroom\/wp-json\/wp\/v2\/users\/6"}],"replies":[{"embeddable":true,"href":"https:\/\/www.pr-neu.de\/newsroom\/wp-json\/wp\/v2\/comments?post=6235"}],"version-history":[{"count":5,"href":"https:\/\/www.pr-neu.de\/newsroom\/wp-json\/wp\/v2\/posts\/6235\/revisions"}],"predecessor-version":[{"id":11533,"href":"https:\/\/www.pr-neu.de\/newsroom\/wp-json\/wp\/v2\/posts\/6235\/revisions\/11533"}],"wp:featuredmedia":[{"embeddable":true,"href":"https:\/\/www.pr-neu.de\/newsroom\/wp-json\/wp\/v2\/media\/5833"}],"wp:attachment":[{"href":"https:\/\/www.pr-neu.de\/newsroom\/wp-json\/wp\/v2\/media?parent=6235"}],"wp:term":[{"taxonomy":"category","embeddable":true,"href":"https:\/\/www.pr-neu.de\/newsroom\/wp-json\/wp\/v2\/categories?post=6235"},{"taxonomy":"post_tag","embeddable":true,"href":"https:\/\/www.pr-neu.de\/newsroom\/wp-json\/wp\/v2\/tags?post=6235"}],"curies":[{"name":"wp","href":"https:\/\/api.w.org\/{rel}","templated":true}]}}