{"id":6231,"date":"2017-12-05T16:59:14","date_gmt":"2017-12-05T15:59:14","guid":{"rendered":"http:\/\/www.pr-nord.de\/newsroom\/?p=5799"},"modified":"2020-05-26T10:41:18","modified_gmt":"2020-05-26T08:41:18","slug":"industrie-charme-fuer-die-feuerwehr","status":"publish","type":"post","link":"https:\/\/www.pr-neu.de\/newsroom\/industrie-charme-fuer-die-feuerwehr\/","title":{"rendered":"Industrie-Charme f\u00fcr die Feuerwehr"},"content":{"rendered":"<p><span style=\"text-decoration: underline;\">Freiwillige Feuerwehr Unterbiberg: Neue Holzfassade mit Patina-Lasur<\/span><\/p>\n<p><strong>Eine Holzfassade in silber-grauer Metallic-Optik \u2013 das war die Vision des Architekten f\u00fcr das neue Ger\u00e4tehaus der Freiwilligen Feuerwehr Unterbiberg, Bayern. Mit Tannenlatten und der Patina-Lasur (S\u00fcdwest, B\u00f6hl-Iggelheim) setzte der ausf\u00fchrende Betrieb Mack Holzbau diesen Wunsch um. Das Ergebnis: eine edle, metallisch gl\u00e4nzende und zugleich wetterfeste Fassade, die dem Geb\u00e4ude einen modernen Industriecharme verleiht.<\/strong><\/p>\n<p>Kreativ gestaltete Fassaden liegen im Trend. Eine ausdrucksstarke Geb\u00e4udeh\u00fclle sollte es auch f\u00fcr das neue Ger\u00e4tehaus der Freiwilligen Feuerwehr Unterbiberg sein: Holz als regionaler Baustoff in der \u00c4sthetik des modernen Industriebaus. Daf\u00fcr w\u00e4hlte Handwerksmeister Karl-J\u00fcrgen Mack s\u00e4geraue Tannenlatten und die Patina-Lasur von S\u00fcdwest im Farbton \u201eTitan\u201c. Daf\u00fcr sprachen auch die hohen Anforderungen an die Beschichtung: \u201eNeben der Optik waren Witterungsbest\u00e4ndigkeit und Langlebigkeit gefordert. Dieses Profil erf\u00fcllt die Patina-Lasur exzellent\u201c, berichtet Mack.<\/p>\n<p><strong>Edel und nachhaltig<\/strong><\/p>\n<p>Der Effekt der Patina-Lasur beruht auf hochwertigen, reflektierenden Perlglanz-Pigmenten. Sie imitieren die nat\u00fcrliche Verwitterung des Holzes und geben der Fassade so einen gleichm\u00e4\u00dfigen Altholz-Charakter \u2013 im Gegensatz zur nat\u00fcrlichen Verwitterung, bei der UV-Strahlung auf unbeschichteten H\u00f6lzern meist zu unregelm\u00e4\u00dfigen, fleckigen Oberfl\u00e4chen f\u00fchrt. Neben der attraktiven Optik sch\u00fctzt die D\u00fcnnschicht-Lasur gerade vor den UV-Strahlen und der Witterung. Gegen Algen- und Pilzbefall beugt zudem der integrierte Filmschutz vor. Da die offenporige Lasur nur geringe Filmschichtst\u00e4rken ausbildet, wittert sie gleichm\u00e4\u00dfig ab, ohne abzuplatzen. Somit erf\u00fcllt sie sowohl die \u00e4sthetischen als auch die funktionalen Anspr\u00fcche an die neue Fassadenverkleidung.<\/p>\n<p><strong>Ansatzfrei verarbeitet<\/strong><\/p>\n<p>Auf den 1.600 Quadratmetern Latten wurden schnell und m\u00fchelos 1.400 Liter Lasur aufgebracht \u2013 im ersten Schritt gestrichen, im zweiten gespritzt. Nach der dreiw\u00f6chigen Montage wurden schlie\u00dflich noch die rund 60.000 Schrauben \u00fcberstrichen. Auch dabei punktete die Patina-Lasur mit ihren Verarbeitungseigenschaften: Es zeigen sich keine Ans\u00e4tze oder Farbunterschiede.<\/p>\n<hr noshade=\"noshade\" size=\"1\" \/>\n<p><strong>Zwei Fragen an Verarbeiter Karl-J\u00fcrgen Mack<\/strong><\/p>\n<p><a href=\"http:\/\/www.pr-neu.de\/newsroom\/wordpress\/wp-content\/uploads\/2017\/12\/17-14_OB-Feuerwehr-Unterbiberg_04_G.jpg\"><img loading=\"lazy\" decoding=\"async\" class=\"aligncenter size-medium wp-image-5800\" src=\"http:\/\/www.pr-neu.de\/newsroom\/wordpress\/wp-content\/uploads\/2017\/12\/17-14_OB-Feuerwehr-Unterbiberg_04_G-300x200.jpg\" alt=\"17-14_OB-Feuerwehr-Unterbiberg_04_G\" width=\"300\" height=\"200\" \/><\/a><\/p>\n<p><em>Herr Mack, welche Erfahrungen haben Sie mit der Patina-Lasur von S\u00fcdwest gemacht?<\/em><\/p>\n<p><strong>Mack<\/strong>: Mit der Patina-Lasur konnten wir die Vorstellung des Ar\u00adchitekten optimal umsetzen. Zus\u00e4tzlich haben uns die Witterungsbest\u00e4ndigkeit und Langlebigkeit sowie die einfache Verarbeitung \u00fcberzeugt.<\/p>\n<p><em>Wie haben Sie das Produkt verarbeitet?<\/em><\/p>\n<p><strong>Mack<\/strong>: Da die Tannenlatten nicht impr\u00e4gniert waren, haben wir sie zun\u00e4chst gestrichen und in einem zweiten Schritt gespritzt. Als optimal werte ich auch die Logistik: \u00fcber unseren Gro\u00dfh\u00e4ndler war die ben\u00f6tigte Lasur innerhalb eines Tages bei uns.<\/p>\n<hr noshade=\"noshade\" size=\"1\" \/>\n<p><strong>Patina Lasur: Differenziert gestalten in sechs Farbt\u00f6nen<\/strong><\/p>\n<p>Silber, Smaragd, Kupfer, Titan, Gold und Treibholz \u2013 mit sechs attraktiven Farbt\u00f6nen bietet die \u201ePatina-Lasur\u201c eine breite Auswahl f\u00fcr die differenzierte, kreative Gestaltung von Holz\u00adfassaden. Maler, die ihren Kunden die Farbton-Wahl erleichtern wollen, k\u00f6nnen dazu den gro\u00dfformatigen S\u00fcdwest-Farbf\u00e4cher \u201eLasuren Farbt\u00f6ne\u201c mit Echtholzmustern beziehen.<\/p>\n<hr noshade=\"noshade\" size=\"1\" \/>\n<p><a href=\"http:\/\/www.pr-neu.de\/newsroom\/wordpress\/wp-content\/uploads\/2017\/12\/17-14_OB-Feuerwehr-Unterbiberg_01_G.jpg\"><img loading=\"lazy\" decoding=\"async\" class=\"aligncenter size-medium wp-image-5801\" src=\"http:\/\/www.pr-neu.de\/newsroom\/wordpress\/wp-content\/uploads\/2017\/12\/17-14_OB-Feuerwehr-Unterbiberg_01_G-222x300.jpg\" alt=\"Tafel_03_04_4300x1400_DickschutzHolzschutz_PROD.indd\" width=\"222\" height=\"300\" \/><\/a><\/p>\n<p style=\"text-align: center;\">Modern und charakterstark: Die neue Fassade verleiht dem Ger\u00e4tehaus einen industriellen Charme.<br \/>\nBild: S\u00fcdwest<\/p>\n<p>&nbsp;<\/p>\n<p>&nbsp;<\/p>\n<p style=\"text-align: center;\">Die Patina-Lasur von S\u00fcdwest sch\u00fctzt das Holz und erzielt durch seine Spezial-Pigmentierung eine Altholz-Optik.<br \/>\nBild: S\u00fcdwest<\/p>\n<p><a href=\"http:\/\/www.pr-neu.de\/newsroom\/wordpress\/wp-content\/uploads\/2017\/12\/17-14_OB-Feuerwehr-Unterbiberg_02_G-1.jpg\"><img loading=\"lazy\" decoding=\"async\" class=\"aligncenter size-medium wp-image-12185\" src=\"http:\/\/www.pr-neu.de\/newsroom\/wordpress\/wp-content\/uploads\/2017\/12\/17-14_OB-Feuerwehr-Unterbiberg_02_G-1-200x300.jpg\" alt=\"\" width=\"200\" height=\"300\" srcset=\"https:\/\/www.pr-neu.de\/newsroom\/wordpress\/wp-content\/uploads\/2017\/12\/17-14_OB-Feuerwehr-Unterbiberg_02_G-1-200x300.jpg 200w, https:\/\/www.pr-neu.de\/newsroom\/wordpress\/wp-content\/uploads\/2017\/12\/17-14_OB-Feuerwehr-Unterbiberg_02_G-1-682x1024.jpg 682w, https:\/\/www.pr-neu.de\/newsroom\/wordpress\/wp-content\/uploads\/2017\/12\/17-14_OB-Feuerwehr-Unterbiberg_02_G-1-768x1154.jpg 768w, https:\/\/www.pr-neu.de\/newsroom\/wordpress\/wp-content\/uploads\/2017\/12\/17-14_OB-Feuerwehr-Unterbiberg_02_G-1-1023x1536.jpg 1023w, https:\/\/www.pr-neu.de\/newsroom\/wordpress\/wp-content\/uploads\/2017\/12\/17-14_OB-Feuerwehr-Unterbiberg_02_G-1-73x110.jpg 73w, https:\/\/www.pr-neu.de\/newsroom\/wordpress\/wp-content\/uploads\/2017\/12\/17-14_OB-Feuerwehr-Unterbiberg_02_G-1-280x420.jpg 280w, https:\/\/www.pr-neu.de\/newsroom\/wordpress\/wp-content\/uploads\/2017\/12\/17-14_OB-Feuerwehr-Unterbiberg_02_G-1-286x430.jpg 286w, https:\/\/www.pr-neu.de\/newsroom\/wordpress\/wp-content\/uploads\/2017\/12\/17-14_OB-Feuerwehr-Unterbiberg_02_G-1.jpg 1195w\" sizes=\"auto, (max-width: 200px) 100vw, 200px\" \/><\/a><\/p>\n<p>&nbsp;<\/p>\n<p style=\"text-align: center;\">60.000 Schrauben wurden bei der Montage verwendet und anschlie\u00dfend \u00fcberstrichen \u2013 ohne Ansatzbildung.<br \/>\nBild: S\u00fcdwest<\/p>\n<hr noshade=\"noshade\" size=\"1\" \/>\n<p><strong>S\u00fcdwest<\/strong> entwickelt und produziert seit mehr als 90 Jahren Lacke und Farben f\u00fcr die unterschiedlichsten Anwendungen. Erg\u00e4nzt werden die Kernsortimente noch um ein malerfreundliches W\u00e4rme\u00add\u00e4mmverbundsystem und Putze. Sie stehen f\u00fcr Top Qualit\u00e4t, hohe Funktionalit\u00e4t, zeitgem\u00e4\u00dfe Wirtschaftlichkeit und zukunftsweisende Umweltvertr\u00e4glichkeit. Im Mittelpunkt stehen dabei die speziellen Bed\u00fcrfnissen und Anforderungen des professionellen Verarbeiters: Die N\u00e4he zum Handwerk charakterisiert das Selbstverst\u00e4ndnis des Mittelst\u00e4ndlers. Dazu z\u00e4hlt Kundenn\u00e4he mit einer \u201eGeht-nicht-gibt\u2019s-nicht-Mentalit\u00e4t\u201c. S\u00dcDWEST Produkte sind die Summe aus jahrzehntelanger Erfahrung, fundiertem Know-How und hoher an den Marktbed\u00fcrfnissen orientierter Innovationskraft. Gemeinsam mit den Partnern im Handel sorgt S\u00fcdwest f\u00fcr einen stets funktionierenden 24-Stunden-Lieferservice und bietet zus\u00e4tzliche Services \u2013 beispiels\u00adweise Technische Beratung, Design-Studio und Abt\u00f6nservice.<\/p>\n<hr noshade=\"noshade\" size=\"1\" \/>\n<p>Abdruck honorarfrei, Belegexemplar erbeten<\/p>\n","protected":false},"excerpt":{"rendered":"<p>Freiwillige Feuerwehr Unterbiberg: Neue Holzfassade mit Patina-Lasur Eine Holzfassade in silber-grauer Metallic-Optik \u2013 das war die Vision des Architekten f\u00fcr das neue Ger\u00e4tehaus der Freiwilligen Feuerwehr Unterbiberg, Bayern. Mit Tannenlatten und der Patina-Lasur (S\u00fcdwest, B\u00f6hl-Iggelheim) setzte der ausf\u00fchrende Betrieb Mack Holzbau diesen Wunsch um. Das Ergebnis: eine edle, metallisch gl\u00e4nzende und zugleich wetterfeste Fassade, die [&hellip;]<\/p>\n","protected":false},"author":6,"featured_media":5829,"comment_status":"closed","ping_status":"open","sticky":false,"template":"","format":"standard","meta":{"footnotes":""},"categories":[17],"tags":[],"class_list":["post-6231","post","type-post","status-publish","format-standard","has-post-thumbnail","hentry","category-sudwest"],"_links":{"self":[{"href":"https:\/\/www.pr-neu.de\/newsroom\/wp-json\/wp\/v2\/posts\/6231","targetHints":{"allow":["GET"]}}],"collection":[{"href":"https:\/\/www.pr-neu.de\/newsroom\/wp-json\/wp\/v2\/posts"}],"about":[{"href":"https:\/\/www.pr-neu.de\/newsroom\/wp-json\/wp\/v2\/types\/post"}],"author":[{"embeddable":true,"href":"https:\/\/www.pr-neu.de\/newsroom\/wp-json\/wp\/v2\/users\/6"}],"replies":[{"embeddable":true,"href":"https:\/\/www.pr-neu.de\/newsroom\/wp-json\/wp\/v2\/comments?post=6231"}],"version-history":[{"count":9,"href":"https:\/\/www.pr-neu.de\/newsroom\/wp-json\/wp\/v2\/posts\/6231\/revisions"}],"predecessor-version":[{"id":12188,"href":"https:\/\/www.pr-neu.de\/newsroom\/wp-json\/wp\/v2\/posts\/6231\/revisions\/12188"}],"wp:featuredmedia":[{"embeddable":true,"href":"https:\/\/www.pr-neu.de\/newsroom\/wp-json\/wp\/v2\/media\/5829"}],"wp:attachment":[{"href":"https:\/\/www.pr-neu.de\/newsroom\/wp-json\/wp\/v2\/media?parent=6231"}],"wp:term":[{"taxonomy":"category","embeddable":true,"href":"https:\/\/www.pr-neu.de\/newsroom\/wp-json\/wp\/v2\/categories?post=6231"},{"taxonomy":"post_tag","embeddable":true,"href":"https:\/\/www.pr-neu.de\/newsroom\/wp-json\/wp\/v2\/tags?post=6231"}],"curies":[{"name":"wp","href":"https:\/\/api.w.org\/{rel}","templated":true}]}}