{"id":6217,"date":"2017-11-23T10:27:17","date_gmt":"2017-11-23T07:57:17","guid":{"rendered":"http:\/\/www.pr-nord.de\/newsroom\/?p=5724"},"modified":"2020-05-19T13:09:25","modified_gmt":"2020-05-19T11:09:25","slug":"sto-baut-neues-verkaufscenter","status":"publish","type":"post","link":"https:\/\/www.pr-neu.de\/newsroom\/sto-baut-neues-verkaufscenter\/","title":{"rendered":"Sto baut neues VerkaufsCenter"},"content":{"rendered":"<p><span style=\"text-decoration: underline;\">Spatenstich in Kriftel<\/span><\/p>\n<p><strong>\u201eBewusst bauen\u201c lautet das Leitmotiv der Sto SE &amp; Co. KGaA. Dieser Anspruch gilt erst recht, wenn der Hersteller von Produkten und Systemen f\u00fcr Geb\u00e4udebeschichtungen selbst als Bauherr auftritt. In Kriftel erfolgte jetzt am 21. November der Spatenstich f\u00fcr eine neue Lagerhalle mit angeschlossenem Verwaltungsbau im Standard eines KfW55-Effizienzhauses.<\/strong><\/p>\n<p>Vor 15 Jahren \u00fcbernahm Sto die traditionsreiche ispo GmbH in Kriftel. Die Unternehmen haben gemeinsame Wurzeln: Beide starteten ihr Gesch\u00e4ft in den 1950er Jahren als Lizenznehmer f\u00fcr einen damals noch v\u00f6llig neuartigen Wandbelag \u2013 den Dispersionsputz. Nach Jahrzehnten als Mitbewerber schloss sich im Jahr 2002 mit dem Kauf von ispo der Kreis. Seither befindet sich in der Gutenbergstra\u00dfe in Kriftel der zweitgr\u00f6\u00dfte Produktions-, Forschungs-, Verwaltungs- und vor allem Logistik-Standort des s\u00fcdbadischen Unternehmens Sto mit den pr\u00e4gnanten, leuchtend-gelben Eimern. Au\u00dferdem hat eine Tochtergesellschaft von Sto ihren Hauptsitz auf dem Werksgel\u00e4nde, die auf Betoninstandsetzung und Bodenbeschichtung spezialisierte StoCretec GmbH. Mit dem Neubau wird der Standort weiter gest\u00e4rkt und auf lange Zeit gesichert.<\/p>\n<p><strong>Der Neubau<\/strong><\/p>\n<p>In unmittelbarer N\u00e4he zum bestehenden Sto-Werksgel\u00e4nde entstehen nun ein neues VerkaufsCenter und zus\u00e4tzliche Lagerfl\u00e4chen mit einer Gesamtfl\u00e4che von knapp 2.600 Quadratmetern. Mit den Erdarbeiten wurde bereits begonnen. Nach etwa 13 Monaten Bauzeit soll bis Jahresende 2018 das Geb\u00e4ude im Standard eines KfW-Effizienzhauses 55 bezugsfertig sein. Ein ausgekl\u00fcgeltes Energiekonzept mit Gasbrennwertkessel mit zentraler Warmwasseraufbereitung, Photovoltaik zur Stromerzeugung und L\u00fcftungsanlage tr\u00e4gt dem Nachhaltigkeitsgedanken Rechnung, der seit vielen Jahren im Sto-Unternehmensleitbild verankert ist.<\/p>\n<p>Die f\u00fcr den Neubau notwendige Erschlie\u00dfung des Industriegebiets wird den Namen \u201eIspo-Stra\u00dfe\u201c erhalten. Die Gemeinde Kriftel zollt damit der lange Zeit das Gewerbegebiet pr\u00e4genden Firma Tribut und erinnert zugleich an die gemeinsame Geschichte der Idealen Soliden PutzOberfl\u00e4che (ISPO), die ganz am Anfang der Sto-Gruppe stand, die heute mit \u00fcber 5.300 Mitarbeitern in 48 Unternehmen in 36 L\u00e4ndern pr\u00e4sent ist. In dem nun neu entstehenden VerkaufsCenter in Kriftel werden 14 Arbeitspl\u00e4tze untergebracht sein.<\/p>\n<p>&nbsp;<\/p>\n<hr \/>\n<p>&nbsp;<\/p>\n<p><strong><span style=\"text-decoration: underline;\">Factsheet<\/span><\/strong><\/p>\n<p>&nbsp;<\/p>\n<p><strong>Projekt:<\/strong> <strong>Neubau VC Kriftel (VerkaufsCenter der Sto SE &amp; Co. KGaA in Kriftel)<\/strong><\/p>\n<table width=\"574\">\n<tbody>\n<tr>\n<td width=\"231\"><strong>Bauherr\/ Standort<\/strong><\/td>\n<td width=\"343\">Sto SE &amp; Co. KGaA<br \/>\nIspo-Stra\u00dfe (Hausnummer noch nicht vergeben)<br \/>\n65830 Kriftel<\/td>\n<\/tr>\n<tr>\n<td width=\"231\"><strong>Hauptsitz<\/strong><\/td>\n<td width=\"343\">Ehrenbachstr. 1, 79789 St\u00fchlingen<br \/>\nwww.sto.de<\/td>\n<\/tr>\n<tr>\n<td width=\"231\"><strong>Entwurfsplanung<\/strong><\/td>\n<td width=\"343\">Sto SE &amp; Co. KGaA, St\u00fchlingen, Abt. Standortplanung und -entwicklung<\/td>\n<\/tr>\n<tr>\n<td width=\"231\"><strong>Generalplanung und Bauleitung<\/strong><\/td>\n<td width=\"343\">Burkhardt Architekturb\u00fcro, Markgr\u00f6ningen<\/td>\n<\/tr>\n<tr>\n<td width=\"231\"><strong>Subplaner Haustechnik<\/strong><\/td>\n<td width=\"343\">Ingenieurgesellschaft f\u00fcr Technische<br \/>\nAusr\u00fcstung mbH, IGP, Pforzheim<\/td>\n<\/tr>\n<tr>\n<td width=\"231\"><strong>Subplaner Statik<\/strong><\/td>\n<td width=\"343\">Gr\u00f6zinger B\u00fcro f\u00fcr Baustatik, Eberdingen<\/td>\n<\/tr>\n<tr>\n<td width=\"231\"><strong>GU<\/strong><\/td>\n<td width=\"343\">Br\u00f6mer &amp; Sohn GmbH Bauunternehmen, Wiesbaden<\/td>\n<\/tr>\n<tr>\n<td width=\"231\"><strong>Bauzeit (geplant)<\/strong><\/td>\n<td width=\"343\">November 2017 bis Dezember 2018<\/td>\n<\/tr>\n<tr>\n<td width=\"231\"><strong>Er\u00f6ffnung (gepl.)<\/strong><\/td>\n<td width=\"343\">Januar 2019<\/td>\n<\/tr>\n<tr>\n<td width=\"231\"><strong>Geb\u00e4udedaten<\/strong><\/td>\n<td width=\"343\">Brutto-Geschossfl\u00e4che (BGF) ca. 2.595 m<sup>2<br \/>\n<\/sup>Netto-Geschossfl\u00e4che (NUF) ca. 2.370 m<sup>2<br \/>\n<\/sup>Brutto-Rauminhalt (BRI) ca. 18.670 m<sup>3<br \/>\n<\/sup>L\u00fcftung ca. 3.000 m<sup>3<\/sup>\/h<br \/>\nPhotovoltaik-Leistung Dachanlage ca. 45.000 kWh\/a<\/td>\n<\/tr>\n<tr>\n<td width=\"231\"><strong>Energiekonzept<\/strong><\/td>\n<td width=\"343\">Gasbrennwertkessel mit zentraler Warmwasseraufbereitung<br \/>\nStromerzeugung durch Photovoltaik-Module mit einer Gesamtleistung von ca. 70 kWp<br \/>\nL\u00fcftung Sozial- und Besprechungsr\u00e4ume<\/td>\n<\/tr>\n<tr>\n<td width=\"231\"><strong>Besonderheit<\/strong><\/td>\n<td width=\"343\">H\u00fclle und Energiekonzept gem\u00e4\u00df KfW55 f\u00f6rderf\u00e4hig<\/td>\n<\/tr>\n<\/tbody>\n<\/table>\n<p>&nbsp;<\/p>\n<p><strong>Eingesetzte Sto-Produkte:<\/strong><\/p>\n<table width=\"574\">\n<tbody>\n<tr>\n<td width=\"231\"><strong>Fassade<\/strong><\/td>\n<td width=\"343\">W\u00e4rmed\u00e4mm-Verbundsystem, Fassadenputz und spezielle Fassadenfarbe mit bionischem Wirkprinzip (StoColor Dryonic)<\/td>\n<\/tr>\n<tr>\n<td width=\"231\"><strong>Innenr\u00e4ume<\/strong><\/td>\n<td width=\"343\">Akustikdeckensysteme und Akustikdeckensegel mit speziellen Akustikbeschichtungen<br \/>\nInnenfarben<\/td>\n<\/tr>\n<tr>\n<td width=\"231\"><strong>Fliesen<\/strong><\/td>\n<td width=\"343\">Str\u00f6her + Gepadi (Sto-Tochtergesellschaft)<\/td>\n<\/tr>\n<tr>\n<td width=\"231\"><strong>Natursteine<\/strong><\/td>\n<td width=\"343\">Verostone (Sto-Tochtergesellschaft)<\/td>\n<\/tr>\n<\/tbody>\n<\/table>\n<p>&nbsp;<\/p>\n<hr \/>\n<p>&nbsp;<\/p>\n<p style=\"text-align: center;\"><a href=\"http:\/\/www.pr-neu.de\/newsroom\/wordpress\/wp-content\/uploads\/2017\/11\/17-66_SpatenstichKriftel_G.jpg\" target=\"_blank\" rel=\"noopener noreferrer\"><img loading=\"lazy\" decoding=\"async\" class=\"alignnone size-medium wp-image-5728\" src=\"http:\/\/www.pr-neu.de\/newsroom\/wordpress\/wp-content\/uploads\/2017\/11\/17-66_SpatenstichKriftel_G-300x200.jpg\" alt=\"17-66-SpatenstichKriftel\" width=\"300\" height=\"200\" srcset=\"https:\/\/www.pr-neu.de\/newsroom\/wordpress\/wp-content\/uploads\/2017\/11\/17-66_SpatenstichKriftel_G-300x200.jpg 300w, https:\/\/www.pr-neu.de\/newsroom\/wordpress\/wp-content\/uploads\/2017\/11\/17-66_SpatenstichKriftel_G-768x512.jpg 768w, https:\/\/www.pr-neu.de\/newsroom\/wordpress\/wp-content\/uploads\/2017\/11\/17-66_SpatenstichKriftel_G-1024x683.jpg 1024w, https:\/\/www.pr-neu.de\/newsroom\/wordpress\/wp-content\/uploads\/2017\/11\/17-66_SpatenstichKriftel_G-110x73.jpg 110w, https:\/\/www.pr-neu.de\/newsroom\/wordpress\/wp-content\/uploads\/2017\/11\/17-66_SpatenstichKriftel_G-420x280.jpg 420w, https:\/\/www.pr-neu.de\/newsroom\/wordpress\/wp-content\/uploads\/2017\/11\/17-66_SpatenstichKriftel_G-645x430.jpg 645w, https:\/\/www.pr-neu.de\/newsroom\/wordpress\/wp-content\/uploads\/2017\/11\/17-66_SpatenstichKriftel_G.jpg 1795w\" sizes=\"auto, (max-width: 300px) 100vw, 300px\" \/><\/a><\/p>\n<p style=\"text-align: center;\">Der Spatenstich zum Bau des neuen Sto-VerkaufsCenters in Kriftel erfolgte durch (von links) Axel Wulf, Leiter Vertriebsregion Rhein-Main Sto; Roland Thiemt, Regionalleiter Logistik Sto; Franz Jirasek, Erster Beigeordneter der Gemeinde Kriftel; Christian Seitz, B\u00fcrgermeister der Gemeinde Kriftel; J\u00fcrgen Burkhardt, Generalplanung und Bauleitung; Ulrich Gisy, Leiter Standortplanung Sto; J\u00f6rg Br\u00f6mer, Generalunternehmer.<br \/>\nBild: Axel Stephan \/ Sto SE &amp; Co. KGaA<\/p>\n<p style=\"text-align: center;\"><a href=\"http:\/\/www.pr-neu.de\/newsroom\/wordpress\/wp-content\/uploads\/2017\/11\/17-66_SpatenstichKriftel_G.jpg\">Download (300dpi)<\/a><\/p>\n<p>&nbsp;<\/p>\n<p style=\"text-align: center;\"><a href=\"http:\/\/www.pr-neu.de\/newsroom\/wordpress\/wp-content\/uploads\/2017\/11\/17-66_Ispo-Str_G.jpg\" target=\"_blank\" rel=\"noopener noreferrer\"><img loading=\"lazy\" decoding=\"async\" class=\"alignnone size-medium wp-image-5727\" src=\"http:\/\/www.pr-neu.de\/newsroom\/wordpress\/wp-content\/uploads\/2017\/11\/17-66_Ispo-Str_G-300x200.jpg\" alt=\"17-66-Ispo-Str\" width=\"300\" height=\"200\" \/><\/a><\/p>\n<p style=\"text-align: center;\">Ispo-Stra\u00dfe \u2013 diesen geschichtstr\u00e4chtigen Namen bekommt die neue Stra\u00dfe. Das Schild pr\u00e4sentieren von links: Ulrich Gisy, Leiter Standortplanung Sto; Franz Jirasek, Erster Beigeordneter der Gemeinde Kriftel; Christian Seitz, B\u00fcrgermeister der Gemeinde Kriftel; Axel Wulf, Leiter Vertriebsregion Rhein-Main Sto.<br \/>\nBild: Axel Stephan \/ Sto SE &amp; Co. KGaA<\/p>\n<p style=\"text-align: center;\"><a href=\"http:\/\/www.pr-neu.de\/newsroom\/wordpress\/wp-content\/uploads\/2017\/11\/17-66_Ispo-Str_G.jpg\">Download (300dpi)<\/a><\/p>\n<p>&nbsp;<\/p>\n<hr \/>\n<p>&nbsp;<\/p>\n<p>Abdruck honorarfrei, Belegexemplar erbeten<\/p>\n","protected":false},"excerpt":{"rendered":"<p>\u201eBewusst bauen\u201c lautet das Leitmotiv der Sto SE &#038; Co. KGaA. Dieser Anspruch gilt erst recht, wenn der Hersteller von Produkten und Systemen f\u00fcr Geb\u00e4udebeschichtungen selbst als Bauherr auftritt. In Kriftel erfolgte jetzt am 21. November der Spatenstich f\u00fcr eine neue Lagerhalle mit angeschlossenem Verwaltungsbau im Standard eines KfW55-Effizienzhauses.<\/p>\n<tbody>\n<tr>\n<td><!-- AddThis Button BEGIN --><\/p>\n<div class=\"addthis_toolbox addthis_default_style\">\n<div><a class=\"addthis_button_compact\" href=\"http:\/\/www.addthis.com\/bookmark.php?v=250&amp;username=xa-4bcef6844aa77bdd\">Share<\/a><span class=\"addthis_separator\">|<\/span><a class=\"addthis_button_facebook\"><\/a><a class=\"addthis_button_myspace\"><\/a><a class=\"addthis_button_google\"><\/a><a class=\"addthis_button_twitter\"><\/a><\/div>\n<\/div>\n<p><script src=\"http:\/\/s7.addthis.com\/js\/250\/addthis_widget.js#username=xa-4bcef6844aa77bdd\" type=\"text\/javascript\"><\/script><!-- AddThis Button END --><\/td>\n<\/tr>\n<\/tbody>\n<\/table>\n","protected":false},"author":6,"featured_media":5815,"comment_status":"closed","ping_status":"open","sticky":false,"template":"","format":"standard","meta":{"footnotes":""},"categories":[3,15],"tags":[],"class_list":["post-6217","post","type-post","status-publish","format-standard","has-post-thumbnail","hentry","category-kundenmeldungen","category-sto"],"_links":{"self":[{"href":"https:\/\/www.pr-neu.de\/newsroom\/wp-json\/wp\/v2\/posts\/6217","targetHints":{"allow":["GET"]}}],"collection":[{"href":"https:\/\/www.pr-neu.de\/newsroom\/wp-json\/wp\/v2\/posts"}],"about":[{"href":"https:\/\/www.pr-neu.de\/newsroom\/wp-json\/wp\/v2\/types\/post"}],"author":[{"embeddable":true,"href":"https:\/\/www.pr-neu.de\/newsroom\/wp-json\/wp\/v2\/users\/6"}],"replies":[{"embeddable":true,"href":"https:\/\/www.pr-neu.de\/newsroom\/wp-json\/wp\/v2\/comments?post=6217"}],"version-history":[{"count":3,"href":"https:\/\/www.pr-neu.de\/newsroom\/wp-json\/wp\/v2\/posts\/6217\/revisions"}],"predecessor-version":[{"id":11864,"href":"https:\/\/www.pr-neu.de\/newsroom\/wp-json\/wp\/v2\/posts\/6217\/revisions\/11864"}],"wp:featuredmedia":[{"embeddable":true,"href":"https:\/\/www.pr-neu.de\/newsroom\/wp-json\/wp\/v2\/media\/5815"}],"wp:attachment":[{"href":"https:\/\/www.pr-neu.de\/newsroom\/wp-json\/wp\/v2\/media?parent=6217"}],"wp:term":[{"taxonomy":"category","embeddable":true,"href":"https:\/\/www.pr-neu.de\/newsroom\/wp-json\/wp\/v2\/categories?post=6217"},{"taxonomy":"post_tag","embeddable":true,"href":"https:\/\/www.pr-neu.de\/newsroom\/wp-json\/wp\/v2\/tags?post=6217"}],"curies":[{"name":"wp","href":"https:\/\/api.w.org\/{rel}","templated":true}]}}