{"id":6212,"date":"2017-11-15T11:12:02","date_gmt":"2017-11-15T10:12:02","guid":{"rendered":"http:\/\/www.pr-nord.de\/newsroom\/?p=5677"},"modified":"2020-05-18T15:06:58","modified_gmt":"2020-05-18T13:06:58","slug":"gewinner-fassade","status":"publish","type":"post","link":"https:\/\/www.pr-neu.de\/newsroom\/gewinner-fassade\/","title":{"rendered":"Gewinner-Fassade"},"content":{"rendered":"<p><span style=\"text-decoration: underline;\">Peter Winkler gewinnt S\u00fcdwest-Drytec-Fassadenwettbewerb<\/span><\/p>\n<p>Peter Winkler vom Maler- und Lackiererbetrieb Winkler aus Oberhausen (Oberbayern) ist der Gewinner des S\u00fcdwest-Fassadenwettbewerbs. S\u00fcdwest hatte die sch\u00f6nste Fassade gesucht, die mit der innovativen Farbe Drytec gestrichen wurde. Winkler w\u00e4hlte die hydrophil-hydrophobe Beschichtung, die ein rasantes Abtrocknen der Fassade garantiert, f\u00fcr den Umbau und Anbau einer modernen Villa in M\u00fcnchen. Jetzt k\u00fcrte ihn die Jury aus einer Vielzahl an Einsendungen zum Sieger. Der Bauherr des Objekts legte besonderen Wert auf qualitativ hochwertige Produkte \u2013 An der Fassade setzte Winkler diesen Wunsch mit Drytec um. Mit der gestreiften Gestaltung des Sockelgeschosses bekommt der repr\u00e4sentative Bau eine Bossenoptik mit mond\u00e4ner Ausstrahlung. \u201eNach unseren guten Erfahrungen mit Innenfarben, Lacken und Fassadenfarben von S\u00fcdwest haben wir uns f\u00fcr die neue Drytec entschieden \u2013 damit bleibt die Fassade lange sauber und wir konnten die hohen Anspr\u00fcche des Bauherrn optimal erf\u00fcllen\u201c, erz\u00e4hlt Peter Winkler. Sein Preis: F\u00fcr ihn und eine Begleitperson geht es nun auf Ostsee-Kreuzfahrt mit der AIDA.<\/p>\n<hr noshade=\"noshade\" size=\"1\" \/>\n<p><strong>Drytec<\/strong> ist eine innovative bionische Fassadenfarbe von S\u00fcdwest, an deren hydrophob-hydrophiler Oberfl\u00e4che Feuchtigkeit sofort abflie\u00dft. Dadurch bleiben Au\u00dfenw\u00e4nde trocken, was der Algen- und Pilzbildung vorbeugt. Die Farbe widersteht zudem sehr gut UV-Strahlung und hohen mechanischen Belastungen. So ist sie ein Fassadenallrounder in neuer Qualit\u00e4t. Weitere Informationen unter:<\/p>\n<p><a href=\"http:\/\/www.suedwest.de\/de\/produktwelt\/innovationen\/drytec.html\">http:\/\/www.suedwest.de\/de\/produktwelt\/innovationen\/drytec.html<\/a><\/p>\n<hr noshade=\"noshade\" size=\"1\" \/>\n<p><img loading=\"lazy\" decoding=\"async\" class=\"size-medium wp-image-5799 aligncenter\" src=\"http:\/\/www.pr-neu.de\/newsroom\/wordpress\/wp-content\/uploads\/2017\/11\/17-20_Drytec-Fassadenwettbewerb_02_G-300x200.jpg\" alt=\"\" width=\"300\" height=\"200\" srcset=\"https:\/\/www.pr-neu.de\/newsroom\/wordpress\/wp-content\/uploads\/2017\/11\/17-20_Drytec-Fassadenwettbewerb_02_G-300x200.jpg 300w, https:\/\/www.pr-neu.de\/newsroom\/wordpress\/wp-content\/uploads\/2017\/11\/17-20_Drytec-Fassadenwettbewerb_02_G-768x512.jpg 768w, https:\/\/www.pr-neu.de\/newsroom\/wordpress\/wp-content\/uploads\/2017\/11\/17-20_Drytec-Fassadenwettbewerb_02_G-1024x683.jpg 1024w, https:\/\/www.pr-neu.de\/newsroom\/wordpress\/wp-content\/uploads\/2017\/11\/17-20_Drytec-Fassadenwettbewerb_02_G-110x73.jpg 110w, https:\/\/www.pr-neu.de\/newsroom\/wordpress\/wp-content\/uploads\/2017\/11\/17-20_Drytec-Fassadenwettbewerb_02_G-420x280.jpg 420w, https:\/\/www.pr-neu.de\/newsroom\/wordpress\/wp-content\/uploads\/2017\/11\/17-20_Drytec-Fassadenwettbewerb_02_G-645x430.jpg 645w\" sizes=\"auto, (max-width: 300px) 100vw, 300px\" \/><\/p>\n<p style=\"text-align: center;\">Verarbeiter Peter Winkler (l.) bei der Gewinn\u00fcbergabe mit S\u00fcdwest-Au\u00dfendienstmitarbeiter Andreas Siegert.<br \/>\nBild: S\u00fcdwest<\/p>\n<p style=\"text-align: center;\"><a href=\"http:\/\/www.pr-neu.de\/newsroom\/wordpress\/wp-content\/uploads\/2017\/11\/17-20_Drytec-Fassadenwettbewerb_02_G.jpg\" target=\"_blank\" rel=\"noopener noreferrer\">Download (300dpi)<\/a><\/p>\n<p><img loading=\"lazy\" decoding=\"async\" class=\"size-medium wp-image-5796 aligncenter\" src=\"http:\/\/www.pr-neu.de\/newsroom\/wordpress\/wp-content\/uploads\/2017\/11\/17-20_Drytec-Fassadenwettbewerb_06_G-300x200.jpg\" alt=\"\" width=\"300\" height=\"200\" srcset=\"https:\/\/www.pr-neu.de\/newsroom\/wordpress\/wp-content\/uploads\/2017\/11\/17-20_Drytec-Fassadenwettbewerb_06_G-300x200.jpg 300w, https:\/\/www.pr-neu.de\/newsroom\/wordpress\/wp-content\/uploads\/2017\/11\/17-20_Drytec-Fassadenwettbewerb_06_G-768x512.jpg 768w, https:\/\/www.pr-neu.de\/newsroom\/wordpress\/wp-content\/uploads\/2017\/11\/17-20_Drytec-Fassadenwettbewerb_06_G-1024x683.jpg 1024w, https:\/\/www.pr-neu.de\/newsroom\/wordpress\/wp-content\/uploads\/2017\/11\/17-20_Drytec-Fassadenwettbewerb_06_G-110x73.jpg 110w, https:\/\/www.pr-neu.de\/newsroom\/wordpress\/wp-content\/uploads\/2017\/11\/17-20_Drytec-Fassadenwettbewerb_06_G-420x280.jpg 420w, https:\/\/www.pr-neu.de\/newsroom\/wordpress\/wp-content\/uploads\/2017\/11\/17-20_Drytec-Fassadenwettbewerb_06_G-645x430.jpg 645w\" sizes=\"auto, (max-width: 300px) 100vw, 300px\" \/><\/p>\n<p style=\"text-align: center;\">Die Fassade der M\u00fcnchner-Villa wurde mit Drytec beschichtet \u2013 und ist somit langanhaltend nat\u00fcrlich gesch\u00fctzt.<br \/>\nBild: S\u00fcdwest<\/p>\n<p style=\"text-align: center;\"><a href=\"http:\/\/www.pr-neu.de\/newsroom\/wordpress\/wp-content\/uploads\/2017\/11\/17-20_Drytec-Fassadenwettbewerb_06_G.jpg\" target=\"_blank\" rel=\"noopener noreferrer\">Download (300dpi)<\/a><\/p>\n<p><img loading=\"lazy\" decoding=\"async\" class=\"wp-image-5798 size-medium aligncenter\" src=\"http:\/\/www.pr-neu.de\/newsroom\/wordpress\/wp-content\/uploads\/2017\/11\/17-20_Drytec-Fassadenwettbewerb_07_G-300x200.jpg\" alt=\"\" width=\"300\" height=\"200\" srcset=\"https:\/\/www.pr-neu.de\/newsroom\/wordpress\/wp-content\/uploads\/2017\/11\/17-20_Drytec-Fassadenwettbewerb_07_G-300x200.jpg 300w, https:\/\/www.pr-neu.de\/newsroom\/wordpress\/wp-content\/uploads\/2017\/11\/17-20_Drytec-Fassadenwettbewerb_07_G-768x512.jpg 768w, https:\/\/www.pr-neu.de\/newsroom\/wordpress\/wp-content\/uploads\/2017\/11\/17-20_Drytec-Fassadenwettbewerb_07_G-1024x683.jpg 1024w, https:\/\/www.pr-neu.de\/newsroom\/wordpress\/wp-content\/uploads\/2017\/11\/17-20_Drytec-Fassadenwettbewerb_07_G-110x73.jpg 110w, https:\/\/www.pr-neu.de\/newsroom\/wordpress\/wp-content\/uploads\/2017\/11\/17-20_Drytec-Fassadenwettbewerb_07_G-420x280.jpg 420w, https:\/\/www.pr-neu.de\/newsroom\/wordpress\/wp-content\/uploads\/2017\/11\/17-20_Drytec-Fassadenwettbewerb_07_G-645x430.jpg 645w\" sizes=\"auto, (max-width: 300px) 100vw, 300px\" \/><\/p>\n<p style=\"text-align: center;\">Die Fassade der M\u00fcnchner-Villa wurde mit Drytec beschichtet \u2013 und ist somit langanhaltend nat\u00fcrlich gesch\u00fctzt.<br \/>\nBild: S\u00fcdwest<\/p>\n<p style=\"text-align: center;\"><a href=\"http:\/\/www.pr-neu.de\/newsroom\/wordpress\/wp-content\/uploads\/2017\/11\/17-20_Drytec-Fassadenwettbewerb_07_G.jpg\" target=\"_blank\" rel=\"noopener noreferrer\">Download (300dpi)<\/a><\/p>\n<hr noshade=\"noshade\" size=\"1\" \/>\n<p><strong>S\u00fcdwest<\/strong> entwickelt und produziert seit mehr als 90 Jahren Lacke und Farben f\u00fcr die unterschiedlichsten Anwendungen. Erg\u00e4nzt werden die Kernsortimente noch um ein malerfreundliches W\u00e4rme\u00add\u00e4mmverbundsystem und Putze. Sie stehen f\u00fcr Top Qualit\u00e4t, hohe Funktionalit\u00e4t, zeitgem\u00e4\u00dfe Wirtschaftlichkeit und zukunftsweisende Umweltvertr\u00e4glichkeit. Im Mittelpunkt stehen dabei die speziellen Bed\u00fcrfnissen und Anforderungen des professionellen Verarbeiters: Die N\u00e4he zum Handwerk charakterisiert das Selbstverst\u00e4ndnis des Mittelst\u00e4ndlers. Dazu z\u00e4hlt Kundenn\u00e4he mit einer \u201eGeht-nicht-gibt\u2019s-nicht-Mentalit\u00e4t\u201c. S\u00dcDWEST Produkte sind die Summe aus jahrzehntelanger Erfahrung, fundiertem Know-How und hoher an den Marktbed\u00fcrfnissen orientierter Innovationskraft. Gemeinsam mit den Partnern im Handel sorgt S\u00fcdwest f\u00fcr einen stets funktionierenden 24-Stunden-Lieferservice und bietet zus\u00e4tzliche Services \u2013 beispiels\u00adweise Technische Beratung, Design-Studio und Abt\u00f6nservice.<\/p>\n<hr noshade=\"noshade\" size=\"1\" \/>\n<p>Abdruck honorarfrei, Belegexemplar erbeten<\/p>\n","protected":false},"excerpt":{"rendered":"<p>Peter Winkler vom Maler- und Lackiererbetrieb Winkler aus Oberhausen (Oberbayern) ist der Gewinner des S\u00fcdwest-Fassadenwettbewerbs. S\u00fcdwest hatte die sch\u00f6nste Fassade gesucht, die mit der innovativen Farbe Drytec gestrichen wurde. Winkler w\u00e4hlte die hydrophil-hydrophobe Beschichtung, die ein rasantes Abtrocknen der Fassade garantiert, f\u00fcr den Umbau und Anbau einer modernen Villa in M\u00fcnchen.<\/p>\n<table border=\"0\" width=\"95%\">\n<tbody>\n<tr>\n<td><!-- AddThis Button BEGIN --><\/p>\n<div class=\"addthis_toolbox addthis_default_style\">\n<div><a class=\"addthis_button_compact\" href=\"http:\/\/www.addthis.com\/bookmark.php?v=250&amp;username=xa-4bcef6844aa77bdd\">Share<\/a><span class=\"addthis_separator\">|<\/span><a class=\"addthis_button_facebook\"><\/a><a class=\"addthis_button_myspace\"><\/a><a class=\"addthis_button_google\"><\/a><a class=\"addthis_button_twitter\"><\/a><\/div>\n<\/div>\n<p><script src=\"http:\/\/s7.addthis.com\/js\/250\/addthis_widget.js#username=xa-4bcef6844aa77bdd\" type=\"text\/javascript\"><\/script><!-- AddThis Button END --><\/td>\n<\/tr>\n<\/tbody>\n<\/table>\n","protected":false},"author":6,"featured_media":5798,"comment_status":"closed","ping_status":"open","sticky":false,"template":"","format":"standard","meta":{"footnotes":""},"categories":[3,17],"tags":[],"class_list":["post-6212","post","type-post","status-publish","format-standard","has-post-thumbnail","hentry","category-kundenmeldungen","category-sudwest"],"_links":{"self":[{"href":"https:\/\/www.pr-neu.de\/newsroom\/wp-json\/wp\/v2\/posts\/6212","targetHints":{"allow":["GET"]}}],"collection":[{"href":"https:\/\/www.pr-neu.de\/newsroom\/wp-json\/wp\/v2\/posts"}],"about":[{"href":"https:\/\/www.pr-neu.de\/newsroom\/wp-json\/wp\/v2\/types\/post"}],"author":[{"embeddable":true,"href":"https:\/\/www.pr-neu.de\/newsroom\/wp-json\/wp\/v2\/users\/6"}],"replies":[{"embeddable":true,"href":"https:\/\/www.pr-neu.de\/newsroom\/wp-json\/wp\/v2\/comments?post=6212"}],"version-history":[{"count":3,"href":"https:\/\/www.pr-neu.de\/newsroom\/wp-json\/wp\/v2\/posts\/6212\/revisions"}],"predecessor-version":[{"id":11507,"href":"https:\/\/www.pr-neu.de\/newsroom\/wp-json\/wp\/v2\/posts\/6212\/revisions\/11507"}],"wp:featuredmedia":[{"embeddable":true,"href":"https:\/\/www.pr-neu.de\/newsroom\/wp-json\/wp\/v2\/media\/5798"}],"wp:attachment":[{"href":"https:\/\/www.pr-neu.de\/newsroom\/wp-json\/wp\/v2\/media?parent=6212"}],"wp:term":[{"taxonomy":"category","embeddable":true,"href":"https:\/\/www.pr-neu.de\/newsroom\/wp-json\/wp\/v2\/categories?post=6212"},{"taxonomy":"post_tag","embeddable":true,"href":"https:\/\/www.pr-neu.de\/newsroom\/wp-json\/wp\/v2\/tags?post=6212"}],"curies":[{"name":"wp","href":"https:\/\/api.w.org\/{rel}","templated":true}]}}