{"id":6188,"date":"2018-04-09T12:58:41","date_gmt":"2018-04-09T10:28:41","guid":{"rendered":"http:\/\/www.pr-nord.de\/newsroom\/?p=6188"},"modified":"2020-05-18T14:38:38","modified_gmt":"2020-05-18T12:38:38","slug":"elbphilharmonie-tuer-und-tor-zur-grossen-musik","status":"publish","type":"post","link":"https:\/\/www.pr-neu.de\/newsroom\/elbphilharmonie-tuer-und-tor-zur-grossen-musik\/","title":{"rendered":"Elbphilharmonie: T\u00fcr und Tor zur gro\u00dfen Musik"},"content":{"rendered":"<p><span style=\"text-decoration: underline;\">Erstklassig: Mehr als Fassade und Konzertsaal<\/span><\/p>\n<p><strong>Beim Stichwort \u201eElbphilharmonie\u201c kommen den meisten sofort Bilder der stadtbildpr\u00e4genden Silhouette in den Sinn \u2013 oder vom beeindruckenden gro\u00dfen Konzertsaal. Dabei ist Hamburgs neues Wahrzeichen viel mehr. Hotel, Gastro\u00adnomie und Wohnungen mit hochwertiger Innenausstattung geh\u00f6ren genauso dazu. Auch die ausgefeilte interne Erschlie\u00dfung ist zwar nicht sehr schlagzeilentr\u00e4chtig, aber absolut lebensnotwendig f\u00fcr den \u201eOrganismus Elphi\u201c. Es lohnt sich ein Rundgang, auch hinter den Kulissen, mit einem genaueren Blick auf T\u00fcren und Tore.<\/strong><\/p>\n<p>Wer auf der Elphi-Plaza steht und \u00fcber die Elbe blickt oder im Konzertsaal der Musik lauscht, der denkt sicher nicht daran, wie viele Durchg\u00e4nge er auf dem Weg zu seinem Ziel unbemerkt passiert hat. Noch weniger Gedanken macht er sich dar\u00fcber, wie sicher dieser Weg war. Gut, dass sich darum bereits lange im Voraus Planer k\u00fcmmern. Und so sind in einem Geb\u00e4ude wie der Elbphilharmonie nicht nur an den sichtbaren Stellen, an denen die \u00c4sthetik im Vordergrund steht, erstklassige Produkte verbaut, sondern an allen Stellen. Bei einem Konzerthaus mit einer 2.100 Zuschauer fassenden Hauptb\u00fchne sind beispielsweise die Fluchtwege besonders aufw\u00e4ndig zu planen.<\/p>\n<p>Die T\u00fcren wurden aber nicht nur unter funktionalen, sondern auch unter \u00e4sthetischen Kriterien ausgew\u00e4hlt. \u201eBrandschutz und Rauchschutz wurden mit dem gestalterischen Anspruch beidseitig fl\u00e4chenb\u00fcndiger Ansicht in Einklang gebracht\u201c, berichtet Marcus Wolf vom T\u00fcrenspezialist Teckentrup (Verl), der die Bauarbeiten betreute. Die L\u00f6sung: Sonderblockzargen mit Maulweiten bis 625 Millimeter f\u00fcr zweifl\u00fcgelige T\u00fcren, die exakt die Tiefe der Wand haben. Das hie\u00df zugleich, in den meisten F\u00e4llen eine Zustimmung im Einzelfall zu erwirken. Wolf: \u201eDas ist zwar aufw\u00e4ndig, funktionierte aber am Ende problemlos, weil unsere T\u00fcren im Standardaufbau als Brand\u00adschutzt\u00fcren bew\u00e4hrt sind.\u201c<\/p>\n<p>Auch wenn die T\u00fcren eine einheitliche Optik aufweisen: Ihre Funktionen sind \u00e4u\u00dferst unterschiedlich. Je nach Einsatzort sind es ein- oder zweifl\u00fcgelige Versionen, mal als T30-, mal als T90-T\u00fcr, mal mit und mal ohne Rauchschutz. Wo besonderer Schallschutz gefordert war, kamen Sonderbefestigungen zum Einsatz. Etwa ein Sechstel der T\u00fcren \u00f6ffnet automatisch und 40 Prozent der T\u00fcren sind an das Zutrittskontrollsystem, die Einbruchmeldeanlage oder die zentrale Entrauchungsanlage angeschlossen. Um Fluchtwege und Zug\u00e4nge f\u00fcr benachtei\u00adligte Menschen offen zu halten, m\u00fcssen manche Brandschutz\u00adt\u00fcren sogar automatisch \u00f6ffnen. \u201eDas ist eine ungew\u00f6hnliche Anforderung. An solchen L\u00f6sungen zeigt sich, warum wir unsere L\u00f6sungen \u201aDoor solutions\u2019 nennen\u201c, meint Wolf mit einem Augenzwinkern. Insgesamt gibt es bei einheitlicher Optik mehr als 15 verschiedene Zargenausf\u00fchrungen.<\/p>\n<p><strong>Wenn der Durchgang Gr\u00f6\u00dfe braucht<\/strong><\/p>\n<p>Ein- und Ausfahrt f\u00fcr die Bewohner, Ein- und Ausfahrt des Parkhauses, Ein- und Ausgang zur Rolltreppe (Tube): Es gibt auch eine Reihe von Durchg\u00e4ngen, die mit Toren zu verschlie\u00ad\u00dfen sind. Auch hier spielt oft der Brandschutz eine Rolle \u2013 und wie bei den T\u00fcren auch die \u00c4sthetik. Um den anspruchsvollen architektonischen Vorgaben zu entsprechen, sind viele Tore mit Portalverkleidungen sowie angepassten Sturzblenden montiert und erhielten spezielle Oberfl\u00e4chen.<\/p>\n<p>Im Hotel-Foyer kommt ein Brandschutzschiebetor zum Einsatz, das im Regelfall offen steht und somit nicht sichtbar ist. Seine Besonderheit ist die Schlupft\u00fcr, die bei geschlossenem Tor noch den Personendurchgang erlaubt.<\/p>\n<p>Bei einem so umfassenden Projekt wie der Elphi wird die Zusammenarbeit von Hersteller, Bauleitung und Handwerkern ganz besonders gefordert. Die langj\u00e4hrige Erfahrung des Bau\u00adkonzern HOCHTIEF erg\u00e4nzte sich hier ideal mit der hohen Serviceorientierung und Flexibilit\u00e4t auf Seiten Teckentrups: &#8222;Die Zusammenarbeit funktionierte extrem gut, kompetent und vertrauensvoll. So konnten wir schnell auf spezifische Heraus\u00adforderungen reagieren&#8220; res\u00fcmiert Nikolai Sachse, ausf\u00fchrender Handwerker, das Projekt. Dieses Ergebnis best\u00e4tigt Dipl.-Ing. Christina Schneider, 1. Bauleiterin von Hochtief: \u201eMit der Unter\u00adst\u00fctzung des Herstellers und der Flexibilit\u00e4t der Ausf\u00fchrenden lie\u00dfen sich viele Baustellenaufgaben schnell und pragmatisch l\u00f6sen, in einer sehr guten Ausf\u00fchrungsqualit\u00e4t.\u201c<\/p>\n<hr noshade=\"noshade\" size=\"1\" \/>\n<p style=\"text-align: center;\"><a href=\"http:\/\/www.pr-neu.de\/newsroom\/wordpress\/wp-content\/uploads\/2018\/04\/17-29_Rolltreppe_1_G.jpg\" target=\"_blank\" rel=\"noopener noreferrer\"><img loading=\"lazy\" decoding=\"async\" class=\"aligncenter wp-image-6189 size-medium\" src=\"http:\/\/www.pr-neu.de\/newsroom\/wordpress\/wp-content\/uploads\/2018\/04\/17-29_Rolltreppe_1_G-300x200.jpg\" alt=\"Erstklassig: Mehr als Fassade und KonzertsaalElbphilharmonie: T\u00fcr und Tor zur gro\u00dfen Musik\" width=\"300\" height=\"200\" srcset=\"https:\/\/www.pr-neu.de\/newsroom\/wordpress\/wp-content\/uploads\/2018\/04\/17-29_Rolltreppe_1_G-300x200.jpg 300w, https:\/\/www.pr-neu.de\/newsroom\/wordpress\/wp-content\/uploads\/2018\/04\/17-29_Rolltreppe_1_G-768x512.jpg 768w, https:\/\/www.pr-neu.de\/newsroom\/wordpress\/wp-content\/uploads\/2018\/04\/17-29_Rolltreppe_1_G-1024x683.jpg 1024w, https:\/\/www.pr-neu.de\/newsroom\/wordpress\/wp-content\/uploads\/2018\/04\/17-29_Rolltreppe_1_G-110x73.jpg 110w, https:\/\/www.pr-neu.de\/newsroom\/wordpress\/wp-content\/uploads\/2018\/04\/17-29_Rolltreppe_1_G-420x280.jpg 420w, https:\/\/www.pr-neu.de\/newsroom\/wordpress\/wp-content\/uploads\/2018\/04\/17-29_Rolltreppe_1_G-645x430.jpg 645w, https:\/\/www.pr-neu.de\/newsroom\/wordpress\/wp-content\/uploads\/2018\/04\/17-29_Rolltreppe_1_G.jpg 1795w\" sizes=\"auto, (max-width: 300px) 100vw, 300px\" \/><\/a>Auffahrt per Rolltreppe (\u201eTube\u201c) in den 8. Stock zur Plaza: Schon die erste Begegnung mit der Elbphilharmonie ist au\u00dfer\u00adgew\u00f6hnlich. Was kaum auff\u00e4llt, ist das elegant verkofferte Roll\u00adgitter. Die Portalverkleidung (Bau Metall Rostock) in mattem schwarz, gemeinsam vom ausf\u00fchrenden Handwerker und Hersteller entwickelt, l\u00e4sst nur erahnen, dass hier ein Bau\u00adelement eingesetzt ist. Technisch ist es mit der Rolltreppe gekoppelt \u2013 damit beispielsweise kein Gast von oben losf\u00e4hrt und unten vor verschlossenem Ausgang steht.<br \/>\nBild: Teckentrup \/ Thomas Lerch<\/p>\n<p style=\"text-align: center;\"><a href=\"http:\/\/www.pr-neu.de\/newsroom\/wordpress\/wp-content\/uploads\/2018\/04\/17-29_Rolltreppe_1_G.jpg\" target=\"_blank\" rel=\"noopener noreferrer\">Bild downloaden (300dpi)<\/a><\/p>\n<p style=\"text-align: center;\"><em><a href=\"http:\/\/www.pr-neu.de\/newsroom\/wordpress\/wp-content\/uploads\/2018\/04\/17-29_Rolltreppe_2_G.jpg\" target=\"_blank\" rel=\"noopener noreferrer\"><img loading=\"lazy\" decoding=\"async\" class=\"aligncenter wp-image-6190 size-medium\" src=\"http:\/\/www.pr-neu.de\/newsroom\/wordpress\/wp-content\/uploads\/2018\/04\/17-29_Rolltreppe_2_G-200x300.jpg\" alt=\"Erstklassig: Mehr als Fassade und KonzertsaalElbphilharmonie: T\u00fcr und Tor zur gro\u00dfen Musik\" width=\"200\" height=\"300\" \/><\/a><\/em>Auffahrt per Rolltreppe (\u201eTube\u201c) in den 8. Stock zur Plaza: Schon die erste Begegnung mit der Elbphilharmonie ist au\u00dfer\u00adgew\u00f6hnlich. Was kaum auff\u00e4llt, ist das elegant verkofferte Roll\u00adgitter. Die Portalverkleidung (Bau Metall Rostock) in mattem schwarz, gemeinsam vom ausf\u00fchrenden Handwerker und Hersteller entwickelt, l\u00e4sst nur erahnen, dass hier ein Bau\u00adelement eingesetzt ist. Technisch ist es mit der Rolltreppe gekoppelt \u2013 damit beispielsweise kein Gast von oben losf\u00e4hrt und unten vor verschlossenem Ausgang steht.<br \/>\nBild: Teckentrup \/ Thomas Lerch<\/p>\n<p style=\"text-align: center;\"><a href=\"http:\/\/www.pr-neu.de\/newsroom\/wordpress\/wp-content\/uploads\/2018\/04\/17-29_Rolltreppe_2_G.jpg\" target=\"_blank\" rel=\"noopener noreferrer\">Bild downloaden (300dpi)<\/a><\/p>\n<p style=\"text-align: center;\"><a href=\"http:\/\/www.pr-neu.de\/newsroom\/wordpress\/wp-content\/uploads\/2018\/04\/17-29_Blockzargen_G.jpg\" target=\"_blank\" rel=\"noopener noreferrer\"><img loading=\"lazy\" decoding=\"async\" class=\"aligncenter wp-image-6191 size-medium\" src=\"http:\/\/www.pr-neu.de\/newsroom\/wordpress\/wp-content\/uploads\/2018\/04\/17-29_Blockzargen_G-200x300.jpg\" alt=\"Erstklassig: Mehr als Fassade und Konzertsaal Elbphilharmonie: T\u00fcr und Tor zur gro\u00dfen Musik\" width=\"200\" height=\"300\" srcset=\"https:\/\/www.pr-neu.de\/newsroom\/wordpress\/wp-content\/uploads\/2018\/04\/17-29_Blockzargen_G-200x300.jpg 200w, https:\/\/www.pr-neu.de\/newsroom\/wordpress\/wp-content\/uploads\/2018\/04\/17-29_Blockzargen_G-768x1152.jpg 768w, https:\/\/www.pr-neu.de\/newsroom\/wordpress\/wp-content\/uploads\/2018\/04\/17-29_Blockzargen_G-683x1024.jpg 683w, https:\/\/www.pr-neu.de\/newsroom\/wordpress\/wp-content\/uploads\/2018\/04\/17-29_Blockzargen_G-73x110.jpg 73w, https:\/\/www.pr-neu.de\/newsroom\/wordpress\/wp-content\/uploads\/2018\/04\/17-29_Blockzargen_G-280x420.jpg 280w, https:\/\/www.pr-neu.de\/newsroom\/wordpress\/wp-content\/uploads\/2018\/04\/17-29_Blockzargen_G-287x430.jpg 287w, https:\/\/www.pr-neu.de\/newsroom\/wordpress\/wp-content\/uploads\/2018\/04\/17-29_Blockzargen_G.jpg 1197w\" sizes=\"auto, (max-width: 200px) 100vw, 200px\" \/><\/a>Hoher technischer Anspruch, vereint mit \u00c4sthetik: Die Blockzargen sind exakt auf<br \/>\nWandst\u00e4rke gefertigt und stehen so b\u00fcndig in der Wandflucht.<br \/>\nBild: Teckentrup \/ Thomas Lerch<\/p>\n<p style=\"text-align: center;\"><a href=\"http:\/\/www.pr-neu.de\/newsroom\/wordpress\/wp-content\/uploads\/2018\/04\/17-29_Blockzargen_G.jpg\" target=\"_blank\" rel=\"noopener noreferrer\">Bild downloaden (300dpi)<\/a><\/p>\n<p style=\"text-align: center;\"><a href=\"http:\/\/www.pr-neu.de\/newsroom\/wordpress\/wp-content\/uploads\/2018\/04\/17-29_Sektionaltor_1_G.jpg\" target=\"_blank\" rel=\"noopener noreferrer\"><img loading=\"lazy\" decoding=\"async\" class=\"aligncenter wp-image-6192 size-medium\" src=\"http:\/\/www.pr-neu.de\/newsroom\/wordpress\/wp-content\/uploads\/2018\/04\/17-29_Sektionaltor_1_G-300x200.jpg\" alt=\"Erstklassig: Mehr als Fassade und Konzertsaal Elbphilharmonie: T\u00fcr und Tor zur gro\u00dfen Musik\" width=\"300\" height=\"200\" \/><\/a>Chic in der Tiefgarage, hell gestaltet und mit guter Orien\u00adtierung. Die Zufahrt zu den Privat-Parkpl\u00e4tzen der Bewohner ist mit einem zus\u00e4tzlichen Teckentrup-Sektionaltor gesichert.<br \/>\nBild: Teckentrup \/ Thomas Lerch<\/p>\n<p style=\"text-align: center;\"><a href=\"http:\/\/www.pr-neu.de\/newsroom\/wordpress\/wp-content\/uploads\/2018\/04\/17-29_Sektionaltor_1_G.jpg\" target=\"_blank\" rel=\"noopener noreferrer\">Bild downloaden (300dpi)<\/a><\/p>\n<p style=\"text-align: center;\"><a href=\"http:\/\/www.pr-neu.de\/newsroom\/wordpress\/wp-content\/uploads\/2018\/04\/17-29_Sektionaltor_2_G.jpg\" target=\"_blank\" rel=\"noopener noreferrer\"><img loading=\"lazy\" decoding=\"async\" class=\"aligncenter wp-image-6193 size-medium\" src=\"http:\/\/www.pr-neu.de\/newsroom\/wordpress\/wp-content\/uploads\/2018\/04\/17-29_Sektionaltor_2_G-300x200.jpg\" alt=\"Erstklassig: Mehr als Fassade und Konzertsaal Elbphilharmonie: T\u00fcr und Tor zur gro\u00dfen Musik\" width=\"300\" height=\"200\" srcset=\"https:\/\/www.pr-neu.de\/newsroom\/wordpress\/wp-content\/uploads\/2018\/04\/17-29_Sektionaltor_2_G-300x200.jpg 300w, https:\/\/www.pr-neu.de\/newsroom\/wordpress\/wp-content\/uploads\/2018\/04\/17-29_Sektionaltor_2_G-768x512.jpg 768w, https:\/\/www.pr-neu.de\/newsroom\/wordpress\/wp-content\/uploads\/2018\/04\/17-29_Sektionaltor_2_G-1024x683.jpg 1024w, https:\/\/www.pr-neu.de\/newsroom\/wordpress\/wp-content\/uploads\/2018\/04\/17-29_Sektionaltor_2_G-110x73.jpg 110w, https:\/\/www.pr-neu.de\/newsroom\/wordpress\/wp-content\/uploads\/2018\/04\/17-29_Sektionaltor_2_G-420x280.jpg 420w, https:\/\/www.pr-neu.de\/newsroom\/wordpress\/wp-content\/uploads\/2018\/04\/17-29_Sektionaltor_2_G-645x430.jpg 645w, https:\/\/www.pr-neu.de\/newsroom\/wordpress\/wp-content\/uploads\/2018\/04\/17-29_Sektionaltor_2_G.jpg 1795w\" sizes=\"auto, (max-width: 300px) 100vw, 300px\" \/><\/a>Chic in der Tiefgarage, hell gestaltet und mit guter Orien\u00adtierung. Die Zufahrt zu den Privat-Parkpl\u00e4tzen der Bewohner ist mit einem zus\u00e4tzlichen Teckentrup-Sektionaltor gesichert.<br \/>\nBild: Teckentrup \/ Thomas Lerch<\/p>\n<p style=\"text-align: center;\"><a href=\"http:\/\/www.pr-neu.de\/newsroom\/wordpress\/wp-content\/uploads\/2018\/04\/17-29_Sektionaltor_2_G.jpg\" target=\"_blank\" rel=\"noopener noreferrer\">Bild downloaden (300dpi)<\/a><\/p>\n<p style=\"text-align: center;\"><a href=\"http:\/\/www.pr-neu.de\/newsroom\/wordpress\/wp-content\/uploads\/2018\/04\/17-29_Sektionaltor_3_G.jpg\" target=\"_blank\" rel=\"noopener noreferrer\"><img loading=\"lazy\" decoding=\"async\" class=\"aligncenter wp-image-6194 size-medium\" src=\"http:\/\/www.pr-neu.de\/newsroom\/wordpress\/wp-content\/uploads\/2018\/04\/17-29_Sektionaltor_3_G-300x200.jpg\" alt=\"Erstklassig: Mehr als Fassade und Konzertsaal Elbphilharmonie: T\u00fcr und Tor zur gro\u00dfen Musik\" width=\"300\" height=\"200\" \/><\/a>Stiltreu: Auch die Ausfahrt aus dem privaten Teil der Tief\u00adgarage ist mit einem Tor mit eleganter Streckmetallf\u00fcllung ausgestattet.<br \/>\nBild: Teckentrup \/ Thomas Lerch<\/p>\n<p style=\"text-align: center;\"><a href=\"http:\/\/www.pr-neu.de\/newsroom\/wordpress\/wp-content\/uploads\/2018\/04\/17-29_Sektionaltor_3_G.jpg\" target=\"_blank\" rel=\"noopener noreferrer\">Bild downloaden (300dpi)<\/a><\/p>\n<p style=\"text-align: center;\"><a href=\"http:\/\/www.pr-neu.de\/newsroom\/wordpress\/wp-content\/uploads\/2018\/04\/17-29_Sektionaltor_4_G.jpg\" target=\"_blank\" rel=\"noopener noreferrer\"><img loading=\"lazy\" decoding=\"async\" class=\"aligncenter wp-image-6195 size-medium\" src=\"http:\/\/www.pr-neu.de\/newsroom\/wordpress\/wp-content\/uploads\/2018\/04\/17-29_Sektionaltor_4_G-300x200.jpg\" alt=\"Erstklassig: Mehr als Fassade und Konzertsaal Elbphilharmonie: T\u00fcr und Tor zur gro\u00dfen Musik\" width=\"300\" height=\"200\" \/><\/a>Stiltreu: Auch die Ausfahrt aus dem privaten Teil der Tief\u00adgarage ist mit einem Tor mit eleganter Streckmetallf\u00fcllung ausgestattet.<br \/>\nBild: Teckentrup \/ Thomas Lerch<\/p>\n<p style=\"text-align: center;\"><a href=\"http:\/\/www.pr-neu.de\/newsroom\/wordpress\/wp-content\/uploads\/2018\/04\/17-29_Sektionaltor_4_G.jpg\" target=\"_blank\" rel=\"noopener noreferrer\">Bild downloaden (300dpi)<\/a><\/p>\n<p style=\"text-align: center;\"><a href=\"http:\/\/www.pr-neu.de\/newsroom\/wordpress\/wp-content\/uploads\/2018\/04\/17-29_Funktionstuer_1_G.jpg\" target=\"_blank\" rel=\"noopener noreferrer\"><img loading=\"lazy\" decoding=\"async\" class=\"aligncenter wp-image-6196 size-medium\" src=\"http:\/\/www.pr-neu.de\/newsroom\/wordpress\/wp-content\/uploads\/2018\/04\/17-29_Funktionstuer_1_G-300x200.jpg\" alt=\"Erstklassig: Mehr als Fassade und Konzertsaal Elbphilharmonie: T\u00fcr und Tor zur gro\u00dfen Musik\" width=\"300\" height=\"200\" srcset=\"https:\/\/www.pr-neu.de\/newsroom\/wordpress\/wp-content\/uploads\/2018\/04\/17-29_Funktionstuer_1_G-300x200.jpg 300w, https:\/\/www.pr-neu.de\/newsroom\/wordpress\/wp-content\/uploads\/2018\/04\/17-29_Funktionstuer_1_G-768x512.jpg 768w, https:\/\/www.pr-neu.de\/newsroom\/wordpress\/wp-content\/uploads\/2018\/04\/17-29_Funktionstuer_1_G-1024x683.jpg 1024w, https:\/\/www.pr-neu.de\/newsroom\/wordpress\/wp-content\/uploads\/2018\/04\/17-29_Funktionstuer_1_G-110x73.jpg 110w, https:\/\/www.pr-neu.de\/newsroom\/wordpress\/wp-content\/uploads\/2018\/04\/17-29_Funktionstuer_1_G-420x280.jpg 420w, https:\/\/www.pr-neu.de\/newsroom\/wordpress\/wp-content\/uploads\/2018\/04\/17-29_Funktionstuer_1_G-645x430.jpg 645w, https:\/\/www.pr-neu.de\/newsroom\/wordpress\/wp-content\/uploads\/2018\/04\/17-29_Funktionstuer_1_G.jpg 1795w\" sizes=\"auto, (max-width: 300px) 100vw, 300px\" \/><\/a>Anlieferungszone. Auch diese Funktionst\u00fcren sind im \u201eElbphil\u00adharmonie-Schwarzton\u201c ausgef\u00fchrt<br \/>\nBild: Teckentrup \/ Thomas Lerch<\/p>\n<p style=\"text-align: center;\"><a href=\"http:\/\/www.pr-neu.de\/newsroom\/wordpress\/wp-content\/uploads\/2018\/04\/17-29_Funktionstuer_1_G.jpg\" target=\"_blank\" rel=\"noopener noreferrer\">Bild downloaden (300dpi)<\/a><\/p>\n<p style=\"text-align: center;\"><a href=\"http:\/\/www.pr-neu.de\/newsroom\/wordpress\/wp-content\/uploads\/2018\/04\/17-29_Funktionstuer_2_G.jpg\" target=\"_blank\" rel=\"noopener noreferrer\"><img loading=\"lazy\" decoding=\"async\" class=\"aligncenter wp-image-6197 size-medium\" src=\"http:\/\/www.pr-neu.de\/newsroom\/wordpress\/wp-content\/uploads\/2018\/04\/17-29_Funktionstuer_2_G-300x200.jpg\" alt=\"Erstklassig: Mehr als Fassade und Konzertsaal Elbphilharmonie: T\u00fcr und Tor zur gro\u00dfen Musik\" width=\"300\" height=\"200\" srcset=\"https:\/\/www.pr-neu.de\/newsroom\/wordpress\/wp-content\/uploads\/2018\/04\/17-29_Funktionstuer_2_G-300x200.jpg 300w, https:\/\/www.pr-neu.de\/newsroom\/wordpress\/wp-content\/uploads\/2018\/04\/17-29_Funktionstuer_2_G-768x512.jpg 768w, https:\/\/www.pr-neu.de\/newsroom\/wordpress\/wp-content\/uploads\/2018\/04\/17-29_Funktionstuer_2_G-1024x683.jpg 1024w, https:\/\/www.pr-neu.de\/newsroom\/wordpress\/wp-content\/uploads\/2018\/04\/17-29_Funktionstuer_2_G-110x73.jpg 110w, https:\/\/www.pr-neu.de\/newsroom\/wordpress\/wp-content\/uploads\/2018\/04\/17-29_Funktionstuer_2_G-420x280.jpg 420w, https:\/\/www.pr-neu.de\/newsroom\/wordpress\/wp-content\/uploads\/2018\/04\/17-29_Funktionstuer_2_G-645x430.jpg 645w, https:\/\/www.pr-neu.de\/newsroom\/wordpress\/wp-content\/uploads\/2018\/04\/17-29_Funktionstuer_2_G.jpg 1795w\" sizes=\"auto, (max-width: 300px) 100vw, 300px\" \/><\/a>Anlieferungszone. Auch diese Funktionst\u00fcren sind im \u201eElbphil\u00adharmonie-Schwarzton\u201c ausgef\u00fchrt<br \/>\nBild: Teckentrup \/ Thomas Lerch<\/p>\n<p style=\"text-align: center;\"><a href=\"http:\/\/www.pr-neu.de\/newsroom\/wordpress\/wp-content\/uploads\/2018\/04\/17-29_Funktionstuer_2_G.jpg\" target=\"_blank\" rel=\"noopener noreferrer\">Bild downloaden (300dpi)<\/a><\/p>\n<p style=\"text-align: center;\"><a href=\"http:\/\/www.pr-neu.de\/newsroom\/wordpress\/wp-content\/uploads\/2018\/04\/17-29_Zapfen_G.jpg\" target=\"_blank\" rel=\"noopener noreferrer\"><img loading=\"lazy\" decoding=\"async\" class=\"aligncenter wp-image-6198 size-medium\" src=\"http:\/\/www.pr-neu.de\/newsroom\/wordpress\/wp-content\/uploads\/2018\/04\/17-29_Zapfen_G-200x300.jpg\" alt=\"Erstklassig: Mehr als Fassade und Konzertsaal Elbphilharmonie: T\u00fcr und Tor zur gro\u00dfen Musik\" width=\"200\" height=\"300\" srcset=\"https:\/\/www.pr-neu.de\/newsroom\/wordpress\/wp-content\/uploads\/2018\/04\/17-29_Zapfen_G-200x300.jpg 200w, https:\/\/www.pr-neu.de\/newsroom\/wordpress\/wp-content\/uploads\/2018\/04\/17-29_Zapfen_G-768x1152.jpg 768w, https:\/\/www.pr-neu.de\/newsroom\/wordpress\/wp-content\/uploads\/2018\/04\/17-29_Zapfen_G-683x1024.jpg 683w, https:\/\/www.pr-neu.de\/newsroom\/wordpress\/wp-content\/uploads\/2018\/04\/17-29_Zapfen_G-73x110.jpg 73w, https:\/\/www.pr-neu.de\/newsroom\/wordpress\/wp-content\/uploads\/2018\/04\/17-29_Zapfen_G-280x420.jpg 280w, https:\/\/www.pr-neu.de\/newsroom\/wordpress\/wp-content\/uploads\/2018\/04\/17-29_Zapfen_G-287x430.jpg 287w, https:\/\/www.pr-neu.de\/newsroom\/wordpress\/wp-content\/uploads\/2018\/04\/17-29_Zapfen_G.jpg 1197w\" sizes=\"auto, (max-width: 200px) 100vw, 200px\" \/><\/a>Hoher Einbruchschutz durch mehrfache Zapfen auf der Bandseite.<br \/>\nBild: Teckentrup \/ Thomas Lerch<\/p>\n<p style=\"text-align: center;\"><a href=\"http:\/\/www.pr-neu.de\/newsroom\/wordpress\/wp-content\/uploads\/2018\/04\/17-29_Zapfen_G.jpg\" target=\"_blank\" rel=\"noopener noreferrer\">Bild downloaden (300dpi)<\/a><\/p>\n<p style=\"text-align: center;\"><a href=\"http:\/\/www.pr-neu.de\/newsroom\/wordpress\/wp-content\/uploads\/2018\/04\/17-29_Revisionsklappe_G.jpg\" target=\"_blank\" rel=\"noopener noreferrer\"><img loading=\"lazy\" decoding=\"async\" class=\"aligncenter wp-image-6199 size-medium\" src=\"http:\/\/www.pr-neu.de\/newsroom\/wordpress\/wp-content\/uploads\/2018\/04\/17-29_Revisionsklappe_G-200x300.jpg\" alt=\"Erstklassig: Mehr als Fassade und Konzertsaal Elbphilharmonie: T\u00fcr und Tor zur gro\u00dfen Musik\" width=\"200\" height=\"300\" srcset=\"https:\/\/www.pr-neu.de\/newsroom\/wordpress\/wp-content\/uploads\/2018\/04\/17-29_Revisionsklappe_G-200x300.jpg 200w, https:\/\/www.pr-neu.de\/newsroom\/wordpress\/wp-content\/uploads\/2018\/04\/17-29_Revisionsklappe_G-768x1152.jpg 768w, https:\/\/www.pr-neu.de\/newsroom\/wordpress\/wp-content\/uploads\/2018\/04\/17-29_Revisionsklappe_G-683x1024.jpg 683w, https:\/\/www.pr-neu.de\/newsroom\/wordpress\/wp-content\/uploads\/2018\/04\/17-29_Revisionsklappe_G-73x110.jpg 73w, https:\/\/www.pr-neu.de\/newsroom\/wordpress\/wp-content\/uploads\/2018\/04\/17-29_Revisionsklappe_G-280x420.jpg 280w, https:\/\/www.pr-neu.de\/newsroom\/wordpress\/wp-content\/uploads\/2018\/04\/17-29_Revisionsklappe_G-287x430.jpg 287w, https:\/\/www.pr-neu.de\/newsroom\/wordpress\/wp-content\/uploads\/2018\/04\/17-29_Revisionsklappe_G.jpg 1197w\" sizes=\"auto, (max-width: 200px) 100vw, 200px\" \/><\/a>T90-Revisionsklappe f\u00fcr Versorgungsschacht.<br \/>\nBild: Teckentrup \/ Thomas Lerch<\/p>\n<p style=\"text-align: center;\"><a href=\"http:\/\/www.pr-neu.de\/newsroom\/wordpress\/wp-content\/uploads\/2018\/04\/17-29_Revisionsklappe_G.jpg\" target=\"_blank\" rel=\"noopener noreferrer\">Bild downloaden (300dpi)<\/a><\/p>\n<p style=\"text-align: center;\"><a href=\"http:\/\/www.pr-neu.de\/newsroom\/wordpress\/wp-content\/uploads\/2018\/04\/17-29_Brandschutz_Schiebetor_1_G.jpg\" target=\"_blank\" rel=\"noopener noreferrer\"><img loading=\"lazy\" decoding=\"async\" class=\"aligncenter wp-image-6200 size-medium\" src=\"http:\/\/www.pr-neu.de\/newsroom\/wordpress\/wp-content\/uploads\/2018\/04\/17-29_Brandschutz_Schiebetor_1_G-300x200.jpg\" alt=\"Erstklassig: Mehr als Fassade und Konzertsaal Elbphilharmonie: T\u00fcr und Tor zur gro\u00dfen Musik\" width=\"300\" height=\"200\" srcset=\"https:\/\/www.pr-neu.de\/newsroom\/wordpress\/wp-content\/uploads\/2018\/04\/17-29_Brandschutz_Schiebetor_1_G-300x200.jpg 300w, https:\/\/www.pr-neu.de\/newsroom\/wordpress\/wp-content\/uploads\/2018\/04\/17-29_Brandschutz_Schiebetor_1_G-768x512.jpg 768w, https:\/\/www.pr-neu.de\/newsroom\/wordpress\/wp-content\/uploads\/2018\/04\/17-29_Brandschutz_Schiebetor_1_G-1024x683.jpg 1024w, https:\/\/www.pr-neu.de\/newsroom\/wordpress\/wp-content\/uploads\/2018\/04\/17-29_Brandschutz_Schiebetor_1_G-110x73.jpg 110w, https:\/\/www.pr-neu.de\/newsroom\/wordpress\/wp-content\/uploads\/2018\/04\/17-29_Brandschutz_Schiebetor_1_G-420x280.jpg 420w, https:\/\/www.pr-neu.de\/newsroom\/wordpress\/wp-content\/uploads\/2018\/04\/17-29_Brandschutz_Schiebetor_1_G-645x430.jpg 645w, https:\/\/www.pr-neu.de\/newsroom\/wordpress\/wp-content\/uploads\/2018\/04\/17-29_Brandschutz_Schiebetor_1_G.jpg 1795w\" sizes=\"auto, (max-width: 300px) 100vw, 300px\" \/><\/a>Brandschutz-Schiebetor im Hoteleingang des \u201eWestin\u201c: Wird es nicht gebraucht,<br \/>\nist es nicht zu sehen. Elegante Nischen\u00adklappen verdecken das Tor im Ein-<br \/>\nund Auslaufbereich sowie in der Decke. Im Brandfall \u00f6ffnen diese automatisch.<br \/>\nBild: Teckentrup \/ Thomas Lerch<\/p>\n<p style=\"text-align: center;\"><a href=\"http:\/\/www.pr-neu.de\/newsroom\/wordpress\/wp-content\/uploads\/2018\/04\/17-29_Brandschutz_Schiebetor_1_G.jpg\" target=\"_blank\" rel=\"noopener noreferrer\">Bild downloaden (300dpi)<\/a><\/p>\n<p style=\"text-align: center;\"><a href=\"http:\/\/www.pr-neu.de\/newsroom\/wordpress\/wp-content\/uploads\/2018\/04\/17-29_Brandschutz_Schiebetor_2_G.jpg\" target=\"_blank\" rel=\"noopener noreferrer\"><img loading=\"lazy\" decoding=\"async\" class=\"aligncenter wp-image-6201 size-medium\" src=\"http:\/\/www.pr-neu.de\/newsroom\/wordpress\/wp-content\/uploads\/2018\/04\/17-29_Brandschutz_Schiebetor_2_G-300x200.jpg\" alt=\"Erstklassig: Mehr als Fassade und Konzertsaal Elbphilharmonie: T\u00fcr und Tor zur gro\u00dfen Musik\" width=\"300\" height=\"200\" srcset=\"https:\/\/www.pr-neu.de\/newsroom\/wordpress\/wp-content\/uploads\/2018\/04\/17-29_Brandschutz_Schiebetor_2_G-300x200.jpg 300w, https:\/\/www.pr-neu.de\/newsroom\/wordpress\/wp-content\/uploads\/2018\/04\/17-29_Brandschutz_Schiebetor_2_G-768x512.jpg 768w, https:\/\/www.pr-neu.de\/newsroom\/wordpress\/wp-content\/uploads\/2018\/04\/17-29_Brandschutz_Schiebetor_2_G-1024x683.jpg 1024w, https:\/\/www.pr-neu.de\/newsroom\/wordpress\/wp-content\/uploads\/2018\/04\/17-29_Brandschutz_Schiebetor_2_G-110x73.jpg 110w, https:\/\/www.pr-neu.de\/newsroom\/wordpress\/wp-content\/uploads\/2018\/04\/17-29_Brandschutz_Schiebetor_2_G-420x280.jpg 420w, https:\/\/www.pr-neu.de\/newsroom\/wordpress\/wp-content\/uploads\/2018\/04\/17-29_Brandschutz_Schiebetor_2_G-645x430.jpg 645w, https:\/\/www.pr-neu.de\/newsroom\/wordpress\/wp-content\/uploads\/2018\/04\/17-29_Brandschutz_Schiebetor_2_G.jpg 1795w\" sizes=\"auto, (max-width: 300px) 100vw, 300px\" \/><\/a>Brandschutz-Schiebetor im Hoteleingang des \u201eWestin\u201c: Wird es nicht gebraucht,<br \/>\nist es nicht zu sehen. Elegante Nischen\u00adklappen verdecken das Tor im Ein-<br \/>\nund Auslaufbereich sowie in der Decke. Im Brandfall \u00f6ffnen diese automatisch.<br \/>\nBild: Teckentrup \/ Thomas Lerch<\/p>\n<p style=\"text-align: center;\"><a href=\"http:\/\/www.pr-neu.de\/newsroom\/wordpress\/wp-content\/uploads\/2018\/04\/17-29_Brandschutz_Schiebetor_2_G.jpg\" target=\"_blank\" rel=\"noopener noreferrer\">Bild downloaden (300dpi)<\/a><\/p>\n<p style=\"text-align: center;\"><a href=\"http:\/\/www.pr-neu.de\/newsroom\/wordpress\/wp-content\/uploads\/2018\/04\/17-29_Brandschutz_Schiebetor_3_G.jpg\" target=\"_blank\" rel=\"noopener noreferrer\"><img loading=\"lazy\" decoding=\"async\" class=\"aligncenter wp-image-6202 size-medium\" src=\"http:\/\/www.pr-neu.de\/newsroom\/wordpress\/wp-content\/uploads\/2018\/04\/17-29_Brandschutz_Schiebetor_3_G-300x200.jpg\" alt=\"Erstklassig: Mehr als Fassade und Konzertsaal Elbphilharmonie: T\u00fcr und Tor zur gro\u00dfen Musik\" width=\"300\" height=\"200\" srcset=\"https:\/\/www.pr-neu.de\/newsroom\/wordpress\/wp-content\/uploads\/2018\/04\/17-29_Brandschutz_Schiebetor_3_G-300x200.jpg 300w, https:\/\/www.pr-neu.de\/newsroom\/wordpress\/wp-content\/uploads\/2018\/04\/17-29_Brandschutz_Schiebetor_3_G-768x512.jpg 768w, https:\/\/www.pr-neu.de\/newsroom\/wordpress\/wp-content\/uploads\/2018\/04\/17-29_Brandschutz_Schiebetor_3_G-1024x683.jpg 1024w, https:\/\/www.pr-neu.de\/newsroom\/wordpress\/wp-content\/uploads\/2018\/04\/17-29_Brandschutz_Schiebetor_3_G-110x73.jpg 110w, https:\/\/www.pr-neu.de\/newsroom\/wordpress\/wp-content\/uploads\/2018\/04\/17-29_Brandschutz_Schiebetor_3_G-420x280.jpg 420w, https:\/\/www.pr-neu.de\/newsroom\/wordpress\/wp-content\/uploads\/2018\/04\/17-29_Brandschutz_Schiebetor_3_G-645x430.jpg 645w, https:\/\/www.pr-neu.de\/newsroom\/wordpress\/wp-content\/uploads\/2018\/04\/17-29_Brandschutz_Schiebetor_3_G.jpg 1795w\" sizes=\"auto, (max-width: 300px) 100vw, 300px\" \/><\/a>Brandschutz-Schiebetor im Hoteleingang des \u201eWestin\u201c: Wird es nicht gebraucht,<br \/>\nist es nicht zu sehen. Elegante Nischen\u00adklappen verdecken das Tor im Ein-<br \/>\nund Auslaufbereich sowie in der Decke. Im Brandfall \u00f6ffnen diese automatisch.<br \/>\nBild: Teckentrup \/ Thomas Lerch<\/p>\n<p style=\"text-align: center;\"><a href=\"http:\/\/www.pr-neu.de\/newsroom\/wordpress\/wp-content\/uploads\/2018\/04\/17-29_Brandschutz_Schiebetor_4_G.jpg\" target=\"_blank\" rel=\"noopener noreferrer\">Bild downloaden (300dpi)<\/a><\/p>\n<p style=\"text-align: center;\"><a href=\"http:\/\/www.pr-neu.de\/newsroom\/wordpress\/wp-content\/uploads\/2018\/04\/17-29_Brandschutz_Schiebetor_4_G.jpg\" target=\"_blank\" rel=\"noopener noreferrer\"><img loading=\"lazy\" decoding=\"async\" class=\"aligncenter wp-image-6203 size-medium\" src=\"http:\/\/www.pr-neu.de\/newsroom\/wordpress\/wp-content\/uploads\/2018\/04\/17-29_Brandschutz_Schiebetor_4_G-300x200.jpg\" alt=\"Erstklassig: Mehr als Fassade und Konzertsaal Elbphilharmonie: T\u00fcr und Tor zur gro\u00dfen Musik\" width=\"300\" height=\"200\" srcset=\"https:\/\/www.pr-neu.de\/newsroom\/wordpress\/wp-content\/uploads\/2018\/04\/17-29_Brandschutz_Schiebetor_4_G-300x200.jpg 300w, https:\/\/www.pr-neu.de\/newsroom\/wordpress\/wp-content\/uploads\/2018\/04\/17-29_Brandschutz_Schiebetor_4_G-768x512.jpg 768w, https:\/\/www.pr-neu.de\/newsroom\/wordpress\/wp-content\/uploads\/2018\/04\/17-29_Brandschutz_Schiebetor_4_G-1024x683.jpg 1024w, https:\/\/www.pr-neu.de\/newsroom\/wordpress\/wp-content\/uploads\/2018\/04\/17-29_Brandschutz_Schiebetor_4_G-110x73.jpg 110w, https:\/\/www.pr-neu.de\/newsroom\/wordpress\/wp-content\/uploads\/2018\/04\/17-29_Brandschutz_Schiebetor_4_G-420x280.jpg 420w, https:\/\/www.pr-neu.de\/newsroom\/wordpress\/wp-content\/uploads\/2018\/04\/17-29_Brandschutz_Schiebetor_4_G-645x430.jpg 645w, https:\/\/www.pr-neu.de\/newsroom\/wordpress\/wp-content\/uploads\/2018\/04\/17-29_Brandschutz_Schiebetor_4_G.jpg 1795w\" sizes=\"auto, (max-width: 300px) 100vw, 300px\" \/><\/a>Brandschutz-Schiebetor im Hoteleingang des \u201eWestin\u201c: Wird es nicht gebraucht,<br \/>\nist es nicht zu sehen. Elegante Nischen\u00adklappen verdecken das Tor im Ein-<br \/>\nund Auslaufbereich sowie in der Decke. Im Brandfall \u00f6ffnen diese automatisch.<br \/>\nBild: Teckentrup \/ Thomas Lerch<\/p>\n<p style=\"text-align: center;\"><a href=\"http:\/\/www.pr-neu.de\/newsroom\/wordpress\/wp-content\/uploads\/2018\/04\/17-29_Brandschutz_Schiebetor_4_G.jpg\" target=\"_blank\" rel=\"noopener noreferrer\">Bild downloaden (300dpi)<\/a><\/p>\n<p style=\"text-align: center;\"><a href=\"http:\/\/www.pr-neu.de\/newsroom\/wordpress\/wp-content\/uploads\/2018\/04\/17-29_Westin_G.jpg\" target=\"_blank\" rel=\"noopener noreferrer\"><img loading=\"lazy\" decoding=\"async\" class=\"aligncenter wp-image-6204 size-medium\" src=\"http:\/\/www.pr-neu.de\/newsroom\/wordpress\/wp-content\/uploads\/2018\/04\/17-29_Westin_G-300x200.jpg\" alt=\"Erstklassig: Mehr als Fassade und Konzertsaal Elbphilharmonie: T\u00fcr und Tor zur gro\u00dfen Musik\" width=\"300\" height=\"200\" srcset=\"https:\/\/www.pr-neu.de\/newsroom\/wordpress\/wp-content\/uploads\/2018\/04\/17-29_Westin_G-300x200.jpg 300w, https:\/\/www.pr-neu.de\/newsroom\/wordpress\/wp-content\/uploads\/2018\/04\/17-29_Westin_G-768x512.jpg 768w, https:\/\/www.pr-neu.de\/newsroom\/wordpress\/wp-content\/uploads\/2018\/04\/17-29_Westin_G-1024x683.jpg 1024w, https:\/\/www.pr-neu.de\/newsroom\/wordpress\/wp-content\/uploads\/2018\/04\/17-29_Westin_G-110x73.jpg 110w, https:\/\/www.pr-neu.de\/newsroom\/wordpress\/wp-content\/uploads\/2018\/04\/17-29_Westin_G-420x280.jpg 420w, https:\/\/www.pr-neu.de\/newsroom\/wordpress\/wp-content\/uploads\/2018\/04\/17-29_Westin_G-645x430.jpg 645w, https:\/\/www.pr-neu.de\/newsroom\/wordpress\/wp-content\/uploads\/2018\/04\/17-29_Westin_G.jpg 1795w\" sizes=\"auto, (max-width: 300px) 100vw, 300px\" \/><\/a>Das Westin-Foyer bei eingefahrenem Brandschutztor.<br \/>\nBild: Teckentrup \/ Thomas Lerch<\/p>\n<p style=\"text-align: center;\"><a href=\"http:\/\/www.pr-neu.de\/newsroom\/wordpress\/wp-content\/uploads\/2018\/04\/17-29_Westin_G.jpg\" target=\"_blank\" rel=\"noopener noreferrer\">Bild downloaden (300dpi)<\/a><\/p>\n<p style=\"text-align: center;\"><a href=\"http:\/\/www.pr-neu.de\/newsroom\/wordpress\/wp-content\/uploads\/2018\/04\/17-29_Details_1_G.jpg\" target=\"_blank\" rel=\"noopener noreferrer\"><img loading=\"lazy\" decoding=\"async\" class=\"aligncenter wp-image-6205 size-medium\" src=\"http:\/\/www.pr-neu.de\/newsroom\/wordpress\/wp-content\/uploads\/2018\/04\/17-29_Details_1_G-200x300.jpg\" alt=\"Erstklassig: Mehr als Fassade und Konzertsaal Elbphilharmonie: T\u00fcr und Tor zur gro\u00dfen Musik\" width=\"200\" height=\"300\" srcset=\"https:\/\/www.pr-neu.de\/newsroom\/wordpress\/wp-content\/uploads\/2018\/04\/17-29_Details_1_G-200x300.jpg 200w, https:\/\/www.pr-neu.de\/newsroom\/wordpress\/wp-content\/uploads\/2018\/04\/17-29_Details_1_G-768x1152.jpg 768w, https:\/\/www.pr-neu.de\/newsroom\/wordpress\/wp-content\/uploads\/2018\/04\/17-29_Details_1_G-683x1024.jpg 683w, https:\/\/www.pr-neu.de\/newsroom\/wordpress\/wp-content\/uploads\/2018\/04\/17-29_Details_1_G-73x110.jpg 73w, https:\/\/www.pr-neu.de\/newsroom\/wordpress\/wp-content\/uploads\/2018\/04\/17-29_Details_1_G-280x420.jpg 280w, https:\/\/www.pr-neu.de\/newsroom\/wordpress\/wp-content\/uploads\/2018\/04\/17-29_Details_1_G-287x430.jpg 287w, https:\/\/www.pr-neu.de\/newsroom\/wordpress\/wp-content\/uploads\/2018\/04\/17-29_Details_1_G.jpg 1197w\" sizes=\"auto, (max-width: 200px) 100vw, 200px\" \/><\/a>Details an Decken- und Einlauf-Klappe des Brandschutztors:<br \/>\nMagneten sorgen f\u00fcr die zuverl\u00e4ssige Funktion.<br \/>\nBild: Teckentrup \/ Thomas Lerch<\/p>\n<p style=\"text-align: center;\"><a href=\"http:\/\/www.pr-neu.de\/newsroom\/wordpress\/wp-content\/uploads\/2018\/04\/17-29_Details_1_G.jpg\" target=\"_blank\" rel=\"noopener noreferrer\">Bild downloaden (300dpi)<\/a><\/p>\n<p style=\"text-align: center;\"><a href=\"http:\/\/www.pr-neu.de\/newsroom\/wordpress\/wp-content\/uploads\/2018\/04\/17-29_Details_2_G.jpg\" target=\"_blank\" rel=\"noopener noreferrer\"><img loading=\"lazy\" decoding=\"async\" class=\"aligncenter wp-image-6206 size-medium\" src=\"http:\/\/www.pr-neu.de\/newsroom\/wordpress\/wp-content\/uploads\/2018\/04\/17-29_Details_2_G-200x300.jpg\" alt=\"Erstklassig: Mehr als Fassade und Konzertsaal Elbphilharmonie: T\u00fcr und Tor zur gro\u00dfen Musik\" width=\"200\" height=\"300\" srcset=\"https:\/\/www.pr-neu.de\/newsroom\/wordpress\/wp-content\/uploads\/2018\/04\/17-29_Details_2_G-200x300.jpg 200w, https:\/\/www.pr-neu.de\/newsroom\/wordpress\/wp-content\/uploads\/2018\/04\/17-29_Details_2_G-768x1152.jpg 768w, https:\/\/www.pr-neu.de\/newsroom\/wordpress\/wp-content\/uploads\/2018\/04\/17-29_Details_2_G-683x1024.jpg 683w, https:\/\/www.pr-neu.de\/newsroom\/wordpress\/wp-content\/uploads\/2018\/04\/17-29_Details_2_G-73x110.jpg 73w, https:\/\/www.pr-neu.de\/newsroom\/wordpress\/wp-content\/uploads\/2018\/04\/17-29_Details_2_G-280x420.jpg 280w, https:\/\/www.pr-neu.de\/newsroom\/wordpress\/wp-content\/uploads\/2018\/04\/17-29_Details_2_G-287x430.jpg 287w, https:\/\/www.pr-neu.de\/newsroom\/wordpress\/wp-content\/uploads\/2018\/04\/17-29_Details_2_G.jpg 1197w\" sizes=\"auto, (max-width: 200px) 100vw, 200px\" \/><\/a>Details an Decken- und Einlauf-Klappe des Brandschutztors: Magneten sorgen f\u00fcr die zuverl\u00e4ssige Funktion.<br \/>\nBild: Teckentrup \/ Thomas Lerch<\/p>\n<p style=\"text-align: center;\"><a href=\"http:\/\/www.pr-neu.de\/newsroom\/wordpress\/wp-content\/uploads\/2018\/04\/17-29_Fluchttuer_1_G.jpg\" target=\"_blank\" rel=\"noopener noreferrer\">Bild downloaden (300dpi)<\/a><\/p>\n<p style=\"text-align: center;\"><a href=\"http:\/\/www.pr-neu.de\/newsroom\/wordpress\/wp-content\/uploads\/2018\/04\/17-29_Fluchttuer_1_G.jpg\" target=\"_blank\" rel=\"noopener noreferrer\"><img loading=\"lazy\" decoding=\"async\" class=\"aligncenter wp-image-6207 size-medium\" src=\"http:\/\/www.pr-neu.de\/newsroom\/wordpress\/wp-content\/uploads\/2018\/04\/17-29_Fluchttuer_1_G-300x200.jpg\" alt=\"Erstklassig: Mehr als Fassade und Konzertsaal Elbphilharmonie: T\u00fcr und Tor zur gro\u00dfen Musik\" width=\"300\" height=\"200\" srcset=\"https:\/\/www.pr-neu.de\/newsroom\/wordpress\/wp-content\/uploads\/2018\/04\/17-29_Fluchttuer_1_G-300x200.jpg 300w, https:\/\/www.pr-neu.de\/newsroom\/wordpress\/wp-content\/uploads\/2018\/04\/17-29_Fluchttuer_1_G-768x512.jpg 768w, https:\/\/www.pr-neu.de\/newsroom\/wordpress\/wp-content\/uploads\/2018\/04\/17-29_Fluchttuer_1_G-1024x683.jpg 1024w, https:\/\/www.pr-neu.de\/newsroom\/wordpress\/wp-content\/uploads\/2018\/04\/17-29_Fluchttuer_1_G-110x73.jpg 110w, https:\/\/www.pr-neu.de\/newsroom\/wordpress\/wp-content\/uploads\/2018\/04\/17-29_Fluchttuer_1_G-420x280.jpg 420w, https:\/\/www.pr-neu.de\/newsroom\/wordpress\/wp-content\/uploads\/2018\/04\/17-29_Fluchttuer_1_G-645x430.jpg 645w, https:\/\/www.pr-neu.de\/newsroom\/wordpress\/wp-content\/uploads\/2018\/04\/17-29_Fluchttuer_1_G.jpg 1795w\" sizes=\"auto, (max-width: 300px) 100vw, 300px\" \/><\/a>Zweifl\u00fcgelige Fluchtt\u00fcr mit Vollpanikfunktion, versorgt \u00fcber eine USV-Sicherung, \u00fcber Drehwinkelsensoren (Detail), gekoppelt an die Entrauchungs-Anlage.<br \/>\nBild: Teckentrup \/ Thomas Lerch<\/p>\n<p style=\"text-align: center;\"><a href=\"http:\/\/www.pr-neu.de\/newsroom\/wordpress\/wp-content\/uploads\/2018\/04\/17-29_Fluchttuer_1_G.jpg\" target=\"_blank\" rel=\"noopener noreferrer\">Bild downloaden (300dpi)<\/a><\/p>\n<p style=\"text-align: center;\"><a href=\"http:\/\/www.pr-neu.de\/newsroom\/wordpress\/wp-content\/uploads\/2018\/04\/17-29_Fluchttuer_2_G.jpg\" target=\"_blank\" rel=\"noopener noreferrer\"><img loading=\"lazy\" decoding=\"async\" class=\"aligncenter wp-image-6208 size-medium\" src=\"http:\/\/www.pr-neu.de\/newsroom\/wordpress\/wp-content\/uploads\/2018\/04\/17-29_Fluchttuer_2_G-300x200.jpg\" alt=\"Erstklassig: Mehr als Fassade und Konzertsaal Elbphilharmonie: T\u00fcr und Tor zur gro\u00dfen Musik\" width=\"300\" height=\"200\" \/><\/a>Zweifl\u00fcgelige Fluchtt\u00fcr mit Vollpanikfunktion, versorgt \u00fcber eine USV-Sicherung, \u00fcber Drehwinkelsensoren (Detail), gekoppelt an die Entrauchungs-Anlage.<br \/>\nBild: Teckentrup \/ Thomas Lerch<\/p>\n<p style=\"text-align: center;\"><a href=\"http:\/\/www.pr-neu.de\/newsroom\/wordpress\/wp-content\/uploads\/2018\/04\/17-29_Fluchttuer_2_G.jpg\" target=\"_blank\" rel=\"noopener noreferrer\">Bild downloaden (300dpi)<\/a><\/p>\n<p style=\"text-align: center;\"><a href=\"http:\/\/www.pr-neu.de\/newsroom\/wordpress\/wp-content\/uploads\/2018\/04\/17-29_Fluchttuer_3_G.jpg\" target=\"_blank\" rel=\"noopener noreferrer\"><img loading=\"lazy\" decoding=\"async\" class=\"aligncenter wp-image-6209 size-medium\" src=\"http:\/\/www.pr-neu.de\/newsroom\/wordpress\/wp-content\/uploads\/2018\/04\/17-29_Fluchttuer_3_G-200x300.jpg\" alt=\"Erstklassig: Mehr als Fassade und Konzertsaal Elbphilharmonie: T\u00fcr und Tor zur gro\u00dfen Musik\" width=\"200\" height=\"300\" \/><\/a>Zweifl\u00fcgelige Fluchtt\u00fcr mit Vollpanikfunktion, versorgt \u00fcber eine USV-Sicherung, \u00fcber Drehwinkelsensoren (Detail), gekoppelt an die Entrauchungs-Anlage.<br \/>\nBild: Teckentrup \/ Thomas Lerch<\/p>\n<p style=\"text-align: center;\"><a href=\"http:\/\/www.pr-neu.de\/newsroom\/wordpress\/wp-content\/uploads\/2018\/04\/17-29_Fluchttuer_3_G.jpg\" target=\"_blank\" rel=\"noopener noreferrer\">Bild downloaden (300dpi)<\/a><\/p>\n<p style=\"text-align: center;\"><a href=\"http:\/\/www.pr-neu.de\/newsroom\/wordpress\/wp-content\/uploads\/2018\/04\/17-29_Fluchttuer_4_G.jpg\" target=\"_blank\" rel=\"noopener noreferrer\"><img loading=\"lazy\" decoding=\"async\" class=\"aligncenter wp-image-6210 size-medium\" src=\"http:\/\/www.pr-neu.de\/newsroom\/wordpress\/wp-content\/uploads\/2018\/04\/17-29_Fluchttuer_4_G-200x300.jpg\" alt=\"Erstklassig: Mehr als Fassade und Konzertsaal Elbphilharmonie: T\u00fcr und Tor zur gro\u00dfen Musik\" width=\"200\" height=\"300\" srcset=\"https:\/\/www.pr-neu.de\/newsroom\/wordpress\/wp-content\/uploads\/2018\/04\/17-29_Fluchttuer_4_G-200x300.jpg 200w, https:\/\/www.pr-neu.de\/newsroom\/wordpress\/wp-content\/uploads\/2018\/04\/17-29_Fluchttuer_4_G-768x1152.jpg 768w, https:\/\/www.pr-neu.de\/newsroom\/wordpress\/wp-content\/uploads\/2018\/04\/17-29_Fluchttuer_4_G-683x1024.jpg 683w, https:\/\/www.pr-neu.de\/newsroom\/wordpress\/wp-content\/uploads\/2018\/04\/17-29_Fluchttuer_4_G-73x110.jpg 73w, https:\/\/www.pr-neu.de\/newsroom\/wordpress\/wp-content\/uploads\/2018\/04\/17-29_Fluchttuer_4_G-280x420.jpg 280w, https:\/\/www.pr-neu.de\/newsroom\/wordpress\/wp-content\/uploads\/2018\/04\/17-29_Fluchttuer_4_G-287x430.jpg 287w, https:\/\/www.pr-neu.de\/newsroom\/wordpress\/wp-content\/uploads\/2018\/04\/17-29_Fluchttuer_4_G.jpg 1197w\" sizes=\"auto, (max-width: 200px) 100vw, 200px\" \/><\/a>Zweifl\u00fcgelige Fluchtt\u00fcr mit Vollpanikfunktion, versorgt \u00fcber eine USV-Sicherung, \u00fcber Drehwinkelsensoren (Detail), gekoppelt an die Entrauchungs-Anlage.<br \/>\nBild: Teckentrup \/ Thomas Lerch<\/p>\n<p style=\"text-align: center;\"><a href=\"http:\/\/www.pr-neu.de\/newsroom\/wordpress\/wp-content\/uploads\/2018\/04\/17-29_Fluchttuer_4_G.jpg\" target=\"_blank\" rel=\"noopener noreferrer\">Bild downloaden (300dpi)<\/a><\/p>\n<p style=\"text-align: center;\"><a href=\"http:\/\/www.pr-neu.de\/newsroom\/wordpress\/wp-content\/uploads\/2018\/04\/17-29_Rauchschleuse_G.jpg\" target=\"_blank\" rel=\"noopener noreferrer\"><img loading=\"lazy\" decoding=\"async\" class=\"aligncenter wp-image-6211 size-medium\" src=\"http:\/\/www.pr-neu.de\/newsroom\/wordpress\/wp-content\/uploads\/2018\/04\/17-29_Rauchschleuse_G-200x300.jpg\" alt=\"Erstklassig: Mehr als Fassade und Konzertsaal Elbphilharmonie: T\u00fcr und Tor zur gro\u00dfen Musik\" width=\"200\" height=\"300\" \/><\/a>Entrauchungs- und Zugangs-schutz im Ausgang zu den Prober\u00e4umen: Die erste T\u00fcr \u00f6ffnet in die \u201eRauchschleuse\u201c, in der eine gro\u00dfe Absauganlage im Ernstfall f\u00fcr Rauchfreiheit sorgt. Die zweite T\u00fcr \u2013 dahinter \u2013 stellt den Brand- und Einbruchschutz sicher.<br \/>\nBild: Teckentrup \/ Thomas Lerch<\/p>\n<p style=\"text-align: center;\"><a href=\"http:\/\/www.pr-neu.de\/newsroom\/wordpress\/wp-content\/uploads\/2018\/04\/17-29_Rauchschleuse_G.jpg\" target=\"_blank\" rel=\"noopener noreferrer\">Bild downloaden (300dpi)<\/a><\/p>\n<p style=\"text-align: center;\"><a href=\"http:\/\/www.pr-neu.de\/newsroom\/wordpress\/wp-content\/uploads\/2018\/04\/17-29_Technikzentrale_G.jpg\" target=\"_blank\" rel=\"noopener noreferrer\"><img loading=\"lazy\" decoding=\"async\" class=\"aligncenter wp-image-6212 size-medium\" src=\"http:\/\/www.pr-neu.de\/newsroom\/wordpress\/wp-content\/uploads\/2018\/04\/17-29_Technikzentrale_G-300x200.jpg\" alt=\"Erstklassig: Mehr als Fassade und Konzertsaal Elbphilharmonie: T\u00fcr und Tor zur gro\u00dfen Musik\" width=\"300\" height=\"200\" \/><\/a>In der Technikzentrale der Elbphilharmonie sind verschiedene Funktionsbereiche jeweils speziell zu sichern und zug\u00e4nglich zu machen. Bestimmte Elektro-Einheiten sind zum Beispiel mit Brandschutzt\u00fcren inklusive elektromechanischer Offenhaltung ausgestattet.<br \/>\nBild: Teckentrup \/ Thomas Lerch<\/p>\n<p style=\"text-align: center;\"><a href=\"http:\/\/www.pr-neu.de\/newsroom\/wordpress\/wp-content\/uploads\/2018\/04\/17-29_Technikzentrale_G.jpg\" target=\"_blank\" rel=\"noopener noreferrer\">Bild downloaden (300dpi)<\/a><\/p>\n<p style=\"text-align: center;\"><a href=\"http:\/\/www.pr-neu.de\/newsroom\/wordpress\/wp-content\/uploads\/2018\/04\/17-29_Sachse_G.jpg\" target=\"_blank\" rel=\"noopener noreferrer\"><img loading=\"lazy\" decoding=\"async\" class=\"aligncenter wp-image-6213 size-medium\" src=\"http:\/\/www.pr-neu.de\/newsroom\/wordpress\/wp-content\/uploads\/2018\/04\/17-29_Sachse_G-200x300.jpg\" alt=\"Erstklassig: Mehr als Fassade und Konzertsaal Elbphilharmonie: T\u00fcr und Tor zur gro\u00dfen Musik\" width=\"200\" height=\"300\" \/><\/a>\u201eDie Zusammenarbeit mit der Bauleitung funktionierte extrem gut, kompetent und vertrauensvoll. So konnten wir schnell auf spezifische Herausforderungen \u00a0reagieren.\u201c Nikolai Sachse, ausf\u00fchrender Handwerker<br \/>\nBild: Teckentrup \/ Thomas Lerch<\/p>\n<p style=\"text-align: center;\"><a href=\"http:\/\/www.pr-neu.de\/newsroom\/wordpress\/wp-content\/uploads\/2018\/04\/17-29_Sachse_G.jpg\" target=\"_blank\" rel=\"noopener noreferrer\">Bild downloaden (300dpi)<\/a><\/p>\n<p style=\"text-align: center;\"><strong>\u00a0<\/strong><\/p>\n<p style=\"text-align: center;\"><a href=\"http:\/\/www.pr-neu.de\/newsroom\/wordpress\/wp-content\/uploads\/2018\/04\/17-29_Wolf_G.jpg\" target=\"_blank\" rel=\"noopener noreferrer\"><img loading=\"lazy\" decoding=\"async\" class=\"aligncenter wp-image-6214 size-medium\" src=\"http:\/\/www.pr-neu.de\/newsroom\/wordpress\/wp-content\/uploads\/2018\/04\/17-29_Wolf_G-200x300.jpg\" alt=\"Erstklassig: Mehr als Fassade und Konzertsaal Elbphilharmonie: T\u00fcr und Tor zur gro\u00dfen Musik\" width=\"200\" height=\"300\" \/><\/a>\u201eDie Elbphilharmonie verlangte auch von uns als Hersteller alles ab. Kaum eine T\u00fcr ist gleich \u2013 und dennoch immer in einheitlicher Optik. Bei dieser Funktionalit\u00e4tsbreite k\u00f6nnen wir mit etwas Stolz sagen: Wir liefern Door Solutions.\u201c Marcus Wolf, Fachberater des Herstel-lers Teckentrup (Verl).<br \/>\nBild: Teckentrup \/ Thomas Lerch<\/p>\n<p style=\"text-align: center;\"><a href=\"http:\/\/www.pr-neu.de\/newsroom\/wordpress\/wp-content\/uploads\/2018\/04\/17-29_Wolf_G.jpg\" target=\"_blank\" rel=\"noopener noreferrer\">Bild downloaden (300dpi)<\/a><\/p>\n<hr noshade=\"noshade\" size=\"1\" \/>\n<p><span style=\"text-decoration: underline;\"><strong>BAUTAFEL<\/strong><\/span><\/p>\n<p><strong>Architekten:<\/strong><br \/>\nHerzog de Meuron<\/p>\n<p><strong>Bau-GU:<\/strong><br \/>\nHOCHTIEF Solutions AG<\/p>\n<p><strong>T\u00fcren, Tore:<\/strong><br \/>\nTeckentrup GmbH &amp; Co. KG, Verl, u.a.<\/p>\n<p><strong>Portalverkleidung:<\/strong><br \/>\nTube Bau Metall Rostock<\/p>\n<p><span class=\"fontstyle2\"><strong>Rollgittertore:<\/strong><br \/>\nRoth-Sirol, Schweiz<\/span><\/p>\n<hr noshade=\"noshade\" size=\"1\" \/>\n<p>Abdruck honorarfrei, Belegexemplar erbeten an<\/p>\n","protected":false},"excerpt":{"rendered":"<p>Beim Stichwort \u201eElbphilharmonie\u201c kommen den meisten sofort Bilder der stadtbildpr\u00e4genden Silhouette in den Sinn \u2013 oder vom beeindruckenden gro\u00dfen Konzertsaal. Dabei ist Hamburgs neues Wahrzeichen viel mehr. Hotel, Gastro\u00adnomie und Wohnungen mit hochwertiger Innenausstattung geh\u00f6ren genauso dazu. <\/p>\n<tbody>\n<tr>\n<td><!-- AddThis Button BEGIN --><\/p>\n<div class=\"addthis_toolbox addthis_default_style\">\n<div><a class=\"addthis_button_compact\" href=\"http:\/\/www.addthis.com\/bookmark.php?v=250&amp;username=xa-4bcef6844aa77bdd\">Share<\/a><span class=\"addthis_separator\">|<\/span><a class=\"addthis_button_facebook\"><\/a><a class=\"addthis_button_myspace\"><\/a><a class=\"addthis_button_google\"><\/a><a class=\"addthis_button_twitter\"><\/a><\/div>\n<\/div>\n<p><script src=\"http:\/\/s7.addthis.com\/js\/250\/addthis_widget.js#username=xa-4bcef6844aa77bdd\" type=\"text\/javascript\"><\/script><!-- AddThis Button END --><\/td>\n<\/tr>\n<\/tbody>\n<\/table>\n","protected":false},"author":6,"featured_media":6197,"comment_status":"closed","ping_status":"open","sticky":false,"template":"","format":"standard","meta":{"footnotes":""},"categories":[18],"tags":[],"class_list":["post-6188","post","type-post","status-publish","format-standard","has-post-thumbnail","hentry","category-teckentrup"],"_links":{"self":[{"href":"https:\/\/www.pr-neu.de\/newsroom\/wp-json\/wp\/v2\/posts\/6188","targetHints":{"allow":["GET"]}}],"collection":[{"href":"https:\/\/www.pr-neu.de\/newsroom\/wp-json\/wp\/v2\/posts"}],"about":[{"href":"https:\/\/www.pr-neu.de\/newsroom\/wp-json\/wp\/v2\/types\/post"}],"author":[{"embeddable":true,"href":"https:\/\/www.pr-neu.de\/newsroom\/wp-json\/wp\/v2\/users\/6"}],"replies":[{"embeddable":true,"href":"https:\/\/www.pr-neu.de\/newsroom\/wp-json\/wp\/v2\/comments?post=6188"}],"version-history":[{"count":3,"href":"https:\/\/www.pr-neu.de\/newsroom\/wp-json\/wp\/v2\/posts\/6188\/revisions"}],"predecessor-version":[{"id":11440,"href":"https:\/\/www.pr-neu.de\/newsroom\/wp-json\/wp\/v2\/posts\/6188\/revisions\/11440"}],"wp:featuredmedia":[{"embeddable":true,"href":"https:\/\/www.pr-neu.de\/newsroom\/wp-json\/wp\/v2\/media\/6197"}],"wp:attachment":[{"href":"https:\/\/www.pr-neu.de\/newsroom\/wp-json\/wp\/v2\/media?parent=6188"}],"wp:term":[{"taxonomy":"category","embeddable":true,"href":"https:\/\/www.pr-neu.de\/newsroom\/wp-json\/wp\/v2\/categories?post=6188"},{"taxonomy":"post_tag","embeddable":true,"href":"https:\/\/www.pr-neu.de\/newsroom\/wp-json\/wp\/v2\/tags?post=6188"}],"curies":[{"name":"wp","href":"https:\/\/api.w.org\/{rel}","templated":true}]}}