{"id":603,"date":"2011-06-16T09:07:20","date_gmt":"2011-06-16T07:07:20","guid":{"rendered":"http:\/\/www.pr-nord.de\/newsroom\/?p=603"},"modified":"2020-05-28T16:39:21","modified_gmt":"2020-05-28T14:39:21","slug":"kuhl-bleiben","status":"publish","type":"post","link":"https:\/\/www.pr-neu.de\/newsroom\/kuhl-bleiben\/","title":{"rendered":"K\u00fchl bleiben"},"content":{"rendered":"<p><span style=\"text-decoration: underline;\">StoColor X-black sch\u00fctzt dunkle WDVS-Oberfl\u00e4chen mit NIR-Technologie vor \u00dcberhitzung<\/span><\/p>\n<table border=\"0\" width=\"520\" cellspacing=\"0\" cellpadding=\"0\">\n<tbody>\n<tr>\n<td><strong>K\u00fchl bleiben<\/strong><\/p>\n<p><strong>Einen \u201eHitzeschild\u201c f\u00fcr das Fassadend\u00e4mmsystem StoTherm Classic bietet die neue Fassadenfarbe StoColor X-black. Sie reflektiert Infrarotstrahlung und senkt Temperaturspitzen an der Fassade um 15 bis 20 Prozent. Das macht den Wandaufbau insbesondere bei dunklen Farbt\u00f6nen langlebiger und sicherer. <\/strong><\/p>\n<p>Dunkle Fassadenfarben werden stark nachgefragt. Die technische Herausforderung dabei: Sie heizen sich in der Sonne st\u00e4rker auf als helle. In der Vergangenheit konnten darum dunkle Fassaden \u2013 wenn \u00fcberhaupt \u2013 h\u00e4ufig nur mit einem mineralischen D\u00e4mmstoff realisiert werden. Jetzt erlaubt die NIR-Technologie (Nah-Infrarot-Reflektion) auch die D\u00e4mmung sehr dunkler Fassaden mit dem bew\u00e4hrten Expandierten Polystyrol (EPS).<\/p>\n<p>Beim Einsatz dunkler Farbt\u00f6ne mit einem Hellbezugswert kleiner 20 (0 = keine Reflexion\/100 = totale Reflexion) an Fassaden kann es aufgrund der Sonneneinstrahlung zu Temperaturspitzen mit mehr als 80\u00b0 C an der Oberfl\u00e4che kommen. Dies ist ein kritischer Temperaturbereich f\u00fcr nahezu alle Wandaufbauten, gerade bei einer D\u00e4mmung mit EPS sollte eine Temperatur von 70\u00b0 C nicht wiederholt \u00fcberschritten werden, da sonst in der D\u00e4mmschicht und an der Putzoberfl\u00e4che Sch\u00e4den drohen.<\/p>\n<p><strong>W\u00e4rmereflektion kappt Temperaturspitzen<\/strong><\/p>\n<p>Die matte Fassadenfarbe StoColor X-black besitzt die F\u00e4higkeit, eine von Sonnenstrahlung verursachte Temperaturspitze unter 70\u00b0 C zu halten. Dies gelingt durch den Einsatz spezieller NIR-Pigmente, die gro\u00dfe Teile der Sonnenenergie \u2013 im nicht sichtbaren Nahinfrarotbereich \u2013 reflektieren. Die jeweiligen Temperaturspitzen verringern sich dabei um 15 bis 20 Prozent gegen\u00fcber einer markt\u00fcblichen Pigmentierung. Dadurch k\u00f6nnen in Absprache mit den Sto-Technikern beim D\u00e4mmsystem StoTherm Classic Oberfl\u00e4chen erstellt werden, welche die sonst \u00fcbliche Untergrenze des Hellbezugswerts von 20 deutlich unterschreiten \u2013 ohne D\u00e4mmstoffwechsel von EPS auf Mineralwolle.<\/p>\n<p>Ein zus\u00e4tzlicher Effekt des verbesserten Fassadenschutzes ist der Beitrag zur Reduktion des \u201eHitze-Insel-Ph\u00e4nomens\u201c, den die Farbe leistet. Bei gro\u00dffl\u00e4chigem Einsatz k\u00f6nnen sich innerst\u00e4dtische Bereiche nicht so stark erhitzen wie bisher, was \u2013 vor allem in hei\u00dferen L\u00e4ndern \u2013 erhebliche Einsparungen bei der Geb\u00e4udeklimatisierung erm\u00f6glicht.<\/p>\n<p>StoColor X-black f\u00fcr StoTherm Classic basiert auf Reinacrylat, um bei intensiven Farbt\u00f6nen eine m\u00f6glichst hohe Bindekraft und damit Langlebigkeit sicherzustellen. Die Fassadenfarbe eignet sich f\u00fcr den Neubau wie die Renovierung und ist in allen Farbt\u00f6nen des StoColor Systems erh\u00e4ltlich.<\/p>\n<hr noshade=\"noshade\" size=\"1\" \/>\n<table style=\"height: 25px;\" border=\"0\" width=\"520\" cellspacing=\"0\" cellpadding=\"0\">\n<tbody>\n<tr>\n<td valign=\"top\" width=\"370\" height=\"25\"><a href=\"http:\/\/www.pr-neu.de\/newsroom\/wordpress\/wp-content\/uploads\/2011\/06\/11-32-Testaufbau1_G.jpg\"><img loading=\"lazy\" decoding=\"async\" class=\"aligncenter size-medium wp-image-13154\" src=\"http:\/\/www.pr-neu.de\/newsroom\/wordpress\/wp-content\/uploads\/2011\/06\/11-32-Testaufbau1_G-300x199.jpg\" alt=\"\" width=\"300\" height=\"199\" srcset=\"https:\/\/www.pr-neu.de\/newsroom\/wordpress\/wp-content\/uploads\/2011\/06\/11-32-Testaufbau1_G-300x199.jpg 300w, https:\/\/www.pr-neu.de\/newsroom\/wordpress\/wp-content\/uploads\/2011\/06\/11-32-Testaufbau1_G-1024x679.jpg 1024w, https:\/\/www.pr-neu.de\/newsroom\/wordpress\/wp-content\/uploads\/2011\/06\/11-32-Testaufbau1_G-768x509.jpg 768w, https:\/\/www.pr-neu.de\/newsroom\/wordpress\/wp-content\/uploads\/2011\/06\/11-32-Testaufbau1_G-1536x1019.jpg 1536w, https:\/\/www.pr-neu.de\/newsroom\/wordpress\/wp-content\/uploads\/2011\/06\/11-32-Testaufbau1_G-2048x1358.jpg 2048w, https:\/\/www.pr-neu.de\/newsroom\/wordpress\/wp-content\/uploads\/2011\/06\/11-32-Testaufbau1_G-110x73.jpg 110w, https:\/\/www.pr-neu.de\/newsroom\/wordpress\/wp-content\/uploads\/2011\/06\/11-32-Testaufbau1_G-420x279.jpg 420w, https:\/\/www.pr-neu.de\/newsroom\/wordpress\/wp-content\/uploads\/2011\/06\/11-32-Testaufbau1_G-648x430.jpg 648w\" sizes=\"auto, (max-width: 300px) 100vw, 300px\" \/><\/a><\/td>\n<td colspan=\"3\" height=\"21\">Erst die thermografische Aufnahme zeigt den Unterschied: Die zweite und vierte Tafel (von links) des Testaufbaus sind mit einer auf NIR-Pigmenten basierenden Farbe beschichtet. Diese reflektiert gro\u00dfe Teile der Sonnenenergie, wodurch die Oberfl\u00e4che der Tafeln deutlich k\u00fchler bleibt.<\/p>\n<p>Bild: Sto AG<\/td>\n<\/tr>\n<tr>\n<td valign=\"top\" width=\"370\" height=\"280\"><a href=\"http:\/\/www.pr-neu.de\/newsroom\/wordpress\/wp-content\/uploads\/2011\/06\/11-32-Testaufbau2_G.jpg\"><img loading=\"lazy\" decoding=\"async\" class=\"aligncenter size-medium wp-image-13155\" src=\"http:\/\/www.pr-neu.de\/newsroom\/wordpress\/wp-content\/uploads\/2011\/06\/11-32-Testaufbau2_G-300x225.jpg\" alt=\"\" width=\"300\" height=\"225\" srcset=\"https:\/\/www.pr-neu.de\/newsroom\/wordpress\/wp-content\/uploads\/2011\/06\/11-32-Testaufbau2_G-300x225.jpg 300w, https:\/\/www.pr-neu.de\/newsroom\/wordpress\/wp-content\/uploads\/2011\/06\/11-32-Testaufbau2_G-110x83.jpg 110w, https:\/\/www.pr-neu.de\/newsroom\/wordpress\/wp-content\/uploads\/2011\/06\/11-32-Testaufbau2_G-420x315.jpg 420w, https:\/\/www.pr-neu.de\/newsroom\/wordpress\/wp-content\/uploads\/2011\/06\/11-32-Testaufbau2_G-573x430.jpg 573w, https:\/\/www.pr-neu.de\/newsroom\/wordpress\/wp-content\/uploads\/2011\/06\/11-32-Testaufbau2_G.jpg 640w\" sizes=\"auto, (max-width: 300px) 100vw, 300px\" \/><\/a><\/td>\n<td colspan=\"3\" height=\"21\">Bild: Sto AG<\/td>\n<\/tr>\n<tr>\n<td valign=\"top\" width=\"370\" height=\"25\"><a href=\"http:\/\/www.pr-neu.de\/newsroom\/wordpress\/wp-content\/uploads\/2011\/06\/11-32-Gebaeude_G.jpg\"><img loading=\"lazy\" decoding=\"async\" class=\"size-medium wp-image-13156\" src=\"http:\/\/www.pr-neu.de\/newsroom\/wordpress\/wp-content\/uploads\/2011\/06\/11-32-Gebaeude_G-300x201.jpg\" alt=\"\" width=\"300\" height=\"201\" srcset=\"https:\/\/www.pr-neu.de\/newsroom\/wordpress\/wp-content\/uploads\/2011\/06\/11-32-Gebaeude_G-300x201.jpg 300w, https:\/\/www.pr-neu.de\/newsroom\/wordpress\/wp-content\/uploads\/2011\/06\/11-32-Gebaeude_G-1024x687.jpg 1024w, https:\/\/www.pr-neu.de\/newsroom\/wordpress\/wp-content\/uploads\/2011\/06\/11-32-Gebaeude_G-768x516.jpg 768w, https:\/\/www.pr-neu.de\/newsroom\/wordpress\/wp-content\/uploads\/2011\/06\/11-32-Gebaeude_G-1536x1031.jpg 1536w, https:\/\/www.pr-neu.de\/newsroom\/wordpress\/wp-content\/uploads\/2011\/06\/11-32-Gebaeude_G-110x74.jpg 110w, https:\/\/www.pr-neu.de\/newsroom\/wordpress\/wp-content\/uploads\/2011\/06\/11-32-Gebaeude_G-420x282.jpg 420w, https:\/\/www.pr-neu.de\/newsroom\/wordpress\/wp-content\/uploads\/2011\/06\/11-32-Gebaeude_G-641x430.jpg 641w, https:\/\/www.pr-neu.de\/newsroom\/wordpress\/wp-content\/uploads\/2011\/06\/11-32-Gebaeude_G.jpg 1795w\" sizes=\"auto, (max-width: 300px) 100vw, 300px\" \/><\/a><\/td>\n<td colspan=\"3\" height=\"21\">Dunkle Farbt\u00f6ne an der Fassade stehen hoch im Kurs. Die NIR-Technologie erlaubt den verst\u00e4rkten Einsatz dunkler Farben auf dem bew\u00e4hrten D\u00e4mmsystem StoTherm Classic.<\/p>\n<p>Bild: Sto AG<\/td>\n<\/tr>\n<\/tbody>\n<\/table>\n<hr noshade=\"noshade\" size=\"1\" \/>\n<p>Abdruck honorarfrei, Belegexemplar erbeten<\/td>\n<\/tr>\n<tr>\n<td><\/td>\n<\/tr>\n<\/tbody>\n<\/table>\n<table border=\"0\" width=\"95{ab9cb22b1639c68dfef7c1751c9d63405358944ce3964465eb35eb6b5b6beaaa}\">\n<tbody>\n<tr>\n<td><!-- AddThis Button BEGIN --><\/p>\n<div class=\"addthis_toolbox addthis_default_style\"><\/div>\n<p>&nbsp;<\/td>\n<\/tr>\n<\/tbody>\n<\/table>\n","protected":false},"excerpt":{"rendered":"<p>StoColor X-black sch\u00fctzt dunkle WDVS-Oberfl\u00e4chen mit NIR-Technologie vor \u00dcberhitzung K\u00fchl bleiben Einen \u201eHitzeschild\u201c f\u00fcr das Fassadend\u00e4mmsystem StoTherm Classic bietet die neue Fassadenfarbe StoColor X-black. Sie reflektiert Infrarotstrahlung und senkt Temperaturspitzen an der Fassade um 15 bis 20 Prozent. Das macht den Wandaufbau insbesondere bei dunklen Farbt\u00f6nen langlebiger und sicherer. Dunkle Fassadenfarben werden stark nachgefragt. Die [&hellip;]<\/p>\n","protected":false},"author":6,"featured_media":0,"comment_status":"closed","ping_status":"open","sticky":false,"template":"","format":"standard","meta":{"footnotes":""},"categories":[3,15],"tags":[124,187,189,261,379,504,513,533,619,627],"class_list":["post-603","post","type-post","status-publish","format-standard","hentry","category-kundenmeldungen","category-sto","tag-dammung","tag-fassade","tag-fassadendammung","tag-hitzeschutz","tag-nir-technologie","tag-sto-2","tag-stocolor-x-black","tag-stotherm","tag-warmedamm-verbundsystem","tag-wdvs"],"_links":{"self":[{"href":"https:\/\/www.pr-neu.de\/newsroom\/wp-json\/wp\/v2\/posts\/603","targetHints":{"allow":["GET"]}}],"collection":[{"href":"https:\/\/www.pr-neu.de\/newsroom\/wp-json\/wp\/v2\/posts"}],"about":[{"href":"https:\/\/www.pr-neu.de\/newsroom\/wp-json\/wp\/v2\/types\/post"}],"author":[{"embeddable":true,"href":"https:\/\/www.pr-neu.de\/newsroom\/wp-json\/wp\/v2\/users\/6"}],"replies":[{"embeddable":true,"href":"https:\/\/www.pr-neu.de\/newsroom\/wp-json\/wp\/v2\/comments?post=603"}],"version-history":[{"count":4,"href":"https:\/\/www.pr-neu.de\/newsroom\/wp-json\/wp\/v2\/posts\/603\/revisions"}],"predecessor-version":[{"id":13157,"href":"https:\/\/www.pr-neu.de\/newsroom\/wp-json\/wp\/v2\/posts\/603\/revisions\/13157"}],"wp:attachment":[{"href":"https:\/\/www.pr-neu.de\/newsroom\/wp-json\/wp\/v2\/media?parent=603"}],"wp:term":[{"taxonomy":"category","embeddable":true,"href":"https:\/\/www.pr-neu.de\/newsroom\/wp-json\/wp\/v2\/categories?post=603"},{"taxonomy":"post_tag","embeddable":true,"href":"https:\/\/www.pr-neu.de\/newsroom\/wp-json\/wp\/v2\/tags?post=603"}],"curies":[{"name":"wp","href":"https:\/\/api.w.org\/{rel}","templated":true}]}}