{"id":6008,"date":"2018-02-01T17:14:26","date_gmt":"2018-02-01T14:44:26","guid":{"rendered":"http:\/\/www.pr-nord.de\/newsroom\/?p=6008"},"modified":"2020-05-19T08:41:30","modified_gmt":"2020-05-19T06:41:30","slug":"ausgezeichnete-abdichtung","status":"publish","type":"post","link":"https:\/\/www.pr-neu.de\/newsroom\/ausgezeichnete-abdichtung\/","title":{"rendered":"Ausgezeichnete Abdichtung"},"content":{"rendered":"<p><span style=\"text-decoration: underline;\">Hanno: Hannoband-3E BG1 erh\u00e4lt RAL-G\u00fctezeichen<\/span><\/p>\n<p><strong>Gut, besser, G\u00fctesiegel: Als weiteres Hanno-Produkt erhielt jetzt das impr\u00e4gnierte Multifunktions-Fugendichtungsband \u201eHannoband-3E BG1\u201c das RAL-G\u00fctezeichen Fugendichtungskomponenten und -Systeme. Damit z\u00e4hlt es zu den g\u00fctegesicherten Produkten, die besonders strenge Qualit\u00e4ts- und Sicherheitsbestimmungen erf\u00fcllen. Als Spezialist f\u00fcr dichte Anschl\u00fcsse unterstreicht Hanno mit der erneuten Auszeichnung die hohe Qualit\u00e4t seines umfangreichen Portfolios.<\/strong><\/p>\n<p>Nach dem \u201eHanno Folienband Duo Easy 240\u201c bestand nun auch das impr\u00e4gnierte Multifunktions-Fugendichtungsband \u201eHannoband-3E BG1\u201c die strengen RAL-Pr\u00fcfbedingungen. Das vorkomprimierte Band aus Polyurethan-Weichschaum mit Acrylatdispersions-Impr\u00e4gnierung eignet sich in hervorragender und bew\u00e4hrter Weise besonders f\u00fcr Anschluss- und Bewegungsfugen zwischen Bauteilen und gew\u00e4hrleistet zuverl\u00e4ssig die luft- und schlagregendichte (nach EN1027 bis 1050 Pa) Abdichtung.<\/p>\n<p><strong>Optimales Feuchtemanagement<\/strong><\/p>\n<p>Die integrierten feuchteadaptiven Funktionsmembranen sorgen zus\u00e4tzlich f\u00fcr optimales Feuchtemanagement: Auf der jeweils feuchteren Seite ist das Band diffusionsdichter als auf der anderen. Der Effekt: Feuchtigkeit wird aus der Fuge heraus transportiert \u2013 so bleibt die Fuge ganzj\u00e4hrig trocken. Im Test \u00fcberzeugte das Fugendichtband zudem mit dauerhafter Witterungsbest\u00e4ndigkeit, wetterunabh\u00e4ngiger Montage und einer Schalld\u00e4mmung von 58 dB. Die RAL-Pr\u00fcfbestimmungen legen au\u00dferdem Wert auf langlebige und nachhaltige Produkte:<br \/>\nAls sehr emissionsarmes Dichtband erf\u00fcllt es auch diese Vorgabe mit Bravour \u2013 zehn Jahre Funktionsgew\u00e4hrleistung im Hanno-3E-Abdichtungssystem inklusive.<\/p>\n<p>Alle Eigenschaften wurden vom ift Rosenheim getestet und best\u00e4tigt. Das Hannoband-3E BG1 erf\u00fcllt somit sowohl DIN- und EnEV- als auch RAL-Anforderungen \u2013 und garantiert damit hochwertige, zuverl\u00e4ssige Bauteilabdichtung bis zum Passivhausstandard.<\/p>\n<p><strong>G\u00fctezeichen f\u00fcr maximale Produktqualit\u00e4t<\/strong><\/p>\n<p>Im Herbst 2017 \u00fcbergab Bernfried Stache, Vorstand der RAL G\u00fctegemeinschaft Fugendichtungskomponenten und -Systeme, die Urkunde an Hanno-Gesch\u00e4ftsf\u00fchrer G\u00fcnter Krohn. Krohn thematisierte dabei die Bedeutung der Qualit\u00e4tssicherung durch G\u00fctezeichen: Durch transparente Anforderungen \u00fcber verbindliche Normen hinaus, neutrale Pr\u00fcfinstitute und stetige \u00dcberwachung und Aktualisierung schaffen G\u00fctezeichen Orientierung und stehen in besonderem Ma\u00dfe f\u00fcr zuverl\u00e4ssigen Verbraucherschutz.<\/p>\n<p>Maximale Produktqualit\u00e4t an Anschlussfugen ist besonders wichtig, weil durch minderwertige Abdichtungen an Fenster und Fassade W\u00e4rmebr\u00fccken drohen, die Energieverlust und Feuchtesch\u00e4den zur Folge haben k\u00f6nnen. Mit der Mitgliedschaft in der RAL FDKS und deren verpflichtenden anspruchsvollen Qualit\u00e4tsnachweisen unterstreicht Hanno seinen Anspruch an durchg\u00e4ngige Qualit\u00e4tssicherung und hochleistungsf\u00e4hige Produkte.<\/p>\n<hr \/>\n<p style=\"text-align: center;\"><a href=\"http:\/\/www.pr-neu.de\/newsroom\/wordpress\/wp-content\/uploads\/2018\/02\/18-01-Zertifizierung_Uebergabe_G.jpg\" target=\"_blank\" rel=\"noopener noreferrer\"><img loading=\"lazy\" decoding=\"async\" class=\"aligncenter wp-image-6011 size-medium\" src=\"http:\/\/www.pr-neu.de\/newsroom\/wordpress\/wp-content\/uploads\/2018\/02\/18-01-Zertifizierung_Uebergabe_G-300x200.jpg\" alt=\"Hanno: RAL-G\u00fctezeichen f\u00fcr Hannoband-3E BG1Ausgezeichnete Abdichtung\" width=\"300\" height=\"200\" srcset=\"https:\/\/www.pr-neu.de\/newsroom\/wordpress\/wp-content\/uploads\/2018\/02\/18-01-Zertifizierung_Uebergabe_G-300x200.jpg 300w, https:\/\/www.pr-neu.de\/newsroom\/wordpress\/wp-content\/uploads\/2018\/02\/18-01-Zertifizierung_Uebergabe_G-768x512.jpg 768w, https:\/\/www.pr-neu.de\/newsroom\/wordpress\/wp-content\/uploads\/2018\/02\/18-01-Zertifizierung_Uebergabe_G-1024x682.jpg 1024w, https:\/\/www.pr-neu.de\/newsroom\/wordpress\/wp-content\/uploads\/2018\/02\/18-01-Zertifizierung_Uebergabe_G-110x73.jpg 110w, https:\/\/www.pr-neu.de\/newsroom\/wordpress\/wp-content\/uploads\/2018\/02\/18-01-Zertifizierung_Uebergabe_G-420x280.jpg 420w, https:\/\/www.pr-neu.de\/newsroom\/wordpress\/wp-content\/uploads\/2018\/02\/18-01-Zertifizierung_Uebergabe_G-645x430.jpg 645w, https:\/\/www.pr-neu.de\/newsroom\/wordpress\/wp-content\/uploads\/2018\/02\/18-01-Zertifizierung_Uebergabe_G.jpg 1795w\" sizes=\"auto, (max-width: 300px) 100vw, 300px\" \/><\/a><\/p>\n<p style=\"text-align: center;\">Bernfried Stache, Vorstand der RAL FDKS, \u00fcbergab die G\u00fctezeichenurkunde f\u00fcr<br \/>\ndas Hannoband-3E BG1 an G\u00fcnter Krohn, Gesch\u00e4ftsf\u00fchrer Hanno Werk GmbH &amp; Co. KG.<br \/>\nFoto: Hanno Werk GmbH &amp; Co. KG<\/p>\n<p style=\"text-align: center;\"><a href=\"http:\/\/www.pr-neu.de\/newsroom\/wordpress\/wp-content\/uploads\/2018\/02\/18-01-Zertifizierung_Uebergabe_G.jpg\" target=\"_blank\" rel=\"noopener noreferrer\">Bild-Download (300dpi)<\/a><\/p>\n<p style=\"text-align: center;\">\u00a0<a href=\"http:\/\/www.pr-neu.de\/newsroom\/wordpress\/wp-content\/uploads\/2018\/02\/18-01-Hannoband_3E_BG1_G-1.jpg\" target=\"_blank\" rel=\"noopener noreferrer\"><img loading=\"lazy\" decoding=\"async\" class=\"aligncenter wp-image-6012 size-medium\" src=\"http:\/\/www.pr-neu.de\/newsroom\/wordpress\/wp-content\/uploads\/2018\/02\/18-01-Hannoband_3E_BG1_G-300x201.jpg\" alt=\"Hanno: RAL-G\u00fctezeichen f\u00fcr Hannoband-3E BG1Ausgezeichnete Abdichtung\" width=\"300\" height=\"201\" srcset=\"https:\/\/www.pr-neu.de\/newsroom\/wordpress\/wp-content\/uploads\/2018\/02\/18-01-Hannoband_3E_BG1_G-300x201.jpg 300w, https:\/\/www.pr-neu.de\/newsroom\/wordpress\/wp-content\/uploads\/2018\/02\/18-01-Hannoband_3E_BG1_G-768x516.jpg 768w, https:\/\/www.pr-neu.de\/newsroom\/wordpress\/wp-content\/uploads\/2018\/02\/18-01-Hannoband_3E_BG1_G-1024x687.jpg 1024w, https:\/\/www.pr-neu.de\/newsroom\/wordpress\/wp-content\/uploads\/2018\/02\/18-01-Hannoband_3E_BG1_G-110x74.jpg 110w, https:\/\/www.pr-neu.de\/newsroom\/wordpress\/wp-content\/uploads\/2018\/02\/18-01-Hannoband_3E_BG1_G-420x282.jpg 420w, https:\/\/www.pr-neu.de\/newsroom\/wordpress\/wp-content\/uploads\/2018\/02\/18-01-Hannoband_3E_BG1_G-641x430.jpg 641w, https:\/\/www.pr-neu.de\/newsroom\/wordpress\/wp-content\/uploads\/2018\/02\/18-01-Hannoband_3E_BG1_G.jpg 1795w\" sizes=\"auto, (max-width: 300px) 100vw, 300px\" \/><\/a><\/p>\n<p style=\"text-align: center;\">Das Multifunktions-Fugendichtband erf\u00fcllt strengste Qualit\u00e4ts-<br \/>\nund Sicherheitsbedingungen \u2013 gepr\u00fcft und best\u00e4tigt durch das ift Rosenheim.<br \/>\nFoto: Hanno Werk GmbH &amp; Co. KG<\/p>\n<p style=\"text-align: center;\"><a href=\"http:\/\/www.pr-neu.de\/newsroom\/wordpress\/wp-content\/uploads\/2018\/02\/18-01-Hannoband_3E_BG1_G.jpg\" target=\"_blank\" rel=\"noopener noreferrer\">Bild-Download (300dpi)<\/a><\/p>\n<hr \/>\n<p>Abdruck honorarfrei, Belegexemplar erbeten<\/p>\n","protected":false},"excerpt":{"rendered":"<p>Gut, besser, G\u00fctesiegel: Als weiteres Hanno-Produkt erhielt jetzt das impr\u00e4gnierte Multifunktions-Fugendichtungsband \u201eHannoband-3E BG1\u201c das RAL-G\u00fctezeichen Fugendichtungskomponenten und -Systeme. <\/p>\n<tbody>\n<tr>\n<td><!-- AddThis Button BEGIN --><\/p>\n<div class=\"addthis_toolbox addthis_default_style\">\n<div><a class=\"addthis_button_compact\" href=\"http:\/\/www.addthis.com\/bookmark.php?v=250&amp;username=xa-4bcef6844aa77bdd\">Share<\/a><span class=\"addthis_separator\">|<\/span><a class=\"addthis_button_facebook\"><\/a><a class=\"addthis_button_myspace\"><\/a><a class=\"addthis_button_google\"><\/a><a class=\"addthis_button_twitter\"><\/a><\/div>\n<\/div>\n<p><script src=\"http:\/\/s7.addthis.com\/js\/250\/addthis_widget.js#username=xa-4bcef6844aa77bdd\" type=\"text\/javascript\"><\/script><!-- AddThis Button END --><\/td>\n<\/tr>\n<\/tbody>\n<\/table>\n","protected":false},"author":6,"featured_media":6011,"comment_status":"closed","ping_status":"open","sticky":false,"template":"","format":"standard","meta":{"footnotes":""},"categories":[655],"tags":[],"class_list":["post-6008","post","type-post","status-publish","format-standard","has-post-thumbnail","hentry","category-hanno"],"_links":{"self":[{"href":"https:\/\/www.pr-neu.de\/newsroom\/wp-json\/wp\/v2\/posts\/6008","targetHints":{"allow":["GET"]}}],"collection":[{"href":"https:\/\/www.pr-neu.de\/newsroom\/wp-json\/wp\/v2\/posts"}],"about":[{"href":"https:\/\/www.pr-neu.de\/newsroom\/wp-json\/wp\/v2\/types\/post"}],"author":[{"embeddable":true,"href":"https:\/\/www.pr-neu.de\/newsroom\/wp-json\/wp\/v2\/users\/6"}],"replies":[{"embeddable":true,"href":"https:\/\/www.pr-neu.de\/newsroom\/wp-json\/wp\/v2\/comments?post=6008"}],"version-history":[{"count":3,"href":"https:\/\/www.pr-neu.de\/newsroom\/wp-json\/wp\/v2\/posts\/6008\/revisions"}],"predecessor-version":[{"id":11592,"href":"https:\/\/www.pr-neu.de\/newsroom\/wp-json\/wp\/v2\/posts\/6008\/revisions\/11592"}],"wp:featuredmedia":[{"embeddable":true,"href":"https:\/\/www.pr-neu.de\/newsroom\/wp-json\/wp\/v2\/media\/6011"}],"wp:attachment":[{"href":"https:\/\/www.pr-neu.de\/newsroom\/wp-json\/wp\/v2\/media?parent=6008"}],"wp:term":[{"taxonomy":"category","embeddable":true,"href":"https:\/\/www.pr-neu.de\/newsroom\/wp-json\/wp\/v2\/categories?post=6008"},{"taxonomy":"post_tag","embeddable":true,"href":"https:\/\/www.pr-neu.de\/newsroom\/wp-json\/wp\/v2\/tags?post=6008"}],"curies":[{"name":"wp","href":"https:\/\/api.w.org\/{rel}","templated":true}]}}