{"id":5941,"date":"2018-01-24T14:04:41","date_gmt":"2018-01-24T11:34:41","guid":{"rendered":"http:\/\/www.pr-nord.de\/newsroom\/?p=5941"},"modified":"2020-05-19T08:41:37","modified_gmt":"2020-05-19T06:41:37","slug":"versteckte-talente","status":"publish","type":"post","link":"https:\/\/www.pr-neu.de\/newsroom\/versteckte-talente\/","title":{"rendered":"Versteckte Talente"},"content":{"rendered":"<p><span style=\"text-decoration: underline;\">Hanno auf der fensterbau\/frontale, Halle 6, Stand 6-142<\/span><\/p>\n<p><strong>Im Fokus des Messe-Auftritts von Hanno zur fensterbau\/frontale (Halle 6, Stand 6-142) stehen neu entwickelte Varianten des \u201eHannoband\u201c-Klassikers: Der Spezialist f\u00fcr Fugenabdichtung und Schalld\u00e4mmung stellt unter anderem f\u00fcr den luftdichten inneren Anschluss das \u201eHannoband BG-R\u201c vor und f\u00fcr optimalen W\u00e4rme- und Schallschutz das neue Fugenband \u201eHannoband Therm\u201c, eine leistungsf\u00e4hige und leicht verarbeitbare Alternative zu PU-Montageschaum. Zudem pr\u00e4sentiert der Experte das Multifunktions-Fugendichtungsband \u201eHannoband 3E Passiv BG1\u201c mit innovativer Membrantechnik, speziell entwickelt als All-in-One-Abdichtung im Passivhaus. Es erf\u00fcllt alle DIN-, EnEV- und RAL-Anforderungenund garantiert so hochwertige, zuverl\u00e4ssige Bauteilabdichtung selbst im Passivhaus.<\/strong><\/p>\n<p>Neu ist auch das Zertifikat des ift Rosenheim. Damit belegt jetzt ein neutrales Gutachten die ausgezeichnete Funktion der wesentlichen Hanno-Produkte f\u00fcr den Fensteranschluss.<\/p>\n<p>Seit mehr als 120 Jahren entwickelt das Laatzener Unternehmen hochleistungsf\u00e4hige Bauprodukte, insbesondere f\u00fcr dichte Fugen sowie schall- und w\u00e4rmeged\u00e4mmte Bauteilanschl\u00fcsse. Einen Schwerpunkt hat Hanno dabei f\u00fcr das Marktfeld Fensterabdichtung entwickelt. \u201eDa wir stets den direkten Dialog mit den Handwerkern und Fachverarbeitern f\u00fchren, ist die fensterbau f\u00fcr uns ein Highlight 2018\u201c, erkl\u00e4rt Prokurist und Vertriebsleiter Markus Fehrmann.<\/p>\n<hr \/>\n<p><a href=\"http:\/\/www.pr-neu.de\/newsroom\/wordpress\/wp-content\/uploads\/2018\/01\/18-02_fensterbau_frontale_G.jpg\" target=\"_blank\" rel=\"noopener noreferrer\"><img loading=\"lazy\" decoding=\"async\" class=\"aligncenter wp-image-5944 size-medium\" src=\"http:\/\/www.pr-neu.de\/newsroom\/wordpress\/wp-content\/uploads\/2018\/01\/18-02_fensterbau_frontale_G-187x300.jpg\" alt=\"Hanno auf der fensterbau\/frontale, Halle 6, Stand 6-142 Versteckte Talente\" width=\"187\" height=\"300\" srcset=\"https:\/\/www.pr-neu.de\/newsroom\/wordpress\/wp-content\/uploads\/2018\/01\/18-02_fensterbau_frontale_G-187x300.jpg 187w, https:\/\/www.pr-neu.de\/newsroom\/wordpress\/wp-content\/uploads\/2018\/01\/18-02_fensterbau_frontale_G-768x1234.jpg 768w, https:\/\/www.pr-neu.de\/newsroom\/wordpress\/wp-content\/uploads\/2018\/01\/18-02_fensterbau_frontale_G-637x1024.jpg 637w, https:\/\/www.pr-neu.de\/newsroom\/wordpress\/wp-content\/uploads\/2018\/01\/18-02_fensterbau_frontale_G-68x110.jpg 68w, https:\/\/www.pr-neu.de\/newsroom\/wordpress\/wp-content\/uploads\/2018\/01\/18-02_fensterbau_frontale_G-261x420.jpg 261w, https:\/\/www.pr-neu.de\/newsroom\/wordpress\/wp-content\/uploads\/2018\/01\/18-02_fensterbau_frontale_G-268x430.jpg 268w, https:\/\/www.pr-neu.de\/newsroom\/wordpress\/wp-content\/uploads\/2018\/01\/18-02_fensterbau_frontale_G.jpg 1117w\" sizes=\"auto, (max-width: 187px) 100vw, 187px\" \/><\/a><\/p>\n<p style=\"text-align: center;\">Auf der fensterbau zeigt Hanno unter anderem das<br \/>\n\u201e3E-Fugenabdichtungssystem\u201c, mit dem zuverl\u00e4ssige<br \/>\nBauteilabdichtung bis zum Passivhausstandard<br \/>\nproblemlos m\u00f6glich ist.<br \/>\nBild: Hanno Werk GmbH &amp; Co. KG<\/p>\n<p style=\"text-align: center;\"><a href=\"http:\/\/www.pr-neu.de\/newsroom\/wordpress\/wp-content\/uploads\/2018\/01\/18-02_fensterbau_frontale_G.jpg\" target=\"_blank\" rel=\"noopener noreferrer\">Bild-Download (300dpi)<\/a><\/p>\n<hr \/>\n<p>Abdruck honorarfrei, Belegexemplar erbeten<\/p>\n","protected":false},"excerpt":{"rendered":"<p>Im Fokus des Messe-Auftritts von Hanno zur fensterbau\/frontale (Halle 6, Stand 6-142) stehen neu entwickelte Varianten des \u201eHannoband\u201c-Klassikers.<\/p>\n<tbody>\n<tr>\n<td><!-- AddThis Button BEGIN --><\/p>\n<div class=\"addthis_toolbox addthis_default_style\">\n<div><a class=\"addthis_button_compact\" href=\"http:\/\/www.addthis.com\/bookmark.php?v=250&amp;username=xa-4bcef6844aa77bdd\">Share<\/a><span class=\"addthis_separator\">|<\/span><a class=\"addthis_button_facebook\"><\/a><a class=\"addthis_button_myspace\"><\/a><a class=\"addthis_button_google\"><\/a><a class=\"addthis_button_twitter\"><\/a><\/div>\n<\/div>\n<p><script src=\"http:\/\/s7.addthis.com\/js\/250\/addthis_widget.js#username=xa-4bcef6844aa77bdd\" type=\"text\/javascript\"><\/script><!-- AddThis Button END --><\/td>\n<\/tr>\n<\/tbody>\n<\/table>\n","protected":false},"author":6,"featured_media":5944,"comment_status":"closed","ping_status":"open","sticky":false,"template":"","format":"standard","meta":{"footnotes":""},"categories":[655],"tags":[],"class_list":["post-5941","post","type-post","status-publish","format-standard","has-post-thumbnail","hentry","category-hanno"],"_links":{"self":[{"href":"https:\/\/www.pr-neu.de\/newsroom\/wp-json\/wp\/v2\/posts\/5941","targetHints":{"allow":["GET"]}}],"collection":[{"href":"https:\/\/www.pr-neu.de\/newsroom\/wp-json\/wp\/v2\/posts"}],"about":[{"href":"https:\/\/www.pr-neu.de\/newsroom\/wp-json\/wp\/v2\/types\/post"}],"author":[{"embeddable":true,"href":"https:\/\/www.pr-neu.de\/newsroom\/wp-json\/wp\/v2\/users\/6"}],"replies":[{"embeddable":true,"href":"https:\/\/www.pr-neu.de\/newsroom\/wp-json\/wp\/v2\/comments?post=5941"}],"version-history":[{"count":3,"href":"https:\/\/www.pr-neu.de\/newsroom\/wp-json\/wp\/v2\/posts\/5941\/revisions"}],"predecessor-version":[{"id":11593,"href":"https:\/\/www.pr-neu.de\/newsroom\/wp-json\/wp\/v2\/posts\/5941\/revisions\/11593"}],"wp:featuredmedia":[{"embeddable":true,"href":"https:\/\/www.pr-neu.de\/newsroom\/wp-json\/wp\/v2\/media\/5944"}],"wp:attachment":[{"href":"https:\/\/www.pr-neu.de\/newsroom\/wp-json\/wp\/v2\/media?parent=5941"}],"wp:term":[{"taxonomy":"category","embeddable":true,"href":"https:\/\/www.pr-neu.de\/newsroom\/wp-json\/wp\/v2\/categories?post=5941"},{"taxonomy":"post_tag","embeddable":true,"href":"https:\/\/www.pr-neu.de\/newsroom\/wp-json\/wp\/v2\/tags?post=5941"}],"curies":[{"name":"wp","href":"https:\/\/api.w.org\/{rel}","templated":true}]}}