{"id":5739,"date":"2017-11-27T11:12:52","date_gmt":"2017-11-27T08:42:52","guid":{"rendered":"http:\/\/www.pr-nord.de\/newsroom\/?p=5739"},"modified":"2020-05-18T15:20:39","modified_gmt":"2020-05-18T13:20:39","slug":"dynamische-transparenz","status":"publish","type":"post","link":"https:\/\/www.pr-neu.de\/newsroom\/dynamische-transparenz\/","title":{"rendered":"Dynamische Transparenz"},"content":{"rendered":"<p><span style=\"text-decoration: underline;\">16-Meter-Atrium in Stuttgart mit EControl-Glas<\/span><\/p>\n<p><strong>Offen, kommunikativ, kreativ: Bis ins Detail wird das Open-Space-Konzept in der neuen Europazentrale der Lapp Gruppe (U.I. Lapp GmbH) in Stuttgart-Vaihingen gelebt. Dieser rote Faden zieht sich durch das gesamte Architekturkonzept: Die transparente H\u00fclle des Verwaltungsgeb\u00e4udes ist von gro\u00dfen Fensterfronten gepr\u00e4gt, die zwei L-f\u00f6rmigen Geb\u00e4udefl\u00fcgel verbindet ein 16 Meter hohes gl\u00e4sernes Atrium. Um die Offenheit zu erhalten, entschied sich Lapp f\u00fcr das dimmbare Glas ECONTROL smart 45\/8 (EControl, Plauen). Es bietet gleich zwei Vorteile: Die freie Sicht nach au\u00dfen bleibt stets gewahrt \u2013 und das intelligente Glas unterst\u00fctzt die Klimatisierung des Atriums.<\/strong><\/p>\n<p>F\u00fcr gelebte Offenheit des Atriums der neuen Europazentrale der Lapp Gruppe in Stuttgart kam nur eine intelligente Sonnenschutzl\u00f6sung in Frage. Als weltweit f\u00fchrender Anbieter f\u00fcr integrierte L\u00f6sungen der Kabel- und Verbindungstechnologie und Komponenten f\u00fcr die intelligente Fabrik, sollte gerade der Eingangsbereich der neuen Zentrale die Visitenkarte f\u00fcr das High-Tech Unternehmen sein. Die Kernforderung lautete, die beiden W\u00fcnsche nach Transparenz einerseits sowie Blend- und Hitzeschutz andererseits \u201esichtbar\u201c zu realisieren. Eine ausf\u00fchrliche Produktrecherche brachte die Planer von Schwarz Architekten schlie\u00dflich auf die perfekte L\u00f6sung \u2013 dimmbares Glas der Plauener Firma EControl. \u201eDie breite Referenzliste unterst\u00fctzte uns in dem Wunsch, mit EControl zusammen zu arbeiten\u201c, erkl\u00e4rt Dr. Uwe Lehmk\u00fchler vom Stuttgarter Architekturb\u00fcro.<\/p>\n<p><strong>Eingangsbereich als High-Tech-Visitenkarte<\/strong><\/p>\n<p>Im Atrium mit seiner 16 Meter hohen Glasfassade sorgen 85 m\u00b2 ECONTROL smart 45\/8 f\u00fcr eine Verschattung im Glas, freie Sicht bei sch\u00f6nstem Wetter und ein angenehmes Wohlf\u00fchlklima im Foyer. Mit ihren elektrochromen Eigenschaften wirken die Gl\u00e4ser der Aufheizung des Atriums entgegen und erhalten die Transparenz. So betr\u00e4gt der g-Wert (Gesamtenergiedurchlassgrad) des dimmbaren Dreifach-Isolierglases ECONTROL 45\/8 auf st\u00e4rkster Dimmstufe nur acht Prozent \u2013 das senkt auch den Klimatisierungsbedarf. Weil sich die Scheiben abgestuft steuern lassen, passt der Blendschutz immer optimal zur aktuellen Witterung: Ist es drau\u00dfen d\u00e4mmrig, lassen die Scheiben entsprechend viel Tageslicht nach innen. Au\u00dfenliegender Sonnenschutz ist mit diesem Glas \u00fcberfl\u00fcssig. \u201eWo sonst Raffstoren die Sicht nach drau\u00dfen versperren, l\u00e4sst unser Glas die Transparenz bestehen\u201c, erkl\u00e4rt EControl Gesch\u00e4ftsf\u00fchrer Tobias John.<\/p>\n<p>Das hochfunktionale Prinzip hinter den Gl\u00e4sern ist die innenliegende Nanostrukturbeschichtung. Diese erzeugt den so genannten \u201eelektrochromen Effekt\u201c: \u00dcber eine elektrische Spannung f\u00e4rbt sich das Glas blau ein. \u201eDie Dimm-Stufen k\u00f6nnen automatisch oder manuell, zum Beispiel mit einem Tablet, gesteuert werden\u201c, erkl\u00e4rt John.<\/p>\n<p><strong>Adaptive Verglasungen bringen die L\u00f6sung<\/strong><\/p>\n<p>Beim Einbau der Dreifach-Isoliergl\u00e4ser unterst\u00fctzte EControl den ausf\u00fchrenden Metallbaubetrieb. \u201eDer Einbau der dimmbaren Verglasung ist vergleichbar mit dem von normalem Isolierglas. Bei der Planung der Verkabelung arbeiten wir eng mit dem Fassadenbauer zusammen. Unsere langj\u00e4hrige Erfahrung zeigt, dass sich diese enge Zusammenarbeit immer auszahlt\u201c, erz\u00e4hlt EControl Vertriebsleiter Manfred Dittmar.<\/p>\n<p>Die Europazentrale der Lapp Gruppe gilt heute als beispielhaft in Bezug auf die Energieeinsparverordnung \u2013 sie wird um 20 Prozent unterschritten. Die Klimaintelligenten ECONTROL Gl\u00e4ser f\u00fcgen sich perfekt in das effiziente Gesamtgef\u00fcge ein.<\/p>\n<hr noshade=\"noshade\" size=\"1\" \/>\n<p><span style=\"text-decoration: underline;\"><strong>Bautafel:<\/strong><\/span><\/p>\n<table style=\"height: 227px;\" width=\"540\">\n<tbody>\n<tr>\n<td width=\"231\"><strong>Bauherr:<\/strong><\/td>\n<td width=\"231\">U.I. Lapp GmbH<\/td>\n<\/tr>\n<tr>\n<td width=\"231\"><\/td>\n<td width=\"231\">Schulze-Delitsch-Stra\u00dfe 25<\/td>\n<\/tr>\n<tr>\n<td width=\"231\"><\/td>\n<td width=\"231\">70565 Stuttgart<\/td>\n<\/tr>\n<tr>\n<td width=\"231\"><strong>Umfang:<\/strong><\/td>\n<td width=\"231\">85m\u00b2<\/td>\n<\/tr>\n<tr>\n<td width=\"231\"><strong>Produkt:<\/strong><\/td>\n<td width=\"231\">ECONTROL smart\u00ae 45\/8<\/td>\n<\/tr>\n<tr>\n<td width=\"231\"><strong>Einbau &amp; Fertigstellung des Geb\u00e4udes:<\/strong><\/td>\n<td width=\"231\">2016<\/td>\n<\/tr>\n<tr>\n<td width=\"231\"><strong>Architekt:<\/strong><\/td>\n<td width=\"231\">Schwarz Planungsgesellschaft mbH &amp; Co. KG<\/td>\n<\/tr>\n<tr>\n<td width=\"231\"><\/td>\n<td width=\"231\">Bludenzer Stra\u00dfe 6<\/td>\n<\/tr>\n<tr>\n<td width=\"231\"><\/td>\n<td width=\"231\">70469 Stuttgart<\/td>\n<\/tr>\n<\/tbody>\n<\/table>\n<hr noshade=\"noshade\" size=\"1\" \/>\n<p><a href=\"http:\/\/www.pr-neu.de\/newsroom\/wordpress\/wp-content\/uploads\/2017\/11\/17-07_Lapp_01a_G.jpg\"><img loading=\"lazy\" decoding=\"async\" class=\"aligncenter size-medium wp-image-5741\" src=\"http:\/\/www.pr-neu.de\/newsroom\/wordpress\/wp-content\/uploads\/2017\/11\/17-07_Lapp_01a_G-197x300.jpg\" alt=\"16-Meter-Atrium in Stuttgart mit EControl-Glas Energieeffizienz mit dynamischer Transparenz\" width=\"197\" height=\"300\" \/><\/a><\/p>\n<p style=\"text-align: center;\">Das 16 Meter hohe gl\u00e4serne Atrium verbindet beide Fl\u00fcgel der Europazentrale. Auch auf der h\u00f6chsten Dimmstufe gelangt noch gen\u00fcgend Tageslicht ins Innere.<\/p>\n<p style=\"text-align: center;\">Foto: EControl-Glas GmbH &amp; Co. KG\u00a0 \/ Fotograf: DIGIWORLD.tv<\/p>\n<p style=\"text-align: center;\"><a href=\"http:\/\/www.pr-neu.de\/newsroom\/wordpress\/wp-content\/uploads\/2017\/11\/17-07_Lapp_01a_G.jpg\" target=\"_blank\" rel=\"noopener noreferrer\">Download (300dpi)<\/a><\/p>\n<p><a href=\"http:\/\/www.pr-neu.de\/newsroom\/wordpress\/wp-content\/uploads\/2017\/11\/17-07_Lapp_01b_G.jpg\"><img loading=\"lazy\" decoding=\"async\" class=\"aligncenter size-medium wp-image-5742\" src=\"http:\/\/www.pr-neu.de\/newsroom\/wordpress\/wp-content\/uploads\/2017\/11\/17-07_Lapp_01b_G-300x300.jpg\" alt=\"16-Meter-Atrium in Stuttgart mit EControl-Glas Energieeffizienz mit dynamischer Transparenz\" width=\"300\" height=\"300\" \/><\/a><\/p>\n<p style=\"text-align: center;\">Die intelligenten Gl\u00e4ser lassen sich wie ein Mosaik ansteuern.<\/p>\n<p style=\"text-align: center;\">Foto: EControl-Glas GmbH &amp; Co. KG\u00a0 \/ Fotograf: DIGIWORLD.tv<\/p>\n<p style=\"text-align: center;\"><a href=\"http:\/\/www.pr-neu.de\/newsroom\/wordpress\/wp-content\/uploads\/2017\/11\/17-07_Lapp_01b_G.jpg\" target=\"_blank\" rel=\"noopener noreferrer\">Download (300dpi)<\/a><\/p>\n<p><a href=\"http:\/\/www.pr-neu.de\/newsroom\/wordpress\/wp-content\/uploads\/2017\/11\/17-07_Lapp_02_G.jpg\"><img loading=\"lazy\" decoding=\"async\" class=\"aligncenter size-medium wp-image-5743\" src=\"http:\/\/www.pr-neu.de\/newsroom\/wordpress\/wp-content\/uploads\/2017\/11\/17-07_Lapp_02_G-185x300.jpg\" alt=\"16-Meter-Atrium in Stuttgart mit EControl-Glas Energieeffizienz mit dynamischer Transparenz\" width=\"185\" height=\"300\" \/><\/a><\/p>\n<p style=\"text-align: center;\">Innenansicht des Atriums. Das dimmbare Glas ECONTROL l\u00e4sst sich jedem Bed\u00fcrfnis anpassen und individuell steuern. Die innenliegende Nanostrukturbeschichtung von ECONTROL erzeugt den so genannten \u201eelektrochromen Effekt\u201c \u00fcber eine elektrische Spannung und f\u00e4rbt das Glas blau ein.<\/p>\n<p style=\"text-align: center;\">Foto: EControl-Glas GmbH &amp; Co. KG\u00a0 \/ Fotograf: DIGIWORLD.tv<\/p>\n<p style=\"text-align: center;\"><a href=\"http:\/\/www.pr-neu.de\/newsroom\/wordpress\/wp-content\/uploads\/2017\/11\/17-07_Lapp_02_G.jpg\" target=\"_blank\" rel=\"noopener noreferrer\">Download (300dpi)<\/a><\/p>\n<p><a href=\"http:\/\/www.pr-neu.de\/newsroom\/wordpress\/wp-content\/uploads\/2017\/11\/17-07_Lapp_03_G.jpg\"><img loading=\"lazy\" decoding=\"async\" class=\"aligncenter size-medium wp-image-5744\" src=\"http:\/\/www.pr-neu.de\/newsroom\/wordpress\/wp-content\/uploads\/2017\/11\/17-07_Lapp_03_G-300x150.jpg\" alt=\"16-Meter-Atrium in Stuttgart mit EControl-Glas Energieeffizienz mit dynamischer Transparenz\" width=\"300\" height=\"150\" srcset=\"https:\/\/www.pr-neu.de\/newsroom\/wordpress\/wp-content\/uploads\/2017\/11\/17-07_Lapp_03_G-300x150.jpg 300w, https:\/\/www.pr-neu.de\/newsroom\/wordpress\/wp-content\/uploads\/2017\/11\/17-07_Lapp_03_G-768x384.jpg 768w, https:\/\/www.pr-neu.de\/newsroom\/wordpress\/wp-content\/uploads\/2017\/11\/17-07_Lapp_03_G-1024x512.jpg 1024w, https:\/\/www.pr-neu.de\/newsroom\/wordpress\/wp-content\/uploads\/2017\/11\/17-07_Lapp_03_G-110x55.jpg 110w, https:\/\/www.pr-neu.de\/newsroom\/wordpress\/wp-content\/uploads\/2017\/11\/17-07_Lapp_03_G-420x210.jpg 420w, https:\/\/www.pr-neu.de\/newsroom\/wordpress\/wp-content\/uploads\/2017\/11\/17-07_Lapp_03_G-770x385.jpg 770w, https:\/\/www.pr-neu.de\/newsroom\/wordpress\/wp-content\/uploads\/2017\/11\/17-07_Lapp_03_G.jpg 1795w\" sizes=\"auto, (max-width: 300px) 100vw, 300px\" \/><\/a><\/p>\n<p style=\"text-align: center;\">Innenansicht des Atriums. Das dimmbare Glas ECONTROL l\u00e4sst sich jedem Bed\u00fcrfnis anpassen und individuell steuern. Die innenliegende Nanostrukturbeschichtung von ECONTROL erzeugt den so genannten \u201eelektrochromen Effekt\u201c \u00fcber eine elektrische Spannung und f\u00e4rbt das Glas blau ein.<\/p>\n<p style=\"text-align: center;\">Foto: EControl-Glas GmbH &amp; Co. KG\u00a0 \/ Fotograf: DIGIWORLD.tv<\/p>\n<p style=\"text-align: center;\"><a href=\"http:\/\/www.pr-neu.de\/newsroom\/wordpress\/wp-content\/uploads\/2017\/11\/17-07_Lapp_03_G.jpg\" target=\"_blank\" rel=\"noopener noreferrer\">Download (300dpi)<\/a><\/p>\n<hr noshade=\"noshade\" size=\"1\" \/>\n<p>Abdruck honorarfrei, Belegexemplar erbeten<\/p>\n<p><strong>R\u00fcckfragen beantwortet gern<\/strong><\/p>\n<table width=\"532\">\n<tbody>\n<tr>\n<td valign=\"top\" width=\"260\" height=\"25\"><strong>EControl-Glas<\/strong> GmbH &amp; Co. KG<br \/>\nNadine Witt<br \/>\nTel.: +49(0)3741\/14820-116<br \/>\nFax: +49(0)3741\/14820-150<br \/>\nE-Mail: <a href=\"&#x6d;&#97;&#x69;&#x6c;&#116;&#x6f;&#x3a;&#112;&#x72;&#x65;&#115;&#x73;&#x65;&#64;&#x65;&#x63;o&#x6e;&#116;r&#x6f;&#108;-&#x67;&#108;a&#x73;&#46;d&#x65;\">&#x70;&#x72;&#x65;&#x73;&#x73;&#x65;&#x40;&#x65;&#x63;&#x6f;&#x6e;&#x74;&#x72;&#x6f;&#x6c;&#x2d;&#x67;&#x6c;&#x61;&#x73;&#x2e;&#x64;&#x65;<\/a><\/td>\n<td colspan=\"3\" valign=\"top\" width=\"260\" height=\"21\"><\/td>\n<\/tr>\n<\/tbody>\n<\/table>\n","protected":false},"excerpt":{"rendered":"<p>Offen, kommunikativ, kreativ: Bis ins Detail wird das Open-Space-Konzept in der neuen Europazentrale der Lapp Gruppe (U.I. Lapp GmbH) in Stuttgart-Vaihingen gelebt. Dieser rote Faden zieht sich durch das gesamte Architekturkonzept: Die transparente H\u00fclle des Verwaltungsgeb\u00e4udes ist von gro\u00dfen Fensterfronten gepr\u00e4gt, die zwei L-f\u00f6rmigen Geb\u00e4udefl\u00fcgel verbindet ein 16 Meter hohes gl\u00e4sernes Atrium. <\/p>\n<tbody>\n<tr>\n<td><!-- AddThis Button BEGIN --><\/p>\n<div class=\"addthis_toolbox addthis_default_style\">\n<div><a class=\"addthis_button_compact\" href=\"http:\/\/www.addthis.com\/bookmark.php?v=250&amp;username=xa-4bcef6844aa77bdd\">Share<\/a><span class=\"addthis_separator\">|<\/span><a class=\"addthis_button_facebook\"><\/a><a class=\"addthis_button_myspace\"><\/a><a class=\"addthis_button_google\"><\/a><a class=\"addthis_button_twitter\"><\/a><\/div>\n<\/div>\n<p><script src=\"http:\/\/s7.addthis.com\/js\/250\/addthis_widget.js#username=xa-4bcef6844aa77bdd\" type=\"text\/javascript\"><\/script><!-- AddThis Button END --><\/td>\n<\/tr>\n<\/tbody>\n<\/table>\n","protected":false},"author":6,"featured_media":5744,"comment_status":"closed","ping_status":"open","sticky":false,"template":"","format":"standard","meta":{"footnotes":""},"categories":[25],"tags":[],"class_list":["post-5739","post","type-post","status-publish","format-standard","has-post-thumbnail","hentry","category-econtrol"],"_links":{"self":[{"href":"https:\/\/www.pr-neu.de\/newsroom\/wp-json\/wp\/v2\/posts\/5739","targetHints":{"allow":["GET"]}}],"collection":[{"href":"https:\/\/www.pr-neu.de\/newsroom\/wp-json\/wp\/v2\/posts"}],"about":[{"href":"https:\/\/www.pr-neu.de\/newsroom\/wp-json\/wp\/v2\/types\/post"}],"author":[{"embeddable":true,"href":"https:\/\/www.pr-neu.de\/newsroom\/wp-json\/wp\/v2\/users\/6"}],"replies":[{"embeddable":true,"href":"https:\/\/www.pr-neu.de\/newsroom\/wp-json\/wp\/v2\/comments?post=5739"}],"version-history":[{"count":4,"href":"https:\/\/www.pr-neu.de\/newsroom\/wp-json\/wp\/v2\/posts\/5739\/revisions"}],"predecessor-version":[{"id":11534,"href":"https:\/\/www.pr-neu.de\/newsroom\/wp-json\/wp\/v2\/posts\/5739\/revisions\/11534"}],"wp:featuredmedia":[{"embeddable":true,"href":"https:\/\/www.pr-neu.de\/newsroom\/wp-json\/wp\/v2\/media\/5744"}],"wp:attachment":[{"href":"https:\/\/www.pr-neu.de\/newsroom\/wp-json\/wp\/v2\/media?parent=5739"}],"wp:term":[{"taxonomy":"category","embeddable":true,"href":"https:\/\/www.pr-neu.de\/newsroom\/wp-json\/wp\/v2\/categories?post=5739"},{"taxonomy":"post_tag","embeddable":true,"href":"https:\/\/www.pr-neu.de\/newsroom\/wp-json\/wp\/v2\/tags?post=5739"}],"curies":[{"name":"wp","href":"https:\/\/api.w.org\/{rel}","templated":true}]}}