{"id":5642,"date":"2017-10-30T17:00:00","date_gmt":"2017-10-30T16:00:00","guid":{"rendered":"http:\/\/www.pr-nord.de\/newsroom\/?p=5618"},"modified":"2020-05-18T15:07:06","modified_gmt":"2020-05-18T13:07:06","slug":"um-die-ecke-gedacht","status":"publish","type":"post","link":"https:\/\/www.pr-neu.de\/newsroom\/um-die-ecke-gedacht\/","title":{"rendered":"Um die Ecke gedacht"},"content":{"rendered":"<p><span style=\"text-decoration: underline;\">Neu: \u201eKlimaKomfort Keil\u201c von S\u00fcdwest<\/span><\/p>\n<p><strong>Clevere Erg\u00e4nzung: Mit dem neuen \u201eKlimaKomfort Keil\u201c erweitert S\u00fcdwest (B\u00f6hl-Iggelheim) sein mineralisches Schimmelsanierungssystem um eine praktische L\u00f6sung f\u00fcr den Eck- und Deckenabschluss. Der Keil ist komfortabel zu verarbeiten, l\u00e4sst sich einfach system\u00fcbergreifend einsetzen und minimiert K\u00e4ltebr\u00fccken optisch unauff\u00e4llig.<\/strong><\/p>\n<p>Das \u201eKlimaKomfort\u201c-System von S\u00fcdwest hat sich als moderne und wirtschaftliche L\u00f6sung zur Schimmelsanierung etabliert: die Platten aus dem nat\u00fcrlichen Rohstoff Perlit verhindern das Wachstum von Schimmelpilzen durch permanenten Feuchtigkeitsentzug. Das mineralische Vulkangestein nimmt unmittelbar pro Quadratmeter Platte bis zu 13,7 Liter Feuchtigkeit aus der Luft auf und gibt diese langsam wieder an die Raumluft ab, wenn die Luftfeuchte niedrig ist.<\/p>\n<p>Als eine Schwachstelle bei der Schimmelsanierung erweisen sich h\u00e4ufig \u00dcberg\u00e4nge zu Decken und Ecken: Konstruktiv liegen hier zwangsl\u00e4ufig K\u00e4ltebr\u00fccken vor. Um diese K\u00e4ltebr\u00fccken nach innen zu vermeiden, m\u00fcssten angrenzende Bauteile ebenfalls angepasst werden \u2013 eine schon optisch unerw\u00fcnschte L\u00f6sung. Der \u201eKlimaKomfort Keil\u201c bietet eine praktische und professionelle Alternative: Die keilf\u00f6rmige Platte hat an einer Seite eine Dicke von 25 Millimetern und l\u00e4uft auf 5 Millimeter aus. So entsteht optisch der Eindruck eines ansatzlosen \u00dcbergangs. Zugleich wirkt dies dem \u201eK\u00fchlrippen-Effekt\u201c von Innenw\u00e4nden und Decken entgegen, der bei Innend\u00e4mmung droht, wenn sich die D\u00e4mmung auf die Innenseite der Au\u00dfenwand beschr\u00e4nkt.<\/p>\n<p>Wie die \u201eKlimaKomfort\u201c-Platte besteht auch der Keil aus rein mineralischen Rohstoffen. Mit einer Plattengr\u00f6\u00dfe von 59,5 x 36,5 Zentimetern ist er zudem handlich und leicht zu verarbeiten, der Zuschnitt erfolgt wie gewohnt mit einem Cuttermesser. Ein weiterer Vorteil: Im Vergleich zu herk\u00f6mmlichen Keilen aus Kalziumsilikat ist der \u201eKlimaKomfort Keil\u201c wesentlich stabiler. Er erg\u00e4nzt das Profi-Komplettsystem von S\u00fcdwest, l\u00e4sst sich jedoch auch system\u00fcbergreifend verwenden.<\/p>\n<hr \/>\n<p><strong>Bildunterschrift<\/strong><\/p>\n<p><img loading=\"lazy\" decoding=\"async\" class=\"wp-image-5621 size-medium aligncenter\" src=\"http:\/\/www.pr-neu.de\/newsroom\/wordpress\/wp-content\/uploads\/2017\/10\/17-18-KlimaKomfort_Keil_01_G-300x225.jpg\" alt=\"\" width=\"300\" height=\"225\" srcset=\"https:\/\/www.pr-neu.de\/newsroom\/wordpress\/wp-content\/uploads\/2017\/10\/17-18-KlimaKomfort_Keil_01_G-300x225.jpg 300w, https:\/\/www.pr-neu.de\/newsroom\/wordpress\/wp-content\/uploads\/2017\/10\/17-18-KlimaKomfort_Keil_01_G-768x576.jpg 768w, https:\/\/www.pr-neu.de\/newsroom\/wordpress\/wp-content\/uploads\/2017\/10\/17-18-KlimaKomfort_Keil_01_G-1024x767.jpg 1024w, https:\/\/www.pr-neu.de\/newsroom\/wordpress\/wp-content\/uploads\/2017\/10\/17-18-KlimaKomfort_Keil_01_G-110x82.jpg 110w, https:\/\/www.pr-neu.de\/newsroom\/wordpress\/wp-content\/uploads\/2017\/10\/17-18-KlimaKomfort_Keil_01_G-420x315.jpg 420w, https:\/\/www.pr-neu.de\/newsroom\/wordpress\/wp-content\/uploads\/2017\/10\/17-18-KlimaKomfort_Keil_01_G-574x430.jpg 574w, https:\/\/www.pr-neu.de\/newsroom\/wordpress\/wp-content\/uploads\/2017\/10\/17-18-KlimaKomfort_Keil_01_G.jpg 1772w\" sizes=\"auto, (max-width: 300px) 100vw, 300px\" \/><\/p>\n<p style=\"text-align: center;\">Perfekte Innend\u00e4mmung mit zuverl\u00e4ssigem Schimmelschutz: Der \u201eKlimaKomfort Keil\u201c sorgt f\u00fcr eine technisch sichere und optisch ansprechende L\u00f6sung, um Decken und an Au\u00dfenw\u00e4nde angrenzende Innenw\u00e4nde in das D\u00e4mmsystem einzubinden. Bild: S\u00fcdwest<\/p>\n<p style=\"text-align: center;\"><a href=\"http:\/\/www.pr-neu.de\/newsroom\/wordpress\/wp-content\/uploads\/2017\/10\/17-18-KlimaKomfort_Keil_01_G.jpg\" target=\"_blank\" rel=\"noopener noreferrer\">Download (300dpi)<\/a><\/p>\n<p><img loading=\"lazy\" decoding=\"async\" class=\"wp-image-5622 size-medium aligncenter\" src=\"http:\/\/www.pr-neu.de\/newsroom\/wordpress\/wp-content\/uploads\/2017\/10\/17-18-KlimaKomfort_Keil_02_G-300x242.jpg\" alt=\"\" width=\"300\" height=\"242\" srcset=\"https:\/\/www.pr-neu.de\/newsroom\/wordpress\/wp-content\/uploads\/2017\/10\/17-18-KlimaKomfort_Keil_02_G-300x242.jpg 300w, https:\/\/www.pr-neu.de\/newsroom\/wordpress\/wp-content\/uploads\/2017\/10\/17-18-KlimaKomfort_Keil_02_G-768x618.jpg 768w, https:\/\/www.pr-neu.de\/newsroom\/wordpress\/wp-content\/uploads\/2017\/10\/17-18-KlimaKomfort_Keil_02_G-1024x825.jpg 1024w, https:\/\/www.pr-neu.de\/newsroom\/wordpress\/wp-content\/uploads\/2017\/10\/17-18-KlimaKomfort_Keil_02_G-110x89.jpg 110w, https:\/\/www.pr-neu.de\/newsroom\/wordpress\/wp-content\/uploads\/2017\/10\/17-18-KlimaKomfort_Keil_02_G-420x338.jpg 420w, https:\/\/www.pr-neu.de\/newsroom\/wordpress\/wp-content\/uploads\/2017\/10\/17-18-KlimaKomfort_Keil_02_G-534x430.jpg 534w, https:\/\/www.pr-neu.de\/newsroom\/wordpress\/wp-content\/uploads\/2017\/10\/17-18-KlimaKomfort_Keil_02_G.jpg 1772w\" sizes=\"auto, (max-width: 300px) 100vw, 300px\" \/><\/p>\n<p style=\"text-align: center;\">Perfekte Innend\u00e4mmung mit zuverl\u00e4ssigem Schimmelschutz: Der \u201eKlimaKomfort Keil\u201c sorgt f\u00fcr eine technisch sichere und optisch ansprechende L\u00f6sung, um Decken und an Au\u00dfenw\u00e4nde angrenzende Innenw\u00e4nde in das D\u00e4mmsystem einzubinden. Bild: S\u00fcdwest<\/p>\n<p style=\"text-align: center;\"><a href=\"http:\/\/www.pr-neu.de\/newsroom\/wordpress\/wp-content\/uploads\/2017\/10\/17-18-KlimaKomfort_Keil_02_G.jpg\" target=\"_blank\" rel=\"noopener noreferrer\">Download (300dpi)<\/a><\/p>\n<hr \/>\n<p><strong>S\u00fcdwest<\/strong> entwickelt und produziert seit mehr als 90 Jahren Lacke und Farben f\u00fcr die unterschiedlichsten Anwendungen. Erg\u00e4nzt werden die Kernsortimente noch um ein malerfreundliches W\u00e4rme\u00add\u00e4mmverbundsystem und Putze. Sie stehen f\u00fcr Top Qualit\u00e4t, hohe Funktionalit\u00e4t, zeitgem\u00e4\u00dfe Wirtschaftlichkeit und zukunftsweisende Umweltvertr\u00e4glichkeit. Im Mittelpunkt stehen dabei die speziellen Bed\u00fcrfnissen und Anforderungen des professionellen Verarbeiters: Die N\u00e4he zum Handwerk charakterisiert das Selbstverst\u00e4ndnis des Mittelst\u00e4ndlers. Dazu z\u00e4hlt Kundenn\u00e4he mit einer \u201eGeht-nicht-gibt\u2019s-nicht-Mentalit\u00e4t\u201c. S\u00dcDWEST Produkte sind die Summe aus jahrzehntelanger Erfahrung, fundiertem Know-How und hoher an den Marktbed\u00fcrfnissen orientierter Innovationskraft. Gemeinsam mit den Partnern im Handel sorgt S\u00fcdwest f\u00fcr einen stets funktionierenden 24-Stunden-Lieferservice und bietet zus\u00e4tzliche Services \u2013 beispiels\u00adweise Technische Beratung, Design-Studio und Abt\u00f6nservice.<\/p>\n<hr \/>\n<p>Abdruck honorarfrei, Belegexemplar erbeten<\/p>\n","protected":false},"excerpt":{"rendered":"<p>Clevere Erg\u00e4nzung: Mit dem neuen \u201eKlimaKomfort Keil\u201c erweitert S\u00fcdwest (B\u00f6hl-Iggelheim) sein mineralisches Schimmelsanierungssystem um eine praktische L\u00f6sung f\u00fcr den Eck- und Deckenabschluss. Der Keil ist komfortabel zu verarbeiten, l\u00e4sst sich einfach system\u00fcbergreifend einsetzen und minimiert K\u00e4ltebr\u00fccken optisch unauff\u00e4llig.<\/p>\n<table border=\"0\" width=\"95%\">\n<tbody>\n<tr>\n<td><!-- AddThis Button BEGIN --><\/p>\n<div class=\"addthis_toolbox addthis_default_style\">\n<div><a class=\"addthis_button_compact\" href=\"http:\/\/www.addthis.com\/bookmark.php?v=250&amp;username=xa-4bcef6844aa77bdd\">Share<\/a><span class=\"addthis_separator\">|<\/span><a class=\"addthis_button_facebook\"><\/a><a class=\"addthis_button_myspace\"><\/a><a class=\"addthis_button_google\"><\/a><a class=\"addthis_button_twitter\"><\/a><\/div>\n<\/div>\n<p><script src=\"http:\/\/s7.addthis.com\/js\/250\/addthis_widget.js#username=xa-4bcef6844aa77bdd\" type=\"text\/javascript\"><\/script><!-- AddThis Button END --><\/td>\n<\/tr>\n<\/tbody>\n<\/table>\n","protected":false},"author":6,"featured_media":5621,"comment_status":"closed","ping_status":"open","sticky":false,"template":"","format":"standard","meta":{"footnotes":""},"categories":[3,17],"tags":[],"class_list":["post-5642","post","type-post","status-publish","format-standard","has-post-thumbnail","hentry","category-kundenmeldungen","category-sudwest"],"_links":{"self":[{"href":"https:\/\/www.pr-neu.de\/newsroom\/wp-json\/wp\/v2\/posts\/5642","targetHints":{"allow":["GET"]}}],"collection":[{"href":"https:\/\/www.pr-neu.de\/newsroom\/wp-json\/wp\/v2\/posts"}],"about":[{"href":"https:\/\/www.pr-neu.de\/newsroom\/wp-json\/wp\/v2\/types\/post"}],"author":[{"embeddable":true,"href":"https:\/\/www.pr-neu.de\/newsroom\/wp-json\/wp\/v2\/users\/6"}],"replies":[{"embeddable":true,"href":"https:\/\/www.pr-neu.de\/newsroom\/wp-json\/wp\/v2\/comments?post=5642"}],"version-history":[{"count":6,"href":"https:\/\/www.pr-neu.de\/newsroom\/wp-json\/wp\/v2\/posts\/5642\/revisions"}],"predecessor-version":[{"id":11508,"href":"https:\/\/www.pr-neu.de\/newsroom\/wp-json\/wp\/v2\/posts\/5642\/revisions\/11508"}],"wp:featuredmedia":[{"embeddable":true,"href":"https:\/\/www.pr-neu.de\/newsroom\/wp-json\/wp\/v2\/media\/5621"}],"wp:attachment":[{"href":"https:\/\/www.pr-neu.de\/newsroom\/wp-json\/wp\/v2\/media?parent=5642"}],"wp:term":[{"taxonomy":"category","embeddable":true,"href":"https:\/\/www.pr-neu.de\/newsroom\/wp-json\/wp\/v2\/categories?post=5642"},{"taxonomy":"post_tag","embeddable":true,"href":"https:\/\/www.pr-neu.de\/newsroom\/wp-json\/wp\/v2\/tags?post=5642"}],"curies":[{"name":"wp","href":"https:\/\/api.w.org\/{rel}","templated":true}]}}