{"id":5597,"date":"2017-10-17T06:56:45","date_gmt":"2017-10-17T04:26:45","guid":{"rendered":"http:\/\/www.pr-nord.de\/newsroom\/?p=5597"},"modified":"2020-05-19T14:45:15","modified_gmt":"2020-05-19T12:45:15","slug":"sedak-unternehmen-aus-gersthofen-liefert-die-groessten-glaeser-der-welt","status":"publish","type":"post","link":"https:\/\/www.pr-neu.de\/newsroom\/sedak-unternehmen-aus-gersthofen-liefert-die-groessten-glaeser-der-welt\/","title":{"rendered":"sedak: Unternehmen aus Gersthofen liefert die gr\u00f6\u00dften Gl\u00e4ser der Welt"},"content":{"rendered":"<p><span style=\"text-decoration: underline;\">Hidden Champion aus Bayern realisiert spektakul\u00e4re Glasarchitektur<\/span><\/p>\n<p><strong><span style=\"text-decoration: underline;\">Gersthofen.<\/span> 70 Quadratmeter gro\u00dfe Glasscheiben \u2013 diesen Weltrekord produziert der bayerisch-schw\u00e4bische Glasveredler sedak ab Mitte 2018. Die Gl\u00e4ser sind bis 3,51 mal 20 Meter gro\u00df. Damit setzt sedak neue Ma\u00dfst\u00e4be in der Baubranche. Seit zehn Jahren liefert der Spezialist f\u00fcr \u00fcbergro\u00dfe Formate Sicherheits- und Isoliergl\u00e4ser rund um den Globus \u2013 unter anderem die Fassadenscheiben f\u00fcr die UNO in Genf, f\u00fcr das neue Apple-Hauptquartier in Kaliforniern oder das Haus der Europ\u00e4ischen Geschichte in Br\u00fcssel. Dabei etabliert sich das fest im Augsburger Raum verwurzelte Unternehmen mit seinen 150 Mitarbeitern als Innovationstreiber: Von Anfang an produzierte sedak technisch herausragende Spezialgl\u00e4ser. Der neuerliche Technologiesprung von 16,5 auf 20 Meter L\u00e4nge sei nur konsequent, erl\u00e4uterte Gesch\u00e4ftsf\u00fchrer Bernhard Veh. \u201eUnsere Erfahrung und die stetig steigende Nachfrage nach \u00fcbergro\u00dfen Gl\u00e4sern zeigen, dass unser Weg richtig ist\u201c.<\/strong><\/p>\n<p>Der Hersteller sedak hat sich mit Fassaden- und Spezial-Gl\u00e4ser in h\u00f6chster Qualit\u00e4t und in riesigen Abmessungen in der ganzen Welt einen Namen gemacht. Das mittelst\u00e4ndische Unternehmen fertigt am Standort Gersthofen bei Augsburg extrem gro\u00dfe Scheiben und hat daf\u00fcr eine hochautomatisierte Produktion aufgebaut. Die Gl\u00e4ser m\u00fcssen auch in den gro\u00dfen Dimensionen millimetergenau gefertigt werden, der Zusammenbau verschiedener Scheiben zu Isolier- oder Sicherheitsglas sehr exakt erfolgen. \u201eDaf\u00fcr nutzen wir zum einen den modernsten Maschinenpark der Welt \u2013 und setzen zum anderen auf das Wissen unserer Mitarbeiter: Kleinste Produktionsfehler multiplizieren sich, wirken umso st\u00e4rker, je gr\u00f6\u00dfer die Gl\u00e4ser sind\u201c, erkl\u00e4rt Veh. Um solche Fehler auszuschlie\u00dfen, ist hohe Kenntnis im Umgang mit dem Werkstoff Glas so wichtig.<\/p>\n<p>Mit dem Ausbau der Fertigungskapazit\u00e4ten, der bis Sommer 2018 abgeschlossen sein wird, kommen dann die weltweit gr\u00f6\u00dften Gl\u00e4ser aus der Region Augsburg: bis 3,51 x 20 Meter! So tr\u00e4gt der Glasveredler nicht zuletzt mit dazu bei, Bayern als einen f\u00fchrenden Technologiestandort in der Welt zu festigen.<\/p>\n<p><strong>Fassadenscheiben f\u00fcr den Apple Park in Cupertino<\/strong><\/p>\n<p>Beim Blick auf die lange Liste an Referenzbauten wird deutlich, dass sedak l\u00e4ngst seinen festen Platz in der \u201eglass-hall of fame\u201c inne hat: Haus der Europ\u00e4ischen Geschichte in Br\u00fcssel, medizinische Fakult\u00e4t in Montpellier, Torre Europa in Madrid, Iconsiam in Bangkok, Brookfield Place New York, UNO Genf und die Experimenta in Heilbronn sind Beispiele herausragender Glas-Architektur. \u201eF\u00fcr Schlagzeilen sorgten auch zahlreiche Premium-Flagship-Stores weltweit f\u00fcr die wir das Glas geliefert haben und der \u201aApple-Cube\u2019, ein vollst\u00e4ndig gl\u00e4serner W\u00fcrfel in NewYork\u201c, berichtet Veh. Und die Beziehung zum IT-Riesen h\u00e4lt: Auch f\u00fcr den neuen Unternehmenssitz in Cupertino produzierte sedak die Fassaden- und Vordachscheiben. Apple-typisch: Das Geb\u00e4ude bekam nicht nur sehr gro\u00dfe Scheiben (15 Meter L\u00e4nge), sondern auch gebogene: Das Apple-Headquarter hat einen runden Grundriss, das an ein UFO erinnert. Diese Kr\u00fcmmung nehmen die sedak-Gl\u00e4ser auf.<\/p>\n<p>Damit die gl\u00e4serne Fracht weltweit sicher ankommt, hat das Unternehmen auch den Transport optimiert. Dazu z\u00e4hlen spezielle Kisten, in denen die Scheiben bruchsicher liegen und sogar ein eigens entwickelter Spezial-LKW.<\/p>\n<p><strong>Standorttreu: Made in Ger(sthofen)many<\/strong><\/p>\n<p>Seit der Gr\u00fcndung 2007 investiert das bayerische Unternehmen j\u00e4hrlich 15 bis 30 Millionen Euro in den Ausbau der Fertigungsanlagen, in die Forschung und Weiterentwicklung f\u00fcr das Veredeln des Werkstoffes Glas und nicht zuletzt in die Qualifizierung der Mitarbeiter. Das versteht Veh zugleich als Standortsicherung. \u201eWir sind stolz darauf, eine Fertigung aufgebaut zu haben, die die gr\u00f6\u00dften Gl\u00e4ser der Welt veredeln kann. Damit das so bleibt, investieren wir weiter \u2013 und zwar hier in unserer nordschw\u00e4bischen Heimat\u201c, res\u00fcmiert Veh. F\u00fcr die 20-Meter-Scheiben wurden die Sondermaschinen bereits bestellt. Sie entstehen in enger Zusammenarbeit mit den Maschinenbauern. \u201eHier leistet sedak wertvolle Pionierarbeit. Unser Knowhow flie\u00dft beim Bau der innovativen Spezialmaschinen mit ein und davon profitiert letztlich die gesamte Flachglasbranche\u201c; erkl\u00e4rt der sedak-Chef.<\/p>\n<p>Typisch f\u00fcr ein mittelst\u00e4ndisches Unternehmen ist das breite Engagement in der Ausbildung. Neben klassischen Berufen wie der zum\/zur Industriekaufmann\/-kauffrau bietet sedak auch hier au\u00dfergew\u00f6hnliche Chancen \u2013 zum Beispiel die Ausbildung zum Flachglasmechaniker. Veh: \u201eJunge Menschen mit einem Faible f\u00fcr Technik finden hier eine abwechslungsreiche Aufgabe mit viel Potenzial f\u00fcr die Zukunft!\u201c<\/p>\n<p>&nbsp;<\/p>\n<hr noshade=\"noshade\" size=\"1\" \/>\n<p>&nbsp;<\/p>\n<p style=\"text-align: center;\">\u00a0<img loading=\"lazy\" decoding=\"async\" class=\"aligncenter wp-image-5601 size-medium\" src=\"http:\/\/www.pr-neu.de\/newsroom\/wordpress\/wp-content\/uploads\/2017\/10\/17-11-20Meter_01_K-300x201.jpg\" alt=\"sedak fertigt ab 2018 die gr\u00f6\u00dften Gl\u00e4ser der Welt in 3,6 x 20 Meter Transparenz unlimited\" width=\"300\" height=\"201\" srcset=\"https:\/\/www.pr-neu.de\/newsroom\/wordpress\/wp-content\/uploads\/2017\/10\/17-11-20Meter_01_K-300x201.jpg 300w, https:\/\/www.pr-neu.de\/newsroom\/wordpress\/wp-content\/uploads\/2017\/10\/17-11-20Meter_01_K-110x74.jpg 110w, https:\/\/www.pr-neu.de\/newsroom\/wordpress\/wp-content\/uploads\/2017\/10\/17-11-20Meter_01_K.jpg 360w\" sizes=\"auto, (max-width: 300px) 100vw, 300px\" \/><\/p>\n<p style=\"text-align: center;\"><em>\u201eMitte 2018 startet bei uns die Produktion von 3,51 x 20-Meter-Gl\u00e4sern\u201c, k\u00fcndigt sedak-Gesch\u00e4ftsf\u00fchrer Bernhard Veh an. \u201eWir sind sehr stolz, dass das gr\u00f6\u00dfte Glas der Welt dann aus Gersthofen stammt.\u201c<\/em><br \/>\nFoto: sedak GmbH &amp; Co. KG<\/p>\n<p style=\"text-align: center;\"><a href=\"http:\/\/www.pr-neu.de\/newsroom\/wordpress\/wp-content\/uploads\/2017\/10\/17-11-20Meter_01_G.jpg\" target=\"_blank\" rel=\"noopener noreferrer\">Download (300dpi)<\/a><\/p>\n<p><img loading=\"lazy\" decoding=\"async\" class=\"aligncenter wp-image-5602 size-medium\" src=\"http:\/\/www.pr-neu.de\/newsroom\/wordpress\/wp-content\/uploads\/2017\/10\/17-11-20Meter_02_K-300x202.jpg\" alt=\"sedak fertigt ab 2018 die gr\u00f6\u00dften Gl\u00e4ser der Welt in 3,6 x 20 Meter Transparenz unlimited\" width=\"300\" height=\"202\" srcset=\"https:\/\/www.pr-neu.de\/newsroom\/wordpress\/wp-content\/uploads\/2017\/10\/17-11-20Meter_02_K-300x202.jpg 300w, https:\/\/www.pr-neu.de\/newsroom\/wordpress\/wp-content\/uploads\/2017\/10\/17-11-20Meter_02_K-110x74.jpg 110w, https:\/\/www.pr-neu.de\/newsroom\/wordpress\/wp-content\/uploads\/2017\/10\/17-11-20Meter_02_K.jpg 360w\" sizes=\"auto, (max-width: 300px) 100vw, 300px\" \/><\/p>\n<p style=\"text-align: center;\"><em>Die Produktion in Gersthofen l\u00e4uft auf Hochtouren \u2013 ab 2018 auch f\u00fcr 3,51 x 20 Meter Gl\u00e4ser!<\/em><br \/>\nFoto: sedak GmbH &amp; Co. KG<\/p>\n<p style=\"text-align: center;\"><a href=\"http:\/\/www.pr-neu.de\/newsroom\/wordpress\/wp-content\/uploads\/2017\/10\/17-11-20Meter_02_G.jpg\" target=\"_blank\" rel=\"noopener noreferrer\">Download (300dpi)<\/a><\/p>\n<p><img loading=\"lazy\" decoding=\"async\" class=\"aligncenter size-medium wp-image-5603\" src=\"http:\/\/www.pr-neu.de\/newsroom\/wordpress\/wp-content\/uploads\/2017\/10\/17-11_lokale_Medien_01_K-300x104.jpg\" alt=\"sedak: Hidden champion aus Bayern realisiert spektakul\u00e4re Glasarchitektur Die gr\u00f6\u00dften Gl\u00e4ser der Welt kommen aus Nordschwaben\" width=\"300\" height=\"104\" srcset=\"https:\/\/www.pr-neu.de\/newsroom\/wordpress\/wp-content\/uploads\/2017\/10\/17-11_lokale_Medien_01_K-300x104.jpg 300w, https:\/\/www.pr-neu.de\/newsroom\/wordpress\/wp-content\/uploads\/2017\/10\/17-11_lokale_Medien_01_K-110x38.jpg 110w, https:\/\/www.pr-neu.de\/newsroom\/wordpress\/wp-content\/uploads\/2017\/10\/17-11_lokale_Medien_01_K.jpg 360w\" sizes=\"auto, (max-width: 300px) 100vw, 300px\" \/><\/p>\n<p style=\"text-align: center;\"><em>sedak-Firmensitz in Gersthofen.<\/em><br \/>\nFoto: sedak GmbH &amp; Co. KG<\/p>\n<p style=\"text-align: center;\"><a href=\"http:\/\/www.pr-neu.de\/newsroom\/wordpress\/wp-content\/uploads\/2017\/10\/17-11_lokale_Medien_01_G.jpg\" target=\"_blank\" rel=\"noopener noreferrer\">Download (300dpi)<\/a><\/p>\n<p>&nbsp;<\/p>\n<hr noshade=\"noshade\" size=\"1\" \/>\n<p>&nbsp;<\/p>\n<p>Abdruck honorarfrei, Belegexemplar<\/p>\n<p><strong>R\u00fcckfragen beantwortet gern<\/strong><\/p>\n<table>\n<tbody>\n<tr>\n<td valign=\"top\" width=\"260\" height=\"25\"><strong>sedak GmbH &amp; Co. KG<br \/>\n<\/strong>Tatjana Vinkovic<br \/>\nTel.: +49(0)821\/2494-823<br \/>\nFax: +49(0)821\/2494-777<br \/>\nE-Mail: <a href=\"&#x6d;&#97;&#x69;&#108;t&#x6f;&#58;t&#x61;&#116;&#x6a;&#x61;n&#x61;&#46;v&#x69;&#110;&#x6b;&#x6f;v&#x69;&#99;&#64;&#x73;&#101;d&#x61;&#107;&#x2e;&#99;o&#x6d;\">&#x74;&#97;&#116;j&#x61;&#x6e;&#97;&#46;&#x76;&#x69;&#110;k&#x6f;&#x76;&#105;c&#x40;&#x73;&#101;d&#x61;&#x6b;&#46;c&#x6f;&#x6d;<\/a><\/td>\n<td colspan=\"3\" valign=\"top\" width=\"260\" height=\"21\"><\/td>\n<\/tr>\n<\/tbody>\n<\/table>\n<p>&nbsp;<\/p>\n<hr noshade=\"noshade\" size=\"1\" \/>\n<p>&nbsp;<\/p>\n<p><strong>Leading glass<\/strong><\/p>\n<p>Der Glasveredler sedak (Gersthofen), gegr\u00fcndet 2007, hat sich mit mittlerweile 150 Mitarbeitern zum weltweiten Technologie- und Innovationsf\u00fchrer f\u00fcr gro\u00dfformatige Isolier- und Sicherheitsgl\u00e4ser entwickelt. Nach zehnj\u00e4hriger Erfahrung in der Produktion von Scheiben in \u00dcbergr\u00f6\u00dfen und dem kontinuierlichen Ausbau der Automatisierung, gilt sedak als wegweisender Spezialist in diesem know-how-intensiven Segment. Die Scheiben reichen bis 3,2 x 16,5 Meter \u2013 bearbeitet, vorgespannt, laminiert, bedruckt, beschichtet und laminationsgebogen. Kernkompetenzen sind Glaslamination, Kantenbearbeitung und das Spezialwissen bei der Produktion von Glasbauteilen mit zus\u00e4tzlichen funktionalen und dekorativen Elementen. Die Fertigung ist auf die extremen Glasgr\u00f6\u00dfen und -gewichte optimiert, s\u00e4mtliche Veredelungsschritte erfolgen inhouse und hochautomatisiert. Als Full-Supplier f\u00fcr Gl\u00e4ser bis 16,5 Meter versteht sich sedak als Partner f\u00fcr Architekten, Planer und Fassadenbauer. Herausragende Referenzen sind u.a. das Haus der Europ\u00e4ischen Geschichte in Br\u00fcssel, die medizinische Fakult\u00e4t in Montpellier, der Torre Europa in Madrid, Brookfield Place New York, die UNO Genf, der Apple-Cube New York, die Experimenta in Heilbronn sowie zahlreiche Premium-Flagship-Stores weltweit.<\/p>\n<p>&nbsp;<\/p>\n<p><strong>Anwendungsgebiete<\/strong><\/p>\n<ul>\n<li>Glasfassaden<\/li>\n<li>Glasd\u00e4cher<\/li>\n<li>Glastreppen<\/li>\n<li>Glasbr\u00fcstungen<\/li>\n<li>Schiffsbau<\/li>\n<li>Sicherheitsverglasungen<\/li>\n<li>Ganzglaskonstruktionen<\/li>\n<li>Innenarchitektur<\/li>\n<li>Sonderanfertigungen<\/li>\n<\/ul>\n<p>&nbsp;<\/p>\n","protected":false},"excerpt":{"rendered":"<p>70 Quadratmeter gro\u00dfe Glasscheiben \u2013 diesen Weltrekord produziert der bayerisch-schw\u00e4bische Glasveredler sedak ab Mitte 2018. Die Gl\u00e4ser sind bis 3,51 mal 20 Meter gro\u00df. Damit setzt sedak neue Ma\u00dfst\u00e4be in der Baubranche. Seit zehn Jahren liefert der Spezialist f\u00fcr \u00fcbergro\u00dfe Formate Sicherheits- und Isoliergl\u00e4ser rund um den Globus \u2013 unter anderem die Fassadenscheiben f\u00fcr die UNO in Genf, f\u00fcr das neue Apple-Hauptquartier in Kaliforniern oder das Haus der Europ\u00e4ischen Geschichte in Br\u00fcssel.<\/p>\n<table border=\"0\" width=\"95%\">\n<tbody>\n<tr>\n<td><!-- AddThis Button BEGIN --><\/p>\n<div class=\"addthis_toolbox addthis_default_style\">\n<div><a class=\"addthis_button_compact\" href=\"http:\/\/www.addthis.com\/bookmark.php?v=250&amp;username=xa-4bcef6844aa77bdd\">Share<\/a><span class=\"addthis_separator\">|<\/span><a class=\"addthis_button_facebook\"><\/a><a class=\"addthis_button_myspace\"><\/a><a class=\"addthis_button_google\"><\/a><a class=\"addthis_button_twitter\"><\/a><\/div>\n<\/div>\n<p><script src=\"http:\/\/s7.addthis.com\/js\/250\/addthis_widget.js#username=xa-4bcef6844aa77bdd\" type=\"text\/javascript\"><\/script><!-- AddThis Button END --><\/td>\n<\/tr>\n<\/tbody>\n<\/table>\n","protected":false},"author":6,"featured_media":0,"comment_status":"closed","ping_status":"open","sticky":false,"template":"","format":"standard","meta":{"footnotes":""},"categories":[12],"tags":[],"class_list":["post-5597","post","type-post","status-publish","format-standard","hentry","category-sedak"],"_links":{"self":[{"href":"https:\/\/www.pr-neu.de\/newsroom\/wp-json\/wp\/v2\/posts\/5597","targetHints":{"allow":["GET"]}}],"collection":[{"href":"https:\/\/www.pr-neu.de\/newsroom\/wp-json\/wp\/v2\/posts"}],"about":[{"href":"https:\/\/www.pr-neu.de\/newsroom\/wp-json\/wp\/v2\/types\/post"}],"author":[{"embeddable":true,"href":"https:\/\/www.pr-neu.de\/newsroom\/wp-json\/wp\/v2\/users\/6"}],"replies":[{"embeddable":true,"href":"https:\/\/www.pr-neu.de\/newsroom\/wp-json\/wp\/v2\/comments?post=5597"}],"version-history":[{"count":6,"href":"https:\/\/www.pr-neu.de\/newsroom\/wp-json\/wp\/v2\/posts\/5597\/revisions"}],"predecessor-version":[{"id":12066,"href":"https:\/\/www.pr-neu.de\/newsroom\/wp-json\/wp\/v2\/posts\/5597\/revisions\/12066"}],"wp:attachment":[{"href":"https:\/\/www.pr-neu.de\/newsroom\/wp-json\/wp\/v2\/media?parent=5597"}],"wp:term":[{"taxonomy":"category","embeddable":true,"href":"https:\/\/www.pr-neu.de\/newsroom\/wp-json\/wp\/v2\/categories?post=5597"},{"taxonomy":"post_tag","embeddable":true,"href":"https:\/\/www.pr-neu.de\/newsroom\/wp-json\/wp\/v2\/tags?post=5597"}],"curies":[{"name":"wp","href":"https:\/\/api.w.org\/{rel}","templated":true}]}}