{"id":545,"date":"2011-04-21T13:51:20","date_gmt":"2011-04-21T11:51:20","guid":{"rendered":"http:\/\/www.pr-nord.de\/newsroom\/?p=545"},"modified":"2020-05-28T16:34:47","modified_gmt":"2020-05-28T14:34:47","slug":"prima-klima-im-wintergarten","status":"publish","type":"post","link":"https:\/\/www.pr-neu.de\/newsroom\/prima-klima-im-wintergarten\/","title":{"rendered":"Prima Klima im Wintergarten"},"content":{"rendered":"<p><u>Dimmbares Glas f\u00fcr den Wintergarten: EControl<\/u><\/p>\n<p>So bleibt die Sommerhitze drau\u00dfen \/ Dimmbares Fensterglas sch\u00fctzt vor dem Gew\u00e4chshaus-Effekt<\/p>\n<p><strong>Winterg\u00e4rten sind besonders im Fr\u00fchling und Herbst wahre Wellness-Oasen. Wenn es drau\u00dfen noch zu k\u00fchl ist, um im Garten zu sitzen, herrscht hier schon angenehme W\u00e4rme. Was im Fr\u00fchling zu neidischen Blicken f\u00fchrt, wird im Sommer schnell als \u201eSchwitzbude\u201c bel\u00e4chelt: Die Hitze im Wintergarten steigt, tags\u00fcber bleibt er komplett verschattet, im Morgengrauen und den Abendstunden wird gel\u00fcftet. Die komfortablere L\u00f6sung bietet das dimmbare Sonnenschutzglas EControl: Per Knopfdruck wird der Licht- und Energiedurchlass je nach Sonnenintensit\u00e4t geregelt. So l\u00e4sst sich die Hitze weitgehend \u201eausblenden\u201c \u2013 ohne ihn zur Dunkelkammer zu verschatten. <\/strong><\/p>\n<p>Die Hightech-Alternative zu Rollo oder Jalousie sind steuerbare Fensterscheiben. Sie lassen sich stufenweise \u201edimmen\u201c. Die Bewohner bestimmen, wie viel Sonnenlicht in den Wintergarten gelangt \u2013 ohne herk\u00f6mmliche Verschattungen, aber inklusive \u00dcberhitzungsschutz. EControl Fensterglas besteht aus einer \u201eSandwich-Scheibe\u201c mit einer innen liegenden nanostrukturierten Beschichtung. Wird eine geringe Spannung von 3 Volt angelegt, f\u00e4rbt sich die Schicht durch den \u201eelektrochromen Effekt\u201c angenehm blau. Ein Wechsel der Stromrichtung kehrt den Prozess um und das Glas wird wieder hell. Und weil nur w\u00e4hrend der Ein- bzw. Entf\u00e4rbung Strom flie\u00dft, ist der Energiebedarf minimal. Das Glas l\u00e4sst auf der st\u00e4rksten \u201eDimm-Stufe\u201c fast 90 Prozent der aufheizenden Sonnenstrahlen au\u00dfen vor. Anschauliches Beispiel f\u00fcr die Effektivit\u00e4t: Im Hochsommer erhitzt sich die Au\u00dfenscheibe eines elektrochromen Fensters auf bis zu 70 Grad Celsius. Die Innenscheibe bleibt bei voller Einf\u00e4rbung mit 25 bis 30 Grad Celsius verh\u00e4ltnism\u00e4\u00dfig k\u00fchl.<\/p>\n<p><strong>Gesundheitsf\u00fcrsorge inklusive <\/strong><\/p>\n<p>Tageslicht macht fit und fr\u00f6hlich und kann, gerade bei den gro\u00dfen Glasfl\u00e4chen im Wintergarten, auch daheim, im Inneren von Geb\u00e4uden genossen werden. EControl-Glas l\u00e4sst selbst auf st\u00e4rkster \u201eSonnenschutzstufe\u201c den k\u00fchlen blauen Teil des nat\u00fcrlichen Lichtspektrums weitgehend hindurch. \u201eDieser Anteil der Sonnenstrahlen regt nicht nur das Pflanzenwachstum im Wintergarten an, sondern macht auch wach und wirkt positiv auf unser Wohlgef\u00fchl\u201c, erl\u00e4utert Dr. Hartmut Wittkopf, Gesch\u00e4ftsf\u00fchrer von EControl. Sonnenschein ist \u201eNervennahrung\u201c. Er streichelt K\u00f6rper, Geist und Seele, weil er zum Beispiel die Produktion von Vitamin D anregt, das \u201eSonnenvitamin\u201c. Es ist ein Multitalent, sch\u00fctzt Knochen und Z\u00e4hne, st\u00e4rkt Herz und Kreislauf und macht wach und vital, weil es die Bildung des Schlafhormons Melatonin hemmt. Zugleich ist Vitamin D f\u00fcr die Bildung einer Reihe von Hormonen notwendig, die das seelische Wohlbefinden in Harmonie halten.<\/p>\n<p>Mehr Informationen im Internet unter <a href=\"https:\/\/www.econtrol-glas.de\/\" target=\"_blank\" rel=\"noopener noreferrer\">www.econtrol-glas.de<\/a>, per Telefon: 03741 \/ 14820-102, Fax: 03741 \/ 14820-150 oder per E-Mail an &#x69;&#x6e;&#102;o&#x40;&#x65;&#x63;&#111;n&#x74;&#x72;&#x6f;&#108;-&#x67;&#x6c;&#x61;&#115;&#46;&#x64;&#x65;.<\/p>\n<hr noshade=\"noshade\" size=\"1\" \/>\n<table style=\"height: 148px;\" border=\"0\" width=\"665\" cellspacing=\"0\" cellpadding=\"0\">\n<tbody>\n<tr>\n<td valign=\"top\" width=\"370\" height=\"200\"><a href=\"http:\/\/www.pr-neu.de\/newsroom\/wordpress\/wp-content\/uploads\/2011\/04\/11-02_wintergarten_G-1.jpg\"><img loading=\"lazy\" decoding=\"async\" class=\"aligncenter size-medium wp-image-13127\" src=\"http:\/\/www.pr-neu.de\/newsroom\/wordpress\/wp-content\/uploads\/2011\/04\/11-02_wintergarten_G-1-300x228.jpg\" alt=\"\" width=\"300\" height=\"228\" srcset=\"https:\/\/www.pr-neu.de\/newsroom\/wordpress\/wp-content\/uploads\/2011\/04\/11-02_wintergarten_G-1-300x228.jpg 300w, https:\/\/www.pr-neu.de\/newsroom\/wordpress\/wp-content\/uploads\/2011\/04\/11-02_wintergarten_G-1-1024x777.jpg 1024w, https:\/\/www.pr-neu.de\/newsroom\/wordpress\/wp-content\/uploads\/2011\/04\/11-02_wintergarten_G-1-768x583.jpg 768w, https:\/\/www.pr-neu.de\/newsroom\/wordpress\/wp-content\/uploads\/2011\/04\/11-02_wintergarten_G-1-1536x1166.jpg 1536w, https:\/\/www.pr-neu.de\/newsroom\/wordpress\/wp-content\/uploads\/2011\/04\/11-02_wintergarten_G-1-2048x1554.jpg 2048w, https:\/\/www.pr-neu.de\/newsroom\/wordpress\/wp-content\/uploads\/2011\/04\/11-02_wintergarten_G-1-110x83.jpg 110w, https:\/\/www.pr-neu.de\/newsroom\/wordpress\/wp-content\/uploads\/2011\/04\/11-02_wintergarten_G-1-420x319.jpg 420w, https:\/\/www.pr-neu.de\/newsroom\/wordpress\/wp-content\/uploads\/2011\/04\/11-02_wintergarten_G-1-567x430.jpg 567w\" sizes=\"auto, (max-width: 300px) 100vw, 300px\" \/><\/a><\/td>\n<td colspan=\"3\" height=\"200\">Ganzj\u00e4hrig freie Durchsicht und gesundes Tageslicht f\u00fcr Winterg\u00e4rten und gro\u00dffl\u00e4chige Terrassenverglasungen \u2013 ohne \u00dcberhitzung. Links im Bild: st\u00e4rkste Dimm-Stufe. Rechts: ungedimmt.<\/p>\n<p>Foto: EControl-Glas<\/td>\n<\/tr>\n<\/tbody>\n<\/table>\n<hr noshade=\"noshade\" size=\"1\" \/>\n<p>Abdruck honorarfrei, Belegexemplar erbeten<\/p>\n<p><strong>R\u00fcckfragen beantwortet gern<\/strong><\/p>\n<table width=\"532\">\n<tbody>\n<tr>\n<td valign=\"top\" width=\"260\" height=\"25\"><strong>EControl-Glas<\/strong> GmbH &amp; Co. KG<br \/>\nNadine Witt<br \/>\nTel.: +49(0)3741\/14820-116<br \/>\nFax: +49(0)3741\/14820-150<br \/>\nE-Mail: <a href=\"&#x6d;&#x61;&#x69;&#x6c;&#x74;&#x6f;&#x3a;&#x70;&#114;&#101;&#115;&#115;&#101;&#64;&#101;cont&#x72;&#x6f;&#x6c;&#x2d;&#x67;&#x6c;&#x61;&#x73;&#x2e;&#100;&#101;\">p&#114;&#x65;&#x73;s&#101;&#64;&#x65;&#x63;o&#110;&#116;&#x72;&#x6f;l&#45;&#x67;&#x6c;&#x61;s&#46;&#x64;&#x65;<\/a><\/td>\n<td colspan=\"3\" valign=\"top\" width=\"260\" height=\"21\"><\/td>\n<\/tr>\n<\/tbody>\n<\/table>\n","protected":false},"excerpt":{"rendered":"<p>Dimmbares Glas f\u00fcr den Wintergarten: EControl So bleibt die Sommerhitze drau\u00dfen \/ Dimmbares Fensterglas sch\u00fctzt vor dem Gew\u00e4chshaus-Effekt Winterg\u00e4rten sind besonders im Fr\u00fchling und Herbst wahre Wellness-Oasen. Wenn es drau\u00dfen noch zu k\u00fchl ist, um im Garten zu sitzen, herrscht hier schon angenehme W\u00e4rme. Was im Fr\u00fchling zu neidischen Blicken f\u00fchrt, wird im Sommer schnell [&hellip;]<\/p>\n","protected":false},"author":6,"featured_media":7897,"comment_status":"closed","ping_status":"open","sticky":false,"template":"","format":"standard","meta":{"footnotes":""},"categories":[25,3],"tags":[80,147,153,230,319,492,635],"class_list":["post-545","post","type-post","status-publish","format-standard","has-post-thumbnail","hentry","category-econtrol","category-kundenmeldungen","tag-beschattung","tag-econtrol-2","tag-elektrochrom","tag-glas","tag-klima","tag-sonnenschutz","tag-wintergarten"],"_links":{"self":[{"href":"https:\/\/www.pr-neu.de\/newsroom\/wp-json\/wp\/v2\/posts\/545","targetHints":{"allow":["GET"]}}],"collection":[{"href":"https:\/\/www.pr-neu.de\/newsroom\/wp-json\/wp\/v2\/posts"}],"about":[{"href":"https:\/\/www.pr-neu.de\/newsroom\/wp-json\/wp\/v2\/types\/post"}],"author":[{"embeddable":true,"href":"https:\/\/www.pr-neu.de\/newsroom\/wp-json\/wp\/v2\/users\/6"}],"replies":[{"embeddable":true,"href":"https:\/\/www.pr-neu.de\/newsroom\/wp-json\/wp\/v2\/comments?post=545"}],"version-history":[{"count":4,"href":"https:\/\/www.pr-neu.de\/newsroom\/wp-json\/wp\/v2\/posts\/545\/revisions"}],"predecessor-version":[{"id":13128,"href":"https:\/\/www.pr-neu.de\/newsroom\/wp-json\/wp\/v2\/posts\/545\/revisions\/13128"}],"wp:featuredmedia":[{"embeddable":true,"href":"https:\/\/www.pr-neu.de\/newsroom\/wp-json\/wp\/v2\/media\/7897"}],"wp:attachment":[{"href":"https:\/\/www.pr-neu.de\/newsroom\/wp-json\/wp\/v2\/media?parent=545"}],"wp:term":[{"taxonomy":"category","embeddable":true,"href":"https:\/\/www.pr-neu.de\/newsroom\/wp-json\/wp\/v2\/categories?post=545"},{"taxonomy":"post_tag","embeddable":true,"href":"https:\/\/www.pr-neu.de\/newsroom\/wp-json\/wp\/v2\/tags?post=545"}],"curies":[{"name":"wp","href":"https:\/\/api.w.org\/{rel}","templated":true}]}}