{"id":5446,"date":"2017-09-12T11:00:19","date_gmt":"2017-09-12T08:30:19","guid":{"rendered":"http:\/\/www.pr-nord.de\/newsroom\/?p=5446"},"modified":"2020-05-26T10:48:49","modified_gmt":"2020-05-26T08:48:49","slug":"transparenz-unlimited","status":"publish","type":"post","link":"https:\/\/www.pr-neu.de\/newsroom\/transparenz-unlimited\/","title":{"rendered":"Transparenz unlimited"},"content":{"rendered":"<p><span style=\"text-decoration: underline;\">sedak fertigt ab 2018 die gr\u00f6\u00dften Gl\u00e4ser der Welt in 3,51 x 20 Meter<\/span><\/p>\n<p><strong>Der deutsche Glasveredler sedak (Gersthofen) stellt ab Mitte 2018 Gl\u00e4ser bis zu einer Gr\u00f6\u00dfe von 3,51 x 20 Meter her. Das k\u00fcndigte jetzt Gesch\u00e4ftsf\u00fchrer Bernhard Veh an. Mit der neuen Rekord-Gr\u00f6\u00dfe baut sedak seine f\u00fchrende Position als Spezialist f\u00fcr au\u00dfergew\u00f6hnlich gro\u00dfe Gl\u00e4ser weiter aus. Der Technologiesprung sei nur konsequent, erl\u00e4uterte Veh. \u201eUnsere Erfahrung und die von Jahr zu Jahr steigende Nachfrage nach \u00fcbergro\u00dfen Glasformaten best\u00e4rkten uns in dem Entschluss, den n\u00e4chsten Schritt zu gehen.\u201c <\/strong><\/p>\n<p>Mit dem Ausbau der Fertigungskapazit\u00e4ten wird sedak zum weltweit einzigen Veredler f\u00fcr Gl\u00e4ser dieser Gr\u00f6\u00dfenordnung. Seit 2007 etablieren sich die Bayern als Spezialisten f\u00fcr au\u00dfergew\u00f6hnlich gro\u00dfe Formate und investieren stetig in die eigene Forschung und Entwicklung. Neben dieser Pionierarbeit \u2013 unter anderem mit aufw\u00e4ndigen Tests f\u00fcr bauaufsichtliche Zulassungen \u2013 setzt sedak auf das Wissen und die Erfahrung der eigenen Mitarbeiter. \u201eSie sind unser wertvollstes Kapital\u201c, unterstreicht Veh.<\/p>\n<p>Die Fertigung der 20-Meter-Scheiben startet Mitte 2018. Auftr\u00e4ge f\u00fcr die Sondermaschinen sind bereits erteilt. Sie entstehen in enger Zusammenarbeit mit den Maschinenbauern. So k\u00f6nnen die Scheiben in gewohnter sedak-Qualit\u00e4t produziert werden \u2013 und das Unternehmen bleibt Spitzenreiter f\u00fcr Rekord-Formate.<\/p>\n<p><strong>Full-Supplier mit langer Referenzliste<\/strong><\/p>\n<p>sedak hat sich als Full-Supplier f\u00fcr Gl\u00e4ser bis 16,5 Meter in der Glasbranche etabliert. Alle Veredelungsschritte verlaufen hochautomatisiert. Die Kompetenz der sedak f\u00fcr \u00fcbergro\u00dfe Glasformate wird mit einem Blick auf die j\u00fcngst realisierten Projekte leicht deutlich: Austausch der 13-Meter-Fassadenscheiben des UNO-Geb\u00e4udes \u201eKonferenz der Vereinten Nationen f\u00fcr Handel und Entwicklung\u201c, Herstellung und Lieferung der 15,5 Meter langen Fassadengl\u00e4ser f\u00fcr das Shopping Center Iconsiam in Bangkok, Produktion von 13 Meter Glasfins f\u00fcr das Haus der Europ\u00e4ischen Geschichte in Br\u00fcssel, Glasfins f\u00fcr das Lakhta Center in St. Petersburg und das repr\u00e4sentative B\u00fcrogeb\u00e4ude 111 South Main Street in Salt Lake City mit Glasschwertern bis 11 Meter und einzigartigen Holz-Glaslaminaten, Produktion der 15 Meter Fassadenscheiben f\u00fcr das neue Apple Headquarter in Cupertino.<\/p>\n<hr noshade=\"noshade\" size=\"1\" \/>\n<table style=\"height: 784px;\" border=\"0\" width=\"655\" cellspacing=\"0\" cellpadding=\"0\">\n<tbody>\n<tr>\n<td valign=\"top\" width=\"370\" height=\"200\"><img loading=\"lazy\" decoding=\"async\" src=\"http:\/\/www.pr-neu.de\/images\/17-10-20Meter_01_K.jpg\" alt=\"\" width=\"360\" height=\"241\" \/><a href=\"http:\/\/www.pr-neu.de\/newsroom\/wordpress\/wp-content\/uploads\/2017\/09\/17-10-20Meter_01_K.jpg\"><img loading=\"lazy\" decoding=\"async\" class=\"size-medium wp-image-12191\" src=\"http:\/\/www.pr-neu.de\/newsroom\/wordpress\/wp-content\/uploads\/2017\/09\/17-10-20Meter_01_K-300x201.jpg\" alt=\"\" width=\"300\" height=\"201\" srcset=\"https:\/\/www.pr-neu.de\/newsroom\/wordpress\/wp-content\/uploads\/2017\/09\/17-10-20Meter_01_K-300x201.jpg 300w, https:\/\/www.pr-neu.de\/newsroom\/wordpress\/wp-content\/uploads\/2017\/09\/17-10-20Meter_01_K-110x74.jpg 110w, https:\/\/www.pr-neu.de\/newsroom\/wordpress\/wp-content\/uploads\/2017\/09\/17-10-20Meter_01_K.jpg 360w\" sizes=\"auto, (max-width: 300px) 100vw, 300px\" \/><\/a><\/td>\n<td colspan=\"3\" height=\"200\">\u201eMitte 2018 startet bei uns die Produktion von 3,51 x 20-Meter-Gl\u00e4sern\u201c, k\u00fcndigt sedak-Gesch\u00e4ftsf\u00fchrer Bernhard Veh an.<\/p>\n<p>Foto: sedak GmbH &amp; Co. KG<\/td>\n<\/tr>\n<tr>\n<td valign=\"top\" width=\"370\" height=\"200\"><a href=\"http:\/\/www.pr-neu.de\/newsroom\/wordpress\/wp-content\/uploads\/2017\/09\/17-10-20Meter_02_G-1.jpg\"><img loading=\"lazy\" decoding=\"async\" class=\"size-medium wp-image-12192\" src=\"http:\/\/www.pr-neu.de\/newsroom\/wordpress\/wp-content\/uploads\/2017\/09\/17-10-20Meter_02_G-1-300x202.jpg\" alt=\"\" width=\"300\" height=\"202\" srcset=\"https:\/\/www.pr-neu.de\/newsroom\/wordpress\/wp-content\/uploads\/2017\/09\/17-10-20Meter_02_G-1-300x202.jpg 300w, https:\/\/www.pr-neu.de\/newsroom\/wordpress\/wp-content\/uploads\/2017\/09\/17-10-20Meter_02_G-1-1024x689.jpg 1024w, https:\/\/www.pr-neu.de\/newsroom\/wordpress\/wp-content\/uploads\/2017\/09\/17-10-20Meter_02_G-1-768x517.jpg 768w, https:\/\/www.pr-neu.de\/newsroom\/wordpress\/wp-content\/uploads\/2017\/09\/17-10-20Meter_02_G-1-1536x1034.jpg 1536w, https:\/\/www.pr-neu.de\/newsroom\/wordpress\/wp-content\/uploads\/2017\/09\/17-10-20Meter_02_G-1-110x74.jpg 110w, https:\/\/www.pr-neu.de\/newsroom\/wordpress\/wp-content\/uploads\/2017\/09\/17-10-20Meter_02_G-1-420x283.jpg 420w, https:\/\/www.pr-neu.de\/newsroom\/wordpress\/wp-content\/uploads\/2017\/09\/17-10-20Meter_02_G-1-639x430.jpg 639w, https:\/\/www.pr-neu.de\/newsroom\/wordpress\/wp-content\/uploads\/2017\/09\/17-10-20Meter_02_G-1.jpg 1795w\" sizes=\"auto, (max-width: 300px) 100vw, 300px\" \/><\/a><\/td>\n<td colspan=\"3\" height=\"200\">Die Produktion in Gersthofen l\u00e4uft auf Hochtouren \u2013 ab 2018 auch f\u00fcr 3,51 x 20 Meter Gl\u00e4ser!<\/p>\n<p>Foto: sedak GmbH &amp; Co. KG<\/td>\n<\/tr>\n<tr>\n<td valign=\"top\" width=\"370\" height=\"200\"><a href=\"http:\/\/www.pr-neu.de\/newsroom\/wordpress\/wp-content\/uploads\/2017\/09\/17-10-20Meter_03_G.jpg\"><img loading=\"lazy\" decoding=\"async\" class=\"size-medium wp-image-12193\" src=\"http:\/\/www.pr-neu.de\/newsroom\/wordpress\/wp-content\/uploads\/2017\/09\/17-10-20Meter_03_G-300x78.jpg\" alt=\"\" width=\"300\" height=\"78\" srcset=\"https:\/\/www.pr-neu.de\/newsroom\/wordpress\/wp-content\/uploads\/2017\/09\/17-10-20Meter_03_G-300x78.jpg 300w, https:\/\/www.pr-neu.de\/newsroom\/wordpress\/wp-content\/uploads\/2017\/09\/17-10-20Meter_03_G-1024x268.jpg 1024w, https:\/\/www.pr-neu.de\/newsroom\/wordpress\/wp-content\/uploads\/2017\/09\/17-10-20Meter_03_G-768x201.jpg 768w, https:\/\/www.pr-neu.de\/newsroom\/wordpress\/wp-content\/uploads\/2017\/09\/17-10-20Meter_03_G-1536x401.jpg 1536w, https:\/\/www.pr-neu.de\/newsroom\/wordpress\/wp-content\/uploads\/2017\/09\/17-10-20Meter_03_G-110x29.jpg 110w, https:\/\/www.pr-neu.de\/newsroom\/wordpress\/wp-content\/uploads\/2017\/09\/17-10-20Meter_03_G-420x110.jpg 420w, https:\/\/www.pr-neu.de\/newsroom\/wordpress\/wp-content\/uploads\/2017\/09\/17-10-20Meter_03_G-770x201.jpg 770w, https:\/\/www.pr-neu.de\/newsroom\/wordpress\/wp-content\/uploads\/2017\/09\/17-10-20Meter_03_G.jpg 1795w\" sizes=\"auto, (max-width: 300px) 100vw, 300px\" \/><\/a><\/td>\n<td colspan=\"3\" height=\"200\">sedak-Firmensitz in Gersthofen.<\/p>\n<p>Foto: sedak GmbH &amp; Co. KG<\/td>\n<\/tr>\n<\/tbody>\n<\/table>\n<hr noshade=\"noshade\" size=\"1\" \/>\n<p><strong>R\u00fcckfragen beantwortet gern<\/strong><\/p>\n<table>\n<tbody>\n<tr>\n<td valign=\"top\" width=\"260\" height=\"25\"><strong>sedak GmbH &amp; Co. KG<br \/>\n<\/strong>Tatjana Vinkovic<br \/>\nTel.: +49(0)821\/2494-823<br \/>\nFax: +49(0)821\/2494-777<br \/>\nE-Mail: <a href=\"&#109;&#x61;&#105;&#x6c;&#116;&#x6f;:&#x74;a&#116;&#x6a;&#97;&#x6e;&#97;&#x2e;v&#x69;n&#107;&#x6f;&#118;&#x69;&#99;&#x40;&#115;&#x65;d&#x61;k&#46;&#x63;&#111;&#x6d;\">&#116;&#x61;&#116;&#x6a;&#97;&#x6e;&#97;&#x2e;&#118;&#x69;&#110;&#x6b;&#111;&#x76;&#105;&#x63;&#64;&#x73;&#101;&#x64;&#97;&#x6b;&#46;&#x63;&#111;&#x6d;<\/a><\/td>\n<td colspan=\"3\" valign=\"top\" width=\"260\" height=\"21\"><\/td>\n<\/tr>\n<\/tbody>\n<\/table>\n<p>Abdruck honorarfrei, Belegexemplar erbeten<\/p>\n<hr noshade=\"noshade\" size=\"1\" \/>\n<p><span style=\"text-decoration: underline;\">sedak GmbH &amp; Co. KG<\/span><\/p>\n<p><strong>Leading glass<\/strong><\/p>\n<p>Der Glasveredler sedak (Gersthofen), gegr\u00fcndet 2007, hat sich mit mittlerweile 150 Mitarbeitern zum weltweiten Technologie- und Innovationsf\u00fchrer f\u00fcr gro\u00dfformatige Isolier- und Sicherheitsgl\u00e4ser entwickelt. Nach zehnj\u00e4hriger Erfahrung in der Produktion von Scheiben in \u00dcbergr\u00f6\u00dfen und dem kontinuierlichen Ausbau der Automatisierung, gilt sedak als wegweisender Spezialist in diesem know-how-intensiven Segment. Die Scheiben reichen bis 3,2 x 16,5 Meter \u2013 bearbeitet, vorgespannt, laminiert, bedruckt, beschichtet und laminationsgebogen. Kernkompetenzen sind Glaslamination, Kantenbearbeitung und das Spezialwissen bei der Produktion von Glasbauteilen mit zus\u00e4tzlichen funktionalen und dekorativen Elementen. Die Fertigung ist auf die extremen Glasgr\u00f6\u00dfen und -gewichte optimiert, s\u00e4mtliche Veredelungsschritte erfolgen inhouse und hochautomatisiert. Als Full-Supplier f\u00fcr Gl\u00e4ser bis 16,5 Meter versteht sich sedak als Partner f\u00fcr Architekten, Planer und Fassadenbauer. Herausragende Referenzen sind u.a. das Haus der Europ\u00e4ischen Geschichte in Br\u00fcssel, die medizinische Fakult\u00e4t in Montpellier, der Torre Europa in Madrid, Brookfield Place New York, die UNO Genf, der Apple-Cube New York, die Experimenta in Heilbronn sowie zahlreiche Premium-Flagship-Stores weltweit.<\/p>\n<p><strong> Anwendungsgebiete<\/strong><\/p>\n<ul>\n<li>Glasfassaden<\/li>\n<li>Glasd\u00e4cher<\/li>\n<li>Glastreppen<\/li>\n<li>Glasbr\u00fcstungen<\/li>\n<li>Schiffsbau<\/li>\n<li>Sicherheitsverglasungen<\/li>\n<li>Ganzglaskonstruktionen<\/li>\n<li>Innenarchitektur<\/li>\n<li>Sonderanfertigungen<\/li>\n<\/ul>\n","protected":false},"excerpt":{"rendered":"<p>sedak fertigt ab 2018 die gr\u00f6\u00dften Gl\u00e4ser der Welt in 3,51 x 20 Meter Der deutsche Glasveredler sedak (Gersthofen) stellt ab Mitte 2018 Gl\u00e4ser bis zu einer Gr\u00f6\u00dfe von 3,51 x 20 Meter her. Das k\u00fcndigte jetzt Gesch\u00e4ftsf\u00fchrer Bernhard Veh an. Mit der neuen Rekord-Gr\u00f6\u00dfe baut sedak seine f\u00fchrende Position als Spezialist f\u00fcr au\u00dfergew\u00f6hnlich gro\u00dfe [&hellip;]<\/p>\n","protected":false},"author":6,"featured_media":5662,"comment_status":"closed","ping_status":"open","sticky":false,"template":"","format":"standard","meta":{"footnotes":""},"categories":[12],"tags":[],"class_list":["post-5446","post","type-post","status-publish","format-standard","has-post-thumbnail","hentry","category-sedak"],"_links":{"self":[{"href":"https:\/\/www.pr-neu.de\/newsroom\/wp-json\/wp\/v2\/posts\/5446","targetHints":{"allow":["GET"]}}],"collection":[{"href":"https:\/\/www.pr-neu.de\/newsroom\/wp-json\/wp\/v2\/posts"}],"about":[{"href":"https:\/\/www.pr-neu.de\/newsroom\/wp-json\/wp\/v2\/types\/post"}],"author":[{"embeddable":true,"href":"https:\/\/www.pr-neu.de\/newsroom\/wp-json\/wp\/v2\/users\/6"}],"replies":[{"embeddable":true,"href":"https:\/\/www.pr-neu.de\/newsroom\/wp-json\/wp\/v2\/comments?post=5446"}],"version-history":[{"count":8,"href":"https:\/\/www.pr-neu.de\/newsroom\/wp-json\/wp\/v2\/posts\/5446\/revisions"}],"predecessor-version":[{"id":12194,"href":"https:\/\/www.pr-neu.de\/newsroom\/wp-json\/wp\/v2\/posts\/5446\/revisions\/12194"}],"wp:featuredmedia":[{"embeddable":true,"href":"https:\/\/www.pr-neu.de\/newsroom\/wp-json\/wp\/v2\/media\/5662"}],"wp:attachment":[{"href":"https:\/\/www.pr-neu.de\/newsroom\/wp-json\/wp\/v2\/media?parent=5446"}],"wp:term":[{"taxonomy":"category","embeddable":true,"href":"https:\/\/www.pr-neu.de\/newsroom\/wp-json\/wp\/v2\/categories?post=5446"},{"taxonomy":"post_tag","embeddable":true,"href":"https:\/\/www.pr-neu.de\/newsroom\/wp-json\/wp\/v2\/tags?post=5446"}],"curies":[{"name":"wp","href":"https:\/\/api.w.org\/{rel}","templated":true}]}}