{"id":5419,"date":"2017-09-11T07:00:16","date_gmt":"2017-09-11T04:30:16","guid":{"rendered":"http:\/\/www.pr-nord.de\/newsroom\/?p=5419"},"modified":"2020-05-26T11:27:05","modified_gmt":"2020-05-26T09:27:05","slug":"die-verschmelzung-von-glas-und-holz","status":"publish","type":"post","link":"https:\/\/www.pr-neu.de\/newsroom\/die-verschmelzung-von-glas-und-holz\/","title":{"rendered":"Die Verschmelzung von Glas und Holz"},"content":{"rendered":"<p><u>Salt Lake City, 111 South Main Street: Repr\u00e4sentatives B\u00fcrogeb\u00e4ude von SOM architects<\/u><\/p>\n<p>sedak entwickelt Laminationskompetenz weiter: Echtholz-Furnier in Sieben-Meter-Fassade<\/p>\n<p><strong>Nichts weniger als die perfekte Symbiose aus Glas und Holz wollten Skidmore, Owings &amp; Merrill Architekten (SOM) f\u00fcr ein neues, 24st\u00f6ckiges Office Building in Salt Lake City (USA). In der Fassade der Lobby w\u00e4chst das Holz \u00fcber eine H\u00f6he von sieben Metern geradezu in die Glas-Elemente hinein. Um diese architektonische Vision Realit\u00e4t werden zu lassen, entwickelte der auf \u00dcberformate spezialisierte Hersteller sedak (Gersthofen) ein Laminationsverfahren, bei dem lange Echtholz-Furniere im Scheibenaufbau verarbeitet werden. Die Optik ist so original und das Holz vom Glas auf Dauer gesch\u00fctzt.<\/strong><\/p>\n<p>Edle Holzbauteile, die auf sieben Meter H\u00f6he in Glaselemente \u00fcbergehen \u2013 die Planer vom SOM-B\u00fcro in San Francisco hatten eine klare Vision f\u00fcr die Lobby des neuen B\u00fcro-Hochhauses im Zentrum von Salt Lake City. Nur: So etwas wurde noch nie zuvor realisiert. Die erste Idee, diese Optik mit einem fotorealistischen Druck umzusetzen, wurde schnell verworfen \u2013 es wirkte den Architekten nicht real genug. Der L\u00f6sungsansatz lautete daher: Lamination von Echtholzfurnieren in den Glasaufbau. Das wiederum klang schon fast nach einer \u201eHerkulesaufgabe\u201c\u2013 einen nat\u00fcrlichen, organischen Stoff in ein Fassadenglas zu integrieren, ohne dass er im Produktionsprozess (unter anderem im Ofen!) Schaden nimmt und ma\u00dfhaltig seine Optik beh\u00e4lt. Mit viel Erfahrung und Know-how in der Laminationstechnik und enger Abstimmung der Beteiligten fanden die Spezialisten von sedak dennoch den Weg, die Vision zu realisieren.<\/p>\n<p>Salt Lake City, 111 South Main Street:<br \/>\nNeue Landmarke am Gro\u00dfen Salzsee<\/p>\n<p>Salt Lake City, Hauptstadt des US-Bundesstaates Utah, liegt an der S\u00fcdspitze des Gro\u00dfen Salzsees. Die 180.000-Einwohner-Stadt ist Oberzentrum f\u00fcr die Region mit rund 1,1 Millionen Einwohnern. Nach einer Phase der Rezession bl\u00fcht die Stadt in den vergangenen Jahren wieder auf.<\/p>\n<p>An der Hauptverkehrsachse sollte nun ein neuer Anziehungspunkt entstehen. Das renommierte Architekturb\u00fcro SOM Skidmore, Owings &amp; Merrill LLP entwarf einen 24 Stockwerke hohen Turm mit Wohnungen, B\u00fcros \u2013 und einer repr\u00e4sentativen Lobby. Gro\u00dffl\u00e4chig, gro\u00dfz\u00fcgig und edel gestalteten die Architekten diesen Geb\u00e4udeteil, dominiert von Glas und Eukalyptus-Holz.<\/p>\n<p><strong>Lamination: Dauerhaft im Glas<\/strong><\/p>\n<p>Mit der Fortf\u00fchrung der Holzbauteile in das Glas hinein entwickelt das Geb\u00e4ude jetzt seine ganz eigene Wirkung. Um solche Scheiben zu produzieren, waren gleich mehrere Herausforderungen zu meistern:<\/p>\n<ul>\n<li>Der Rohstoff Holz \u2013 hier Eukalyptus \u2013 ist organisch. Es reagiert auf klimatische \u00c4nderungen wie Luftfeuchte und Temperatur, kann schwinden, wellen oder brennen. Der Laminationsprozess (erreicht ca. 100 Grad Celsius) muss daher fein auf den Rohstoff abgestimmt sein.<\/li>\n<li>Im Autoklaven schmilzt die SG-Folie, wodurch die Holzfurniere in den Interlayern ihre Position ver\u00e4ndern k\u00f6nnen. Das Endergebnis musste allerdings absolut parallel liegende Furniere zeigen.<\/li>\n<li>Holzfurnier gibt es nur bis drei Meter L\u00e4nge \u2013 es kamen also horizontale St\u00f6\u00dfe hinzu, da die Scheiben sieben Meter hoch sind.<\/li>\n<\/ul>\n<p>Glas und Holz bestimmen das Bild der gesamten Lobby. \u201eDie Inspiration f\u00fcr die transparente Fassade fand der Kunde bei dem \u201eApple Cube\u201c \u2013 ein vollkommen aus Glas gefertigter Kubus\u201c, so Maic Pannwitz, Executive Vice President von sedak in New Jersey. \u201eDaher war beim Projekt \u201e111 South Main Street\u201c auch eine transparente Tragstruktur gefordert\u201c.<br \/>\nDie erforderlichen Glasfins erreichen knapp elf Meter H\u00f6he. Auch daf\u00fcr ist Produktions-Kompetenz notwendig, die die Projektverantwortlichen ebenfalls bei sedak fanden.<\/p>\n<hr noshade=\"noshade\" size=\"1\" \/>\n<p><u><strong>Qualit\u00e4t als wichtigstes Kriterium <\/strong><\/u><\/p>\n<p>Interview mit Maic Pannwitz, Executive Vice President, sedak New Jersey<\/p>\n<p><strong>Wie kam es dazu, dass f\u00fcr das Projekt in Salt Lake City die Lamination von Holz in Glas weiterentwickelt wurde?<\/strong><br \/>\nAlle Beteiligten hatten Qualit\u00e4t als wichtigstes Kriterium vorgegeben \u2013 Auftraggeber, Architekt, Fassadenbauer und nat\u00fcrlich wir selbst. Obwohl mit dem fotorealistischen Druck schon sehr gute M\u00f6glichkeiten der Glasgestaltung gegeben sind, reichte den Bauschaffenden diese optische Qualit\u00e4t noch nicht. So bekamen wir ausreichend Zeit, um Testscheiben zu produzieren und damit zum optisch und technisch perfekten Ergebnis zu gelangen. Wir erhielten den Auftrag auch, weil die hohe Komplexit\u00e4t der Herstellung, insbesondere bei dem Gro\u00dfformat von sieben Metern H\u00f6he, die Zahl der potenziellen Partner schon sehr begrenzt.<\/p>\n<p><strong>Ist das Laminieren von Holz in Glas eine neue Technologie?<\/strong><br \/>\nZuvor gab es dieses Verfahren nur kleinformatig, im M\u00f6beldesign, beispielsweise f\u00fcr Tischplatten. Bei Fassaden hat es das bislang nicht gegeben \u2013 zumindest sind mir keine Projekte bekannt.<\/p>\n<p><strong>\u2026 ein typisch amerikanisches Projekt?<\/strong><br \/>\nJa. Amerikaner sind schon mutiger und offener neues auszuprobieren als Europ\u00e4er, wenn sie sich unmittelbaren Erfolg von einer Ma\u00dfnahme versprechen. Wie das Projekt zeigt, suchen sie dann durchaus weltweit nach Partnern, die wiederum den Ehrgeiz haben, das notwendige Knowhow zu entwickeln.<\/p>\n<p><strong>Welche statischen Fragen galt es zu beantworten?<\/strong><br \/>\nStatisch ausreichend w\u00e4ren Dreifach-Laminate gewesen. Bei den Dachscheiben entschieden wir uns dennoch f\u00fcr einen Vierfach-Aufbau \u2013 mit einem redundanten Glas. Dadurch ist die Statik unabh\u00e4ngig vom Holz.<\/p>\n<p><strong>Sieben-Meter-Holzglasscheiben, Elf-Meter-Glasfins: Wie klappt das logistisch?<\/strong><br \/>\nDie Scheiben wurden in speziellen Holzkisten verschifft. Ideal war, dass das Zwischenlager in Salt Lake City in der N\u00e4he lag. F\u00fcr den Transport zur Baustelle mussten teilweise Fahrspuren gesperrt werden \u2013 allerdings nicht nur f\u00fcr unsere Gl\u00e4ser.<\/p>\n<hr noshade=\"noshade\" size=\"1\" \/>\n<p><strong>Bautafel<\/strong><\/p>\n<p><strong>Standort:<\/strong> 111 South Main Office Building, Salt Lake City \/ US<br \/>\n<strong>Standard:<\/strong> green building (LEED gold)<br \/>\n<strong>Architekten:<\/strong> SOM Skidmore, Owings &amp; Merrill LPP, San Francisco, USA<br \/>\n<strong>Fassadenbauer:<\/strong> Steel Encounters Inc, Salt Lake City, US<br \/>\n<strong>Fertigstellung:<\/strong> 09\/2016<\/p>\n<p><strong>sedak-Leistungen<\/strong><br \/>\n940 qm-Glasfassade (Lobby):<br \/>\nHolzlaminate, 7,0 m H\u00f6he (3 x 12 mm)<br \/>\n57 Fassadenscheiben bis 10,9 m H\u00f6he (2 x 12 mm)<br \/>\n46 Glasfins und -beams bis 10,9 m H\u00f6he<\/p>\n<hr noshade=\"noshade\" size=\"1\" \/>\n<table style=\"height: 1960px;\" border=\"0\" width=\"731\" cellspacing=\"0\" cellpadding=\"0\">\n<tbody>\n<tr>\n<td valign=\"top\" width=\"370\" height=\"200\"><a href=\"http:\/\/www.pr-neu.de\/newsroom\/wordpress\/wp-content\/uploads\/2017\/09\/17-09-Holzlaminate_02_G.jpg\"><img loading=\"lazy\" decoding=\"async\" class=\"size-medium wp-image-12218\" src=\"http:\/\/www.pr-neu.de\/newsroom\/wordpress\/wp-content\/uploads\/2017\/09\/17-09-Holzlaminate_02_G-300x225.jpg\" alt=\"\" width=\"300\" height=\"225\" srcset=\"https:\/\/www.pr-neu.de\/newsroom\/wordpress\/wp-content\/uploads\/2017\/09\/17-09-Holzlaminate_02_G-300x225.jpg 300w, https:\/\/www.pr-neu.de\/newsroom\/wordpress\/wp-content\/uploads\/2017\/09\/17-09-Holzlaminate_02_G-1024x768.jpg 1024w, https:\/\/www.pr-neu.de\/newsroom\/wordpress\/wp-content\/uploads\/2017\/09\/17-09-Holzlaminate_02_G-768x576.jpg 768w, https:\/\/www.pr-neu.de\/newsroom\/wordpress\/wp-content\/uploads\/2017\/09\/17-09-Holzlaminate_02_G-1536x1152.jpg 1536w, https:\/\/www.pr-neu.de\/newsroom\/wordpress\/wp-content\/uploads\/2017\/09\/17-09-Holzlaminate_02_G-2048x1536.jpg 2048w, https:\/\/www.pr-neu.de\/newsroom\/wordpress\/wp-content\/uploads\/2017\/09\/17-09-Holzlaminate_02_G-110x83.jpg 110w, https:\/\/www.pr-neu.de\/newsroom\/wordpress\/wp-content\/uploads\/2017\/09\/17-09-Holzlaminate_02_G-420x315.jpg 420w, https:\/\/www.pr-neu.de\/newsroom\/wordpress\/wp-content\/uploads\/2017\/09\/17-09-Holzlaminate_02_G-573x430.jpg 573w\" sizes=\"auto, (max-width: 300px) 100vw, 300px\" \/><\/a><\/td>\n<td colspan=\"3\" height=\"200\">Holz in Glas. Eukalyptus ist ein relativ hartes Holz. Daher ist es f\u00fcr die Lamination gut geeignet.<\/p>\n<p>Foto: Steel Encounters Inc, Salt Lake City, US<\/p>\n<p>&nbsp;<\/td>\n<\/tr>\n<tr>\n<td valign=\"top\" width=\"370\" height=\"200\"><a href=\"http:\/\/www.pr-neu.de\/newsroom\/wordpress\/wp-content\/uploads\/2017\/09\/17-09-Holzlaminate_03_G-1.jpg\"><img loading=\"lazy\" decoding=\"async\" class=\"size-medium wp-image-12219\" src=\"http:\/\/www.pr-neu.de\/newsroom\/wordpress\/wp-content\/uploads\/2017\/09\/17-09-Holzlaminate_03_G-1-300x225.jpg\" alt=\"\" width=\"300\" height=\"225\" srcset=\"https:\/\/www.pr-neu.de\/newsroom\/wordpress\/wp-content\/uploads\/2017\/09\/17-09-Holzlaminate_03_G-1-300x225.jpg 300w, https:\/\/www.pr-neu.de\/newsroom\/wordpress\/wp-content\/uploads\/2017\/09\/17-09-Holzlaminate_03_G-1-1024x768.jpg 1024w, https:\/\/www.pr-neu.de\/newsroom\/wordpress\/wp-content\/uploads\/2017\/09\/17-09-Holzlaminate_03_G-1-768x576.jpg 768w, https:\/\/www.pr-neu.de\/newsroom\/wordpress\/wp-content\/uploads\/2017\/09\/17-09-Holzlaminate_03_G-1-1536x1152.jpg 1536w, https:\/\/www.pr-neu.de\/newsroom\/wordpress\/wp-content\/uploads\/2017\/09\/17-09-Holzlaminate_03_G-1-2048x1536.jpg 2048w, https:\/\/www.pr-neu.de\/newsroom\/wordpress\/wp-content\/uploads\/2017\/09\/17-09-Holzlaminate_03_G-1-110x83.jpg 110w, https:\/\/www.pr-neu.de\/newsroom\/wordpress\/wp-content\/uploads\/2017\/09\/17-09-Holzlaminate_03_G-1-420x315.jpg 420w, https:\/\/www.pr-neu.de\/newsroom\/wordpress\/wp-content\/uploads\/2017\/09\/17-09-Holzlaminate_03_G-1-573x430.jpg 573w\" sizes=\"auto, (max-width: 300px) 100vw, 300px\" \/><\/a><\/td>\n<td colspan=\"3\" height=\"200\">Holz in Glas. Eukalyptus ist ein relativ hartes Holz. Daher ist es f\u00fcr die Lamination gut geeignet.<\/p>\n<p>Foto: Steel Encounters Inc, Salt Lake City, US<\/p>\n<p>&nbsp;<\/td>\n<\/tr>\n<tr>\n<td valign=\"top\" width=\"370\" height=\"200\"><a href=\"http:\/\/www.pr-neu.de\/newsroom\/wordpress\/wp-content\/uploads\/2017\/09\/17-09-Holzlaminate_05_G.jpg\"><img loading=\"lazy\" decoding=\"async\" class=\"aligncenter size-medium wp-image-12221\" src=\"http:\/\/www.pr-neu.de\/newsroom\/wordpress\/wp-content\/uploads\/2017\/09\/17-09-Holzlaminate_05_G-169x300.jpg\" alt=\"\" width=\"169\" height=\"300\" srcset=\"https:\/\/www.pr-neu.de\/newsroom\/wordpress\/wp-content\/uploads\/2017\/09\/17-09-Holzlaminate_05_G-169x300.jpg 169w, https:\/\/www.pr-neu.de\/newsroom\/wordpress\/wp-content\/uploads\/2017\/09\/17-09-Holzlaminate_05_G-576x1024.jpg 576w, https:\/\/www.pr-neu.de\/newsroom\/wordpress\/wp-content\/uploads\/2017\/09\/17-09-Holzlaminate_05_G-768x1365.jpg 768w, https:\/\/www.pr-neu.de\/newsroom\/wordpress\/wp-content\/uploads\/2017\/09\/17-09-Holzlaminate_05_G-864x1536.jpg 864w, https:\/\/www.pr-neu.de\/newsroom\/wordpress\/wp-content\/uploads\/2017\/09\/17-09-Holzlaminate_05_G-1152x2048.jpg 1152w, https:\/\/www.pr-neu.de\/newsroom\/wordpress\/wp-content\/uploads\/2017\/09\/17-09-Holzlaminate_05_G-62x110.jpg 62w, https:\/\/www.pr-neu.de\/newsroom\/wordpress\/wp-content\/uploads\/2017\/09\/17-09-Holzlaminate_05_G-236x420.jpg 236w, https:\/\/www.pr-neu.de\/newsroom\/wordpress\/wp-content\/uploads\/2017\/09\/17-09-Holzlaminate_05_G-242x430.jpg 242w, https:\/\/www.pr-neu.de\/newsroom\/wordpress\/wp-content\/uploads\/2017\/09\/17-09-Holzlaminate_05_G.jpg 1212w\" sizes=\"auto, (max-width: 169px) 100vw, 169px\" \/><\/a><\/td>\n<td colspan=\"3\" height=\"200\">Die einlaminierten Holzfurniere liegen parallel im Laminat &#8211; Voraussetzung f\u00fcr den exakten Anschluss der Holzbalken und die perfekte Optik.<\/p>\n<p>Foto: Steel Encounters Inc, Salt Lake City, US<\/p>\n<p>&nbsp;<\/td>\n<\/tr>\n<tr>\n<td valign=\"top\" width=\"370\" height=\"200\"><a href=\"http:\/\/www.pr-neu.de\/newsroom\/wordpress\/wp-content\/uploads\/2017\/09\/17-09-Holzlaminate_01_G.jpg\"><img loading=\"lazy\" decoding=\"async\" class=\"aligncenter size-medium wp-image-12217\" src=\"http:\/\/www.pr-neu.de\/newsroom\/wordpress\/wp-content\/uploads\/2017\/09\/17-09-Holzlaminate_01_G-300x225.jpg\" alt=\"\" width=\"300\" height=\"225\" srcset=\"https:\/\/www.pr-neu.de\/newsroom\/wordpress\/wp-content\/uploads\/2017\/09\/17-09-Holzlaminate_01_G-300x225.jpg 300w, https:\/\/www.pr-neu.de\/newsroom\/wordpress\/wp-content\/uploads\/2017\/09\/17-09-Holzlaminate_01_G-1024x768.jpg 1024w, https:\/\/www.pr-neu.de\/newsroom\/wordpress\/wp-content\/uploads\/2017\/09\/17-09-Holzlaminate_01_G-768x576.jpg 768w, https:\/\/www.pr-neu.de\/newsroom\/wordpress\/wp-content\/uploads\/2017\/09\/17-09-Holzlaminate_01_G-1536x1152.jpg 1536w, https:\/\/www.pr-neu.de\/newsroom\/wordpress\/wp-content\/uploads\/2017\/09\/17-09-Holzlaminate_01_G-2048x1536.jpg 2048w, https:\/\/www.pr-neu.de\/newsroom\/wordpress\/wp-content\/uploads\/2017\/09\/17-09-Holzlaminate_01_G-110x83.jpg 110w, https:\/\/www.pr-neu.de\/newsroom\/wordpress\/wp-content\/uploads\/2017\/09\/17-09-Holzlaminate_01_G-420x315.jpg 420w, https:\/\/www.pr-neu.de\/newsroom\/wordpress\/wp-content\/uploads\/2017\/09\/17-09-Holzlaminate_01_G-573x430.jpg 573w\" sizes=\"auto, (max-width: 300px) 100vw, 300px\" \/><\/a><\/td>\n<td colspan=\"3\" height=\"200\">Die H\u00f6lzer treffen auf das Furnier im Glas und \u201ewachsen\u201c optisch in das Glas hinein.<\/p>\n<p>Foto: Steel Encounters Inc., Salt Lake City, US<\/p>\n<p>&nbsp;<\/td>\n<\/tr>\n<tr>\n<td valign=\"top\" width=\"370\" height=\"200\"><a href=\"http:\/\/www.pr-neu.de\/newsroom\/wordpress\/wp-content\/uploads\/2017\/09\/17-09-Holzlaminate_08_G.jpg\"><img loading=\"lazy\" decoding=\"async\" class=\"aligncenter size-medium wp-image-12224\" src=\"http:\/\/www.pr-neu.de\/newsroom\/wordpress\/wp-content\/uploads\/2017\/09\/17-09-Holzlaminate_08_G-300x225.jpg\" alt=\"\" width=\"300\" height=\"225\" srcset=\"https:\/\/www.pr-neu.de\/newsroom\/wordpress\/wp-content\/uploads\/2017\/09\/17-09-Holzlaminate_08_G-300x225.jpg 300w, https:\/\/www.pr-neu.de\/newsroom\/wordpress\/wp-content\/uploads\/2017\/09\/17-09-Holzlaminate_08_G-1024x768.jpg 1024w, https:\/\/www.pr-neu.de\/newsroom\/wordpress\/wp-content\/uploads\/2017\/09\/17-09-Holzlaminate_08_G-768x576.jpg 768w, https:\/\/www.pr-neu.de\/newsroom\/wordpress\/wp-content\/uploads\/2017\/09\/17-09-Holzlaminate_08_G-1536x1152.jpg 1536w, https:\/\/www.pr-neu.de\/newsroom\/wordpress\/wp-content\/uploads\/2017\/09\/17-09-Holzlaminate_08_G-2048x1536.jpg 2048w, https:\/\/www.pr-neu.de\/newsroom\/wordpress\/wp-content\/uploads\/2017\/09\/17-09-Holzlaminate_08_G-110x83.jpg 110w, https:\/\/www.pr-neu.de\/newsroom\/wordpress\/wp-content\/uploads\/2017\/09\/17-09-Holzlaminate_08_G-420x315.jpg 420w, https:\/\/www.pr-neu.de\/newsroom\/wordpress\/wp-content\/uploads\/2017\/09\/17-09-Holzlaminate_08_G-573x430.jpg 573w\" sizes=\"auto, (max-width: 300px) 100vw, 300px\" \/><\/a><\/td>\n<td colspan=\"3\" height=\"200\">Knapp elf Meter hohe Glasfins st\u00fctzen die Fassade der exklusiven Lobby und sorgen f\u00fcr Transparenz und Leichtigkeit.<\/p>\n<p>Foto: Steel Encounters Inc., Salt Lake City, US<\/p>\n<p>&nbsp;<\/td>\n<\/tr>\n<tr>\n<td valign=\"top\" width=\"370\" height=\"200\"><a href=\"http:\/\/www.pr-neu.de\/newsroom\/wordpress\/wp-content\/uploads\/2017\/09\/17-09-Maic-Pannwitz_G.jpg\"><img loading=\"lazy\" decoding=\"async\" class=\"aligncenter size-medium wp-image-12216\" src=\"http:\/\/www.pr-neu.de\/newsroom\/wordpress\/wp-content\/uploads\/2017\/09\/17-09-Maic-Pannwitz_G-300x200.jpg\" alt=\"\" width=\"300\" height=\"200\" srcset=\"https:\/\/www.pr-neu.de\/newsroom\/wordpress\/wp-content\/uploads\/2017\/09\/17-09-Maic-Pannwitz_G-300x200.jpg 300w, https:\/\/www.pr-neu.de\/newsroom\/wordpress\/wp-content\/uploads\/2017\/09\/17-09-Maic-Pannwitz_G-1024x682.jpg 1024w, https:\/\/www.pr-neu.de\/newsroom\/wordpress\/wp-content\/uploads\/2017\/09\/17-09-Maic-Pannwitz_G-768x511.jpg 768w, https:\/\/www.pr-neu.de\/newsroom\/wordpress\/wp-content\/uploads\/2017\/09\/17-09-Maic-Pannwitz_G-1536x1023.jpg 1536w, https:\/\/www.pr-neu.de\/newsroom\/wordpress\/wp-content\/uploads\/2017\/09\/17-09-Maic-Pannwitz_G-2048x1363.jpg 2048w, https:\/\/www.pr-neu.de\/newsroom\/wordpress\/wp-content\/uploads\/2017\/09\/17-09-Maic-Pannwitz_G-110x73.jpg 110w, https:\/\/www.pr-neu.de\/newsroom\/wordpress\/wp-content\/uploads\/2017\/09\/17-09-Maic-Pannwitz_G-420x280.jpg 420w, https:\/\/www.pr-neu.de\/newsroom\/wordpress\/wp-content\/uploads\/2017\/09\/17-09-Maic-Pannwitz_G-646x430.jpg 646w\" sizes=\"auto, (max-width: 300px) 100vw, 300px\" \/><\/a><\/td>\n<td colspan=\"3\" height=\"200\">Maic Pannwitz, Executive Vice President, sedak Office New Jersey.<\/p>\n<p>Foto: sedak GmbH &amp; Co. KG<\/p>\n<p>&nbsp;<\/td>\n<\/tr>\n<\/tbody>\n<\/table>\n<hr noshade=\"noshade\" size=\"1\" \/>\n<p><strong>R\u00fcckfragen beantwortet gern<\/strong><\/p>\n<table>\n<tbody>\n<tr>\n<td valign=\"top\" width=\"260\" height=\"25\"><strong>sedak GmbH &amp; Co. KG<br \/>\n<\/strong>Tatjana Vinkovic<br \/>\nTel.: +49(0)821\/2494-823<br \/>\nFax: +49(0)821\/2494-777<br \/>\nE-Mail: <a href=\"&#109;a&#x69;l&#x74;o&#x3a;&#116;&#x61;&#116;&#x6a;&#97;n&#x61;&#46;&#x76;i&#x6e;&#107;&#x6f;&#118;&#x69;&#99;&#x40;&#115;e&#x64;a&#x6b;&#46;&#x63;&#111;&#x6d;\">&#116;a&#x74;j&#x61;n&#x61;&#46;&#x76;&#105;&#x6e;&#107;o&#x76;i&#x63;&#64;&#x73;&#101;&#x64;&#97;&#x6b;&#46;&#x63;&#111;m<\/a><\/td>\n<td colspan=\"3\" valign=\"top\" width=\"260\" height=\"21\"><\/td>\n<\/tr>\n<\/tbody>\n<\/table>\n<p>Abdruck honorarfrei, Belegexemplar erbeten<\/p>\n<hr noshade=\"noshade\" size=\"1\" \/>\n<p><u>sedak GmbH &amp; Co. KG<\/u><\/p>\n<p><strong>Leading glass<\/strong><\/p>\n<p>Der Glasveredler sedak (Gersthofen), gegr\u00fcndet 2007, hat sich mit mittlerweile 150 Mitarbeitern zum weltweiten Technologie- und Innovationsf\u00fchrer f\u00fcr gro\u00dfformatige Isolier- und Sicherheitsgl\u00e4ser entwickelt. Nach zehnj\u00e4hriger Erfahrung in der Produktion von Scheiben in \u00dcbergr\u00f6\u00dfen und dem kontinuierlichen Ausbau der Automatisierung, gilt sedak als wegweisender Spezialist in diesem know-how-intensiven Segment. Die Scheiben reichen bis 3,2 x 16,5 Meter \u2013 bearbeitet, vorgespannt, laminiert, bedruckt, beschichtet und laminationsgebogen. Kernkompetenzen sind Glaslamination, Kantenbearbeitung und das Spezialwissen bei der Produktion von Glasbauteilen mit zus\u00e4tzlichen funktionalen und dekorativen Elementen. Die Fertigung ist auf die extremen Glasgr\u00f6\u00dfen und -gewichte optimiert, s\u00e4mtliche Veredelungsschritte erfolgen inhouse und hochautomatisiert. Als Full-Supplier f\u00fcr Gl\u00e4ser bis 16,5 Meter versteht sich sedak als Partner f\u00fcr Architekten, Planer und Fassadenbauer. Herausragende Referenzen sind u.a. das Haus der Europ\u00e4ischen Geschichte in Br\u00fcssel, die medizinische Fakult\u00e4t in Montpellier, der Torre Europa in Madrid, Brookfield Place New York, die UNO Genf, der Apple-Cube New York, die Experimenta in Heilbronn sowie zahlreiche Premium-Flagship-Stores weltweit.<\/p>\n<p><strong> Anwendungsgebiete<\/strong><\/p>\n<ul>\n<li>Glasfassaden<\/li>\n<li>Glasd\u00e4cher<\/li>\n<li>Glastreppen<\/li>\n<li>Glasbr\u00fcstungen<\/li>\n<li>Schiffsbau<\/li>\n<li>Sicherheitsverglasungen<\/li>\n<li>Ganzglaskonstruktionen<\/li>\n<li>Innenarchitektur<\/li>\n<li>Sonderanfertigungen<\/li>\n<\/ul>\n","protected":false},"excerpt":{"rendered":"<p>Salt Lake City, 111 South Main Street: Repr\u00e4sentatives B\u00fcrogeb\u00e4ude von SOM architects sedak entwickelt Laminationskompetenz weiter: Echtholz-Furnier in Sieben-Meter-Fassade Nichts weniger als die perfekte Symbiose aus Glas und Holz wollten Skidmore, Owings &amp; Merrill Architekten (SOM) f\u00fcr ein neues, 24st\u00f6ckiges Office Building in Salt Lake City (USA). In der Fassade der Lobby w\u00e4chst das Holz [&hellip;]<\/p>\n","protected":false},"author":6,"featured_media":5690,"comment_status":"closed","ping_status":"open","sticky":false,"template":"","format":"standard","meta":{"footnotes":""},"categories":[12],"tags":[],"class_list":["post-5419","post","type-post","status-publish","format-standard","has-post-thumbnail","hentry","category-sedak"],"_links":{"self":[{"href":"https:\/\/www.pr-neu.de\/newsroom\/wp-json\/wp\/v2\/posts\/5419","targetHints":{"allow":["GET"]}}],"collection":[{"href":"https:\/\/www.pr-neu.de\/newsroom\/wp-json\/wp\/v2\/posts"}],"about":[{"href":"https:\/\/www.pr-neu.de\/newsroom\/wp-json\/wp\/v2\/types\/post"}],"author":[{"embeddable":true,"href":"https:\/\/www.pr-neu.de\/newsroom\/wp-json\/wp\/v2\/users\/6"}],"replies":[{"embeddable":true,"href":"https:\/\/www.pr-neu.de\/newsroom\/wp-json\/wp\/v2\/comments?post=5419"}],"version-history":[{"count":7,"href":"https:\/\/www.pr-neu.de\/newsroom\/wp-json\/wp\/v2\/posts\/5419\/revisions"}],"predecessor-version":[{"id":12225,"href":"https:\/\/www.pr-neu.de\/newsroom\/wp-json\/wp\/v2\/posts\/5419\/revisions\/12225"}],"wp:featuredmedia":[{"embeddable":true,"href":"https:\/\/www.pr-neu.de\/newsroom\/wp-json\/wp\/v2\/media\/5690"}],"wp:attachment":[{"href":"https:\/\/www.pr-neu.de\/newsroom\/wp-json\/wp\/v2\/media?parent=5419"}],"wp:term":[{"taxonomy":"category","embeddable":true,"href":"https:\/\/www.pr-neu.de\/newsroom\/wp-json\/wp\/v2\/categories?post=5419"},{"taxonomy":"post_tag","embeddable":true,"href":"https:\/\/www.pr-neu.de\/newsroom\/wp-json\/wp\/v2\/tags?post=5419"}],"curies":[{"name":"wp","href":"https:\/\/api.w.org\/{rel}","templated":true}]}}