{"id":541,"date":"2011-04-20T16:46:21","date_gmt":"2011-04-20T14:46:21","guid":{"rendered":"http:\/\/www.pr-nord.de\/newsroom\/?p=541"},"modified":"2020-05-28T16:35:41","modified_gmt":"2020-05-28T14:35:41","slug":"funkelnde-fassaden-2","status":"publish","type":"post","link":"https:\/\/www.pr-neu.de\/newsroom\/funkelnde-fassaden-2\/","title":{"rendered":"Funkelnde Fassaden"},"content":{"rendered":"<p><span style=\"text-decoration: underline;\">Glassplitter verleihen Putzoberfl\u00e4chen neuen Charakter<\/span><\/p>\n<table border=\"0\" width=\"520\" cellspacing=\"0\" cellpadding=\"0\">\n<tbody>\n<tr>\n<td><strong>Funkelnde Fassaden<\/strong><\/p>\n<p><strong>Putz mit Glas und Licht \u2013 aus dieser Kombination entstehen edel funkelnde Oberfl\u00e4chen. StoEffect Vetro sind in den Putz eingearbeitete Glassplitter, mit denen sich dieses Funkeln realisieren l\u00e4sst. Sie reflektieren Sonnenstrahlen an der Fassade oder k\u00fcnstliches Licht im Innenraum.<\/strong><\/p>\n<p>Fassadenputze \u00fcbernehmen zun\u00e4chst eine funktionelle Aufgabe: Sie sch\u00fctzen die Wand vor Wind und Regen als eine stabile, mechanisch belastbare Au\u00dfenhaut. H\u00e4ufig kommen hohe \u00e4sthetische Anspr\u00fcche hinzu. F\u00fcr die Gestaltung komponiert der Planer Farbe, Struktur und verschiedene Materialien und gibt einem Geb\u00e4ude so Individualit\u00e4t.<\/p>\n<p>Die Kombination von strukturiertem Untergrund mit Glas wird diesen technischen und \u00e4sthetischen Anspr\u00fcchen auf raffinierte Weise gerecht. Das Licht spielt mit der Struktur, es reflektiert sich in den kleinen Glassplittern. Aus Reflektion und Schatten entstehen Putzoberfl\u00e4chen mit ganz eigenem Charakter, innen wie au\u00dfen.<\/p>\n<p>Das wei\u00dflich-transparente, teilweise verspiegelte Effektmaterial mit gebrochenen Kanten weist eine Korngr\u00f6\u00dfe von maximal 1,3 Millimetern auf, ist wetterbest\u00e4ndig, nichtbrennbar und kann auf allen Farbt\u00f6nen des StoColor Systems eingesetzt werden.<\/p>\n<p><strong>So funktioniert\u2019s im Putz<\/strong><\/p>\n<p>In den frisch aufgezogenen und strukturierten Oberputz (Stolit oder StoSilco) wird die Glasmischung StoEffect Vetro eingeblasen. Voraussetzung ist ein strukturierter Untergrund, der Korn-Gr\u00f6\u00dfe 2 entsprechend \u2013 so kommt der \u201eFunkel-Effekt\u201c am vorteilhaftesten zur Geltung.<\/p>\n<hr noshade=\"noshade\" size=\"1\" \/>\n<table style=\"height: 25px;\" border=\"0\" width=\"520\" cellspacing=\"0\" cellpadding=\"0\">\n<tbody>\n<tr>\n<td valign=\"top\" width=\"370\" height=\"25\"><a href=\"http:\/\/www.pr-neu.de\/newsroom\/wordpress\/wp-content\/uploads\/2011\/04\/11-20-Vetro_Effekt_G.jpg\"><img loading=\"lazy\" decoding=\"async\" class=\"aligncenter size-medium wp-image-13138\" src=\"http:\/\/www.pr-neu.de\/newsroom\/wordpress\/wp-content\/uploads\/2011\/04\/11-20-Vetro_Effekt_G-300x201.jpg\" alt=\"\" width=\"300\" height=\"201\" srcset=\"https:\/\/www.pr-neu.de\/newsroom\/wordpress\/wp-content\/uploads\/2011\/04\/11-20-Vetro_Effekt_G-300x201.jpg 300w, https:\/\/www.pr-neu.de\/newsroom\/wordpress\/wp-content\/uploads\/2011\/04\/11-20-Vetro_Effekt_G-1024x687.jpg 1024w, https:\/\/www.pr-neu.de\/newsroom\/wordpress\/wp-content\/uploads\/2011\/04\/11-20-Vetro_Effekt_G-768x516.jpg 768w, https:\/\/www.pr-neu.de\/newsroom\/wordpress\/wp-content\/uploads\/2011\/04\/11-20-Vetro_Effekt_G-1536x1031.jpg 1536w, https:\/\/www.pr-neu.de\/newsroom\/wordpress\/wp-content\/uploads\/2011\/04\/11-20-Vetro_Effekt_G-110x74.jpg 110w, https:\/\/www.pr-neu.de\/newsroom\/wordpress\/wp-content\/uploads\/2011\/04\/11-20-Vetro_Effekt_G-420x282.jpg 420w, https:\/\/www.pr-neu.de\/newsroom\/wordpress\/wp-content\/uploads\/2011\/04\/11-20-Vetro_Effekt_G-641x430.jpg 641w, https:\/\/www.pr-neu.de\/newsroom\/wordpress\/wp-content\/uploads\/2011\/04\/11-20-Vetro_Effekt_G.jpg 1795w\" sizes=\"auto, (max-width: 300px) 100vw, 300px\" \/><\/a><\/td>\n<td colspan=\"3\" height=\"21\">Eine funkelnde Putzfl\u00e4che \u2013 durch eingeblasene, reflektierende Glaspartikel.<\/p>\n<p>Bild: Sto AG<\/td>\n<\/tr>\n<\/tbody>\n<\/table>\n<hr noshade=\"noshade\" size=\"1\" \/>\n<p>Abdruck honorarfrei, Belegexemplar erbeten<\/td>\n<\/tr>\n<tr>\n<td><\/td>\n<\/tr>\n<\/tbody>\n<\/table>\n<table border=\"0\" width=\"95{ab9cb22b1639c68dfef7c1751c9d63405358944ce3964465eb35eb6b5b6beaaa}\">\n<tbody>\n<tr>\n<td><!-- AddThis Button BEGIN --><\/p>\n<div class=\"addthis_toolbox addthis_default_style\"><\/div>\n<p>&nbsp;<\/td>\n<\/tr>\n<\/tbody>\n<\/table>\n","protected":false},"excerpt":{"rendered":"<p>Glassplitter verleihen Putzoberfl\u00e4chen neuen Charakter Funkelnde Fassaden Putz mit Glas und Licht \u2013 aus dieser Kombination entstehen edel funkelnde Oberfl\u00e4chen. StoEffect Vetro sind in den Putz eingearbeitete Glassplitter, mit denen sich dieses Funkeln realisieren l\u00e4sst. Sie reflektieren Sonnenstrahlen an der Fassade oder k\u00fcnstliches Licht im Innenraum. Fassadenputze \u00fcbernehmen zun\u00e4chst eine funktionelle Aufgabe: Sie sch\u00fctzen die [&hellip;]<\/p>\n","protected":false},"author":6,"featured_media":0,"comment_status":"closed","ping_status":"open","sticky":false,"template":"","format":"standard","meta":{"footnotes":""},"categories":[3,15],"tags":[180,187,209,382,414,504,520],"class_list":["post-541","post","type-post","status-publish","format-standard","hentry","category-kundenmeldungen","category-sto","tag-farbe","tag-fassade","tag-flache","tag-oberflache","tag-putz","tag-sto-2","tag-stoeffect-vetro"],"_links":{"self":[{"href":"https:\/\/www.pr-neu.de\/newsroom\/wp-json\/wp\/v2\/posts\/541","targetHints":{"allow":["GET"]}}],"collection":[{"href":"https:\/\/www.pr-neu.de\/newsroom\/wp-json\/wp\/v2\/posts"}],"about":[{"href":"https:\/\/www.pr-neu.de\/newsroom\/wp-json\/wp\/v2\/types\/post"}],"author":[{"embeddable":true,"href":"https:\/\/www.pr-neu.de\/newsroom\/wp-json\/wp\/v2\/users\/6"}],"replies":[{"embeddable":true,"href":"https:\/\/www.pr-neu.de\/newsroom\/wp-json\/wp\/v2\/comments?post=541"}],"version-history":[{"count":4,"href":"https:\/\/www.pr-neu.de\/newsroom\/wp-json\/wp\/v2\/posts\/541\/revisions"}],"predecessor-version":[{"id":13139,"href":"https:\/\/www.pr-neu.de\/newsroom\/wp-json\/wp\/v2\/posts\/541\/revisions\/13139"}],"wp:attachment":[{"href":"https:\/\/www.pr-neu.de\/newsroom\/wp-json\/wp\/v2\/media?parent=541"}],"wp:term":[{"taxonomy":"category","embeddable":true,"href":"https:\/\/www.pr-neu.de\/newsroom\/wp-json\/wp\/v2\/categories?post=541"},{"taxonomy":"post_tag","embeddable":true,"href":"https:\/\/www.pr-neu.de\/newsroom\/wp-json\/wp\/v2\/tags?post=541"}],"curies":[{"name":"wp","href":"https:\/\/api.w.org\/{rel}","templated":true}]}}