{"id":5408,"date":"2017-09-11T07:00:44","date_gmt":"2017-09-11T04:30:44","guid":{"rendered":"http:\/\/www.pr-nord.de\/newsroom\/?p=5408"},"modified":"2020-05-26T10:57:45","modified_gmt":"2020-05-26T08:57:45","slug":"fassade-beeindruckt-gestaltete-funktionsglaeser","status":"publish","type":"post","link":"https:\/\/www.pr-neu.de\/newsroom\/fassade-beeindruckt-gestaltete-funktionsglaeser\/","title":{"rendered":"Fassade be(ein)druckt: Gestaltete Funktionsgl\u00e4ser"},"content":{"rendered":"<p><u>sedak secudecor \/ sedak isodecor: Sicher oder isoliert \u2013 und immer frei gestaltbar!<\/u><\/p>\n<p>Neuer Digitaldrucker f\u00fcr hochpr\u00e4zise, brillante Glasveredelung bis 16,5 Meter<\/p>\n<p><strong>Funktion, \u00dcbergr\u00f6\u00dfe und \u00c4sthetik in Glas \u2013 dies vereinen die beiden Produktlinien sedak isodecor und sedak secudecor. Die Isolier- und Sicherheitsgl\u00e4ser werden mit keramischer Farbe bedruckt und \u00fcbernehmen so zus\u00e4tzliche dekorative und funktionale Aufgaben (Sichtschutz \/ Sonnenschutz) \u2013 bis 16,5 Meter L\u00e4nge. <\/strong><\/p>\n<p>Mit einem neuen, hochmodernen Flachbettdrucker erreicht sedak jetzt eine besonders brillante Darstellung mit einer Aufl\u00f6sung bis 1024 dpi. Das \u201eHaus der Europ\u00e4ischen Geschichte\u201c in Br\u00fcssel belegt eindrucksvoll, welche Gestaltungsm\u00f6glichkeiten der keramische Digitaldruck Architekten bietet und wie sich damit Funktionalit\u00e4t und \u00c4sthetik zu einem harmonischen Gesamtergebnis erg\u00e4nzen.<\/p>\n<p>Mit dem neuen keramischen Gro\u00df-Drucker gibt sedak der phantasievollen Gestaltung von Glasfassaden weiteren Raum. Der Drucker tr\u00e4gt die Farben in einer Aufl\u00f6sung bis 1024 dpi hochpr\u00e4zise auf. So lassen sich komplexe, mehrfarbige Rasterdesigns, Ornamente oder Imitate von Materialstrukturen exakt darstellen. Auch gro\u00dfformatige fotorealistische Motive sind m\u00f6glich. Da der Farbauftrag deutlich d\u00fcnner als beim Siebdruck erfolgt, k\u00f6nnen Gl\u00e4ser transluzent bedruckt und \u00dcberg\u00e4nge flie\u00dfend gestaltet werden. Durch den automatisierten Druckprozess ist die Produktion zudem \u00e4u\u00dferst wirtschaftlich und steht damit f\u00fcr kosteng\u00fcnstige, individuelle Fassadengestaltung. Anschlie\u00dfend folgt das Vorspannen im sedak-eigenen Ofen. Dabei verschmelzen die Keramikfarben dauerhaft und kratzfest mit der Glasoberfl\u00e4che.<\/p>\n<p>Die dekorative Komponente er\u00f6ffnet kreative Welten vor allem f\u00fcr die funktionale Gestaltung von Fassaden: \u00dcber den Druck lassen sich beispielsweise gezielt Teilfl\u00e4chen verschatten und so Sonnen- und Blendschutz gestalterisch realisieren. Das bietet sogar die Chance, auf Sonnenschutzanlagen zu verzichten \u2013 eine L\u00f6sung, die Anspr\u00fcche an \u00c4sthetik und Wirtschaftlichkeit gleicherma\u00dfen erf\u00fcllt. Ebenso lassen sich definierte Abschnitte als Sichtschutz ausf\u00fchren.<\/p>\n<p>Die bedruckten Scheiben verarbeitet sedak zu Isolier- oder Sicherheitsglas weiter. Beim Isolierglas sedak isodecor geh\u00f6ren Zwei- bis Dreifach-Gl\u00e4ser zum Standard-Lieferprogramm, das Sicherheitsglas sedak secudecor gibt es je nach Anforderung an die Sicherheit im Mehrfach-Scheiben-Aufbau. F\u00fcr beide Typen gelten die Maximal-Ma\u00dfe 3,2 x 16,5 Meter.<\/p>\n<p><strong>Druckkompetenz: Brillanz und Geschwindigkeit<\/strong><\/p>\n<p>Mit dem zweiten Drucker, den sedak jetzt betreibt, f\u00fchrt der Glasspezialist zugleich einen Qualit\u00e4tssprung f\u00fcr den fotorealistischen Druck auf Gl\u00e4sern in \u00dcbergr\u00f6\u00dfe ein. Die Darstellung erreicht h\u00f6chste Brillanz \u2013 in k\u00fcrzerer Zeit, was den Arbeitsschritt \u00f6konomischer werden l\u00e4sst. Die Anlage fertigt problemlos \u201eLosgr\u00f6\u00dfe 1\u201c und erm\u00f6glicht so gr\u00f6\u00dftm\u00f6gliche gestalterische Flexibilit\u00e4t. Durch den Einsatz keramischer Farben ist der Druck zudem UV-best\u00e4ndig \u2013auch unter hoher Sonneneinstrahlung.<\/p>\n<p>Die Entscheidung f\u00fcr den Digitaldruck steht in enger Verbindung zur Spezialisierung auf \u00dcbergr\u00f6\u00dfen: Beim Siebdruck ist bei rund acht Metern Schluss. Zudem ist der Digitaldruck schneller (ein Druckvorgang f\u00fcr alle Farben gegen\u00fcber dem einzelnen Farbauftrag beim Siebdruck) und vor allem bei vielen unterschiedlichen Designs pro Scheibe wesentlich effizienter, da er keine Siebe ben\u00f6tigt.<\/p>\n<p>Im wahrsten Sinne beein-druck-end ist die Pr\u00e4zision des Druckers, beim Double-Vision-Druck. \u201eBei diesem Verfahren erh\u00e4lt die Scheibe einen zweimaligen Druck \u2013 exakt \u00fcbereinanderliegend. Dazu ist das Glas nach dem ersten Farbauftrag und der Trocknung wieder genau auf die Ausgangsposition zu bringen\u201c, erkl\u00e4rt Ulrich Theisen, Prokurist und Leiter Vertrieb bei sedak. Feinarbeit, die perfekte Anlagen und erfahrene Mitarbeiter braucht. Das Muster ist dadurch auf jeder Seite in einem eigenen Farbton darstellbar, beispielsweise au\u00dfen wei\u00df und innen grau.<\/p>\n<p><strong>Haus der Europ\u00e4ischen Geschichte in Br\u00fcssel<\/strong><\/p>\n<p>Beispiel f\u00fcr die perfekte Symbiose von Funktionalit\u00e4t und k\u00fcnstlerischer Gestaltung von Glas-Fassaden mit keramischem Digitaldruck ist das George-Eastman-Haus. Das ehemalige zahnmedizinische Institut steht im Leopold Park im Herzen des Europ\u00e4ischen Viertels von Br\u00fcssel. In einem Gemeinschaftsprojekt gestalteten es die Architekturb\u00fcros Chaix &amp; Morel et Associ\u00e9s, Paris und JSWD Architekten, K\u00f6ln, in den vergangenen Jahren zum \u201eHaus der Europ\u00e4ischen Geschichte\u201c um. Hierzu erhielt der Altbau aus den 1930er Jahren ein gl\u00e4sernes \u201eImplantat\u201c. Hinter dem Anbau befinden sich frei angeordnete Ausstellungsboxen, welche im bewussten Kontrast zur Symmetrie des Bestandsgeb\u00e4udes stehen.<\/p>\n<p>Insgesamt 53 Fassadengl\u00e4ser und 168 Glasfins bilden den Gro\u00dfteil der Glash\u00fclle. Durch zur\u00fcckversetzte Mittellagen in den 4- bis 6-fach laminierten Glasfins, konnten diese wie F\u00e4cher ineinander gesteckt werden. Um die bis zu 13,8 Meter langen Fins mit den mit wei\u00dfen Linien bedruckten Fassadengl\u00e4sern beziehungsweise dem Dach zu verbinden, befestigte sedak bereits werkseitig Edelstahlprofile durch SG-Verklebung. Auch die zweifach-laminierten Fassadengl\u00e4ser mit bis zu 7,8 Meter L\u00e4nge wurden f\u00fcr eine leichtere Installation am Geb\u00e4ude vorab in der sedak-Fertigung mit jeweils zwei Edelstahlprofilen SG-verklebt.<\/p>\n<p>Jedes einzelne Fassadenglas und jeder Glasfin wurden individuell gefertigt. Eine gro\u00dfe Herausforderung war daher die richtig terminierte Produktionsreihenfolge. Nur so konnten die Elemente p\u00fcnktlich geliefert und eine reibungslose Montage sichergestellt werden.<\/p>\n<p>Das Ensemble zieht seinen besonderen Reiz aus dem Wechselspiel zwischen Bestand und Neubau und zwischen Tag- und Nachtwirkung: Tags\u00fcber filtert die H\u00fclle den Einblick und den Lichteintrag, nachts scheint sich die Glashaut aufzul\u00f6sen \u2013 das Geb\u00e4ude leuchtet!<\/p>\n<hr noshade=\"noshade\" size=\"1\" \/>\n<p><strong>Technische Daten: Keramischer Drucker<\/strong><br \/>\nDer neue Flachbettdrucker ist eine Sonderanfertigung und der bislang gr\u00f6\u00dfte Drucker f\u00fcr Glas.<\/p>\n<p><strong>max. Gr\u00f6\u00dfe:<\/strong> 3.200 x 16.500 mm<br \/>\n<strong>Glasdicke:<\/strong> 6 mm &#8211; 19 mm<br \/>\n<strong>max. Gewicht:<\/strong> 2.822 kg<br \/>\n<strong>Farbtyp:<\/strong> schwermetallfreie Keramik<br \/>\n<strong>Genauigkeit:<\/strong> \u00b1 20 \u00b5m\/m<br \/>\n<strong>Farbschicht:<\/strong> 6 \u00b5m \u2013 80 \u00b5m<br \/>\n<strong>Toleranzen:<\/strong> \u00b1 2 mm (8 mm \u2013 9.000 mm), \u00b1 4 mm (9.000 mm \u2013 18.000 mm)<br \/>\n<strong>Bildformate:<\/strong> PDF, PS, EPS, AI, TIFF, BMP, JPEG, DXF<br \/>\n<strong>Aufl\u00f6sung:<\/strong> bis 1024 dpi<\/p>\n<hr noshade=\"noshade\" size=\"1\" \/>\n<table style=\"height: 1808px;\" border=\"0\" width=\"726\" cellspacing=\"0\" cellpadding=\"0\">\n<tbody>\n<tr>\n<td valign=\"top\" width=\"370\" height=\"200\"><a href=\"http:\/\/www.pr-neu.de\/newsroom\/wordpress\/wp-content\/uploads\/2017\/09\/17-08-isosecudecor_01_G.jpg\"><img loading=\"lazy\" decoding=\"async\" class=\"size-medium wp-image-12206\" src=\"http:\/\/www.pr-neu.de\/newsroom\/wordpress\/wp-content\/uploads\/2017\/09\/17-08-isosecudecor_01_G-300x200.jpg\" alt=\"\" width=\"300\" height=\"200\" srcset=\"https:\/\/www.pr-neu.de\/newsroom\/wordpress\/wp-content\/uploads\/2017\/09\/17-08-isosecudecor_01_G-300x200.jpg 300w, https:\/\/www.pr-neu.de\/newsroom\/wordpress\/wp-content\/uploads\/2017\/09\/17-08-isosecudecor_01_G-1024x684.jpg 1024w, https:\/\/www.pr-neu.de\/newsroom\/wordpress\/wp-content\/uploads\/2017\/09\/17-08-isosecudecor_01_G-768x513.jpg 768w, https:\/\/www.pr-neu.de\/newsroom\/wordpress\/wp-content\/uploads\/2017\/09\/17-08-isosecudecor_01_G-1536x1026.jpg 1536w, https:\/\/www.pr-neu.de\/newsroom\/wordpress\/wp-content\/uploads\/2017\/09\/17-08-isosecudecor_01_G-110x73.jpg 110w, https:\/\/www.pr-neu.de\/newsroom\/wordpress\/wp-content\/uploads\/2017\/09\/17-08-isosecudecor_01_G-420x281.jpg 420w, https:\/\/www.pr-neu.de\/newsroom\/wordpress\/wp-content\/uploads\/2017\/09\/17-08-isosecudecor_01_G-644x430.jpg 644w, https:\/\/www.pr-neu.de\/newsroom\/wordpress\/wp-content\/uploads\/2017\/09\/17-08-isosecudecor_01_G.jpg 1795w\" sizes=\"auto, (max-width: 300px) 100vw, 300px\" \/><\/a><\/td>\n<td colspan=\"3\" height=\"200\">Freie Gestaltung von Glas \u2013 in Gr\u00f6\u00dfen bis 16,5 Meter und als Isolier- oder Sicherheitsglas: sedak l\u00e4sst kreativen Ideen freies Spiel.Foto: sedak GmbH &amp; Co. KG | Fotograf: Ren\u00e9 M\u00fcller<\/td>\n<\/tr>\n<tr>\n<td valign=\"top\" width=\"370\" height=\"200\"><a href=\"http:\/\/www.pr-neu.de\/newsroom\/wordpress\/wp-content\/uploads\/2017\/09\/17-08-isosecudecor_02_K.jpg\"><img loading=\"lazy\" decoding=\"async\" class=\"size-medium wp-image-12207\" src=\"http:\/\/www.pr-neu.de\/newsroom\/wordpress\/wp-content\/uploads\/2017\/09\/17-08-isosecudecor_02_K-300x127.jpg\" alt=\"\" width=\"300\" height=\"127\" srcset=\"https:\/\/www.pr-neu.de\/newsroom\/wordpress\/wp-content\/uploads\/2017\/09\/17-08-isosecudecor_02_K-300x127.jpg 300w, https:\/\/www.pr-neu.de\/newsroom\/wordpress\/wp-content\/uploads\/2017\/09\/17-08-isosecudecor_02_K-110x46.jpg 110w, https:\/\/www.pr-neu.de\/newsroom\/wordpress\/wp-content\/uploads\/2017\/09\/17-08-isosecudecor_02_K.jpg 360w\" sizes=\"auto, (max-width: 300px) 100vw, 300px\" \/><\/a><\/td>\n<td colspan=\"3\" height=\"200\">Neuer Hochleistungsdrucker mit einer Aufl\u00f6sung bis 1024 dpi bei einer Fl\u00e4che von 3,2 x 16,5 Metern: So entstehen brillante Bilder auf Glas. Zum Vergleich: Ein Standard-Plakat in der Abmessung 2,52 x 3,56 Meter wird mit einer Aufl\u00f6sung zwischen 80 und 120 dpi hergestellt.<\/p>\n<p>Foto: sedak GmbH &amp; Co. KG<\/p>\n<p>&nbsp;<\/td>\n<\/tr>\n<tr>\n<td valign=\"top\" width=\"370\" height=\"200\"><a href=\"http:\/\/www.pr-neu.de\/newsroom\/wordpress\/wp-content\/uploads\/2017\/09\/17-08-isosecudecor_03_G-2.jpg\"><img loading=\"lazy\" decoding=\"async\" class=\"size-medium wp-image-12208\" src=\"http:\/\/www.pr-neu.de\/newsroom\/wordpress\/wp-content\/uploads\/2017\/09\/17-08-isosecudecor_03_G-2-300x219.jpg\" alt=\"\" width=\"300\" height=\"219\" srcset=\"https:\/\/www.pr-neu.de\/newsroom\/wordpress\/wp-content\/uploads\/2017\/09\/17-08-isosecudecor_03_G-2-300x219.jpg 300w, https:\/\/www.pr-neu.de\/newsroom\/wordpress\/wp-content\/uploads\/2017\/09\/17-08-isosecudecor_03_G-2-1024x747.jpg 1024w, https:\/\/www.pr-neu.de\/newsroom\/wordpress\/wp-content\/uploads\/2017\/09\/17-08-isosecudecor_03_G-2-768x560.jpg 768w, https:\/\/www.pr-neu.de\/newsroom\/wordpress\/wp-content\/uploads\/2017\/09\/17-08-isosecudecor_03_G-2-1536x1121.jpg 1536w, https:\/\/www.pr-neu.de\/newsroom\/wordpress\/wp-content\/uploads\/2017\/09\/17-08-isosecudecor_03_G-2-110x80.jpg 110w, https:\/\/www.pr-neu.de\/newsroom\/wordpress\/wp-content\/uploads\/2017\/09\/17-08-isosecudecor_03_G-2-420x307.jpg 420w, https:\/\/www.pr-neu.de\/newsroom\/wordpress\/wp-content\/uploads\/2017\/09\/17-08-isosecudecor_03_G-2-589x430.jpg 589w, https:\/\/www.pr-neu.de\/newsroom\/wordpress\/wp-content\/uploads\/2017\/09\/17-08-isosecudecor_03_G-2.jpg 1795w\" sizes=\"auto, (max-width: 300px) 100vw, 300px\" \/><\/a><\/td>\n<td colspan=\"3\" height=\"200\">George-Eastman-House \u2013 dem Himmel so nah: Blick aus dem Inneren entlang der Fassade. Die Glasschwerter sind knapp 14 Meter hoch.<\/p>\n<p>Foto: sedak GmbH &amp; Co. KG | Fotograf: Christian Fabris<\/p>\n<p>&nbsp;<\/td>\n<\/tr>\n<tr>\n<td valign=\"top\" width=\"370\" height=\"200\"><a href=\"http:\/\/www.pr-neu.de\/newsroom\/wordpress\/wp-content\/uploads\/2017\/09\/17-08-isosecudecor_04_G.jpg\"><img loading=\"lazy\" decoding=\"async\" class=\"size-medium wp-image-12209\" src=\"http:\/\/www.pr-neu.de\/newsroom\/wordpress\/wp-content\/uploads\/2017\/09\/17-08-isosecudecor_04_G-300x200.jpg\" alt=\"\" width=\"300\" height=\"200\" srcset=\"https:\/\/www.pr-neu.de\/newsroom\/wordpress\/wp-content\/uploads\/2017\/09\/17-08-isosecudecor_04_G-300x200.jpg 300w, https:\/\/www.pr-neu.de\/newsroom\/wordpress\/wp-content\/uploads\/2017\/09\/17-08-isosecudecor_04_G-1024x683.jpg 1024w, https:\/\/www.pr-neu.de\/newsroom\/wordpress\/wp-content\/uploads\/2017\/09\/17-08-isosecudecor_04_G-768x512.jpg 768w, https:\/\/www.pr-neu.de\/newsroom\/wordpress\/wp-content\/uploads\/2017\/09\/17-08-isosecudecor_04_G-1536x1024.jpg 1536w, https:\/\/www.pr-neu.de\/newsroom\/wordpress\/wp-content\/uploads\/2017\/09\/17-08-isosecudecor_04_G-110x73.jpg 110w, https:\/\/www.pr-neu.de\/newsroom\/wordpress\/wp-content\/uploads\/2017\/09\/17-08-isosecudecor_04_G-420x280.jpg 420w, https:\/\/www.pr-neu.de\/newsroom\/wordpress\/wp-content\/uploads\/2017\/09\/17-08-isosecudecor_04_G-645x430.jpg 645w, https:\/\/www.pr-neu.de\/newsroom\/wordpress\/wp-content\/uploads\/2017\/09\/17-08-isosecudecor_04_G.jpg 1795w\" sizes=\"auto, (max-width: 300px) 100vw, 300px\" \/><\/a><\/td>\n<td colspan=\"3\" height=\"200\">Blickschutz von au\u00dfen, Blendschutz und dekoratives Lichterspiel im Inneren. Die wei\u00dfen Streifen \u2013 millimetergenau im Digitaldruck appliziert \u2013 vereinen perfekt \u00e4sthetische und funktionale Anforderungen.<\/p>\n<p>Foto: sedak GmbH &amp; Co. KG | Fotograf: Christian Fabris<\/p>\n<p>&nbsp;<\/td>\n<\/tr>\n<tr>\n<td valign=\"top\" width=\"370\" height=\"200\"><a href=\"http:\/\/www.pr-neu.de\/newsroom\/wordpress\/wp-content\/uploads\/2017\/09\/17-08-isosecudecor_05_G.jpg\"><img loading=\"lazy\" decoding=\"async\" class=\"aligncenter size-medium wp-image-12204\" src=\"http:\/\/www.pr-neu.de\/newsroom\/wordpress\/wp-content\/uploads\/2017\/09\/17-08-isosecudecor_05_G-216x300.jpg\" alt=\"\" width=\"216\" height=\"300\" srcset=\"https:\/\/www.pr-neu.de\/newsroom\/wordpress\/wp-content\/uploads\/2017\/09\/17-08-isosecudecor_05_G-216x300.jpg 216w, https:\/\/www.pr-neu.de\/newsroom\/wordpress\/wp-content\/uploads\/2017\/09\/17-08-isosecudecor_05_G-736x1024.jpg 736w, https:\/\/www.pr-neu.de\/newsroom\/wordpress\/wp-content\/uploads\/2017\/09\/17-08-isosecudecor_05_G-768x1068.jpg 768w, https:\/\/www.pr-neu.de\/newsroom\/wordpress\/wp-content\/uploads\/2017\/09\/17-08-isosecudecor_05_G-1105x1536.jpg 1105w, https:\/\/www.pr-neu.de\/newsroom\/wordpress\/wp-content\/uploads\/2017\/09\/17-08-isosecudecor_05_G-79x110.jpg 79w, https:\/\/www.pr-neu.de\/newsroom\/wordpress\/wp-content\/uploads\/2017\/09\/17-08-isosecudecor_05_G-302x420.jpg 302w, https:\/\/www.pr-neu.de\/newsroom\/wordpress\/wp-content\/uploads\/2017\/09\/17-08-isosecudecor_05_G-309x430.jpg 309w, https:\/\/www.pr-neu.de\/newsroom\/wordpress\/wp-content\/uploads\/2017\/09\/17-08-isosecudecor_05_G.jpg 1291w\" sizes=\"auto, (max-width: 216px) 100vw, 216px\" \/><\/a><\/td>\n<td colspan=\"3\" height=\"200\">Blickschutz von au\u00dfen, Blendschutz und dekoratives Lichterspiel im Inneren. Die wei\u00dfen Streifen \u2013 millimetergenau im Digitaldruck appliziert \u2013 vereinen perfekt \u00e4sthetische und funktionale Anforderungen.<\/p>\n<p>Foto: sedak GmbH &amp; Co. KG | Fotograf: Christian Fabris<\/p>\n<p>&nbsp;<\/td>\n<\/tr>\n<tr>\n<td valign=\"top\" width=\"370\" height=\"200\"><a href=\"http:\/\/www.pr-neu.de\/newsroom\/wordpress\/wp-content\/uploads\/2017\/09\/17-08-isosecudecor_06_G.jpg\"><img loading=\"lazy\" decoding=\"async\" class=\"size-medium wp-image-12205\" src=\"http:\/\/www.pr-neu.de\/newsroom\/wordpress\/wp-content\/uploads\/2017\/09\/17-08-isosecudecor_06_G-300x169.jpg\" alt=\"\" width=\"300\" height=\"169\" srcset=\"https:\/\/www.pr-neu.de\/newsroom\/wordpress\/wp-content\/uploads\/2017\/09\/17-08-isosecudecor_06_G-300x169.jpg 300w, https:\/\/www.pr-neu.de\/newsroom\/wordpress\/wp-content\/uploads\/2017\/09\/17-08-isosecudecor_06_G-1024x576.jpg 1024w, https:\/\/www.pr-neu.de\/newsroom\/wordpress\/wp-content\/uploads\/2017\/09\/17-08-isosecudecor_06_G-768x432.jpg 768w, https:\/\/www.pr-neu.de\/newsroom\/wordpress\/wp-content\/uploads\/2017\/09\/17-08-isosecudecor_06_G-1536x864.jpg 1536w, https:\/\/www.pr-neu.de\/newsroom\/wordpress\/wp-content\/uploads\/2017\/09\/17-08-isosecudecor_06_G-110x62.jpg 110w, https:\/\/www.pr-neu.de\/newsroom\/wordpress\/wp-content\/uploads\/2017\/09\/17-08-isosecudecor_06_G-420x236.jpg 420w, https:\/\/www.pr-neu.de\/newsroom\/wordpress\/wp-content\/uploads\/2017\/09\/17-08-isosecudecor_06_G-770x430.jpg 770w, https:\/\/www.pr-neu.de\/newsroom\/wordpress\/wp-content\/uploads\/2017\/09\/17-08-isosecudecor_06_G-764x430.jpg 764w, https:\/\/www.pr-neu.de\/newsroom\/wordpress\/wp-content\/uploads\/2017\/09\/17-08-isosecudecor_06_G.jpg 1795w\" sizes=\"auto, (max-width: 300px) 100vw, 300px\" \/><\/a><\/td>\n<td colspan=\"3\" height=\"200\">Nachts strahlt das \u201eHaus der Europ\u00e4ischen Geschichte\u201c: Glash\u00fclle und historischer Bestand verschmelzen zu einer harmonischen wie au\u00dfergew\u00f6hnlichen Einheit.<\/p>\n<p>Foto: sedak GmbH &amp; Co. KG | Fotograf: Christian Fabris<\/p>\n<p>&nbsp;<\/td>\n<\/tr>\n<\/tbody>\n<\/table>\n<hr noshade=\"noshade\" size=\"1\" \/>\n<p><strong>R\u00fcckfragen beantwortet gern<\/strong><\/p>\n<table>\n<tbody>\n<tr>\n<td valign=\"top\" width=\"260\" height=\"25\"><strong>sedak GmbH &amp; Co. KG<br \/>\n<\/strong>Tatjana Vinkovic<br \/>\nTel.: +49(0)821\/2494-823<br \/>\nFax: +49(0)821\/2494-777<br \/>\nE-Mail: <a href=\"mai&#108;&#116;&#111;&#x3a;&#x74;&#x61;&#x74;&#x6a;&#x61;na&#46;&#118;&#105;&#110;&#107;&#x6f;&#x76;&#x69;&#x63;&#x40;&#x73;eda&#107;&#46;&#99;&#x6f;&#x6d;\">&#x74;&#x61;&#x74;&#x6a;&#97;&#110;&#97;&#46;v&#x69;&#x6e;&#x6b;&#x6f;&#x76;&#105;&#99;&#64;se&#x64;&#x61;&#x6b;&#x2e;&#x63;&#111;&#109;<\/a><\/td>\n<td colspan=\"3\" valign=\"top\" width=\"260\" height=\"21\"><\/td>\n<\/tr>\n<\/tbody>\n<\/table>\n<p>Abdruck honorarfrei, Belegexemplar erbeten<\/p>\n<hr noshade=\"noshade\" size=\"1\" \/>\n<p><u>sedak GmbH &amp; Co. KG<\/u><\/p>\n<p><strong>Leading glass<\/strong><\/p>\n<p>Der Glasveredler sedak (Gersthofen), gegr\u00fcndet 2007, hat sich mit mittlerweile 150 Mitarbeitern zum weltweiten Technologie- und Innovationsf\u00fchrer f\u00fcr gro\u00dfformatige Isolier- und Sicherheitsgl\u00e4ser entwickelt. Nach zehnj\u00e4hriger Erfahrung in der Produktion von Scheiben in \u00dcbergr\u00f6\u00dfen und dem kontinuierlichen Ausbau der Automatisierung, gilt sedak als wegweisender Spezialist in diesem know-how-intensiven Segment. Die Scheiben reichen bis 3,2 x 16,5 Meter \u2013 bearbeitet, vorgespannt, laminiert, bedruckt, beschichtet und laminationsgebogen. Kernkompetenzen sind Glaslamination, Kantenbearbeitung und das Spezialwissen bei der Produktion von Glasbauteilen mit zus\u00e4tzlichen funktionalen und dekorativen Elementen. Die Fertigung ist auf die extremen Glasgr\u00f6\u00dfen und -gewichte optimiert, s\u00e4mtliche Veredelungsschritte erfolgen inhouse und hochautomatisiert. Als Full-Supplier f\u00fcr Gl\u00e4ser bis 16,5 Meter versteht sich sedak als Partner f\u00fcr Architekten, Planer und Fassadenbauer. Herausragende Referenzen sind u.a. das Haus der Europ\u00e4ischen Geschichte in Br\u00fcssel, die medizinische Fakult\u00e4t in Montpellier, der Torre Europa in Madrid, Brookfield Place New York, die UNO Genf, der Apple-Cube New York, die Experimenta in Heilbronn sowie zahlreiche Premium-Flagship-Stores weltweit.<\/p>\n<p><strong> Anwendungsgebiete<\/strong><\/p>\n<ul>\n<li>Glasfassaden<\/li>\n<li>Glasd\u00e4cher<\/li>\n<li>Glastreppen<\/li>\n<li>Glasbr\u00fcstungen<\/li>\n<li>Schiffsbau<\/li>\n<li>Sicherheitsverglasungen<\/li>\n<li>Ganzglaskonstruktionen<\/li>\n<li>Innenarchitektur<\/li>\n<li>Sonderanfertigungen<\/li>\n<\/ul>\n","protected":false},"excerpt":{"rendered":"<p>sedak secudecor \/ sedak isodecor: Sicher oder isoliert \u2013 und immer frei gestaltbar! Neuer Digitaldrucker f\u00fcr hochpr\u00e4zise, brillante Glasveredelung bis 16,5 Meter Funktion, \u00dcbergr\u00f6\u00dfe und \u00c4sthetik in Glas \u2013 dies vereinen die beiden Produktlinien sedak isodecor und sedak secudecor. Die Isolier- und Sicherheitsgl\u00e4ser werden mit keramischer Farbe bedruckt und \u00fcbernehmen so zus\u00e4tzliche dekorative und funktionale [&hellip;]<\/p>\n","protected":false},"author":6,"featured_media":5693,"comment_status":"closed","ping_status":"open","sticky":false,"template":"","format":"standard","meta":{"footnotes":""},"categories":[12],"tags":[],"class_list":["post-5408","post","type-post","status-publish","format-standard","has-post-thumbnail","hentry","category-sedak"],"_links":{"self":[{"href":"https:\/\/www.pr-neu.de\/newsroom\/wp-json\/wp\/v2\/posts\/5408","targetHints":{"allow":["GET"]}}],"collection":[{"href":"https:\/\/www.pr-neu.de\/newsroom\/wp-json\/wp\/v2\/posts"}],"about":[{"href":"https:\/\/www.pr-neu.de\/newsroom\/wp-json\/wp\/v2\/types\/post"}],"author":[{"embeddable":true,"href":"https:\/\/www.pr-neu.de\/newsroom\/wp-json\/wp\/v2\/users\/6"}],"replies":[{"embeddable":true,"href":"https:\/\/www.pr-neu.de\/newsroom\/wp-json\/wp\/v2\/comments?post=5408"}],"version-history":[{"count":8,"href":"https:\/\/www.pr-neu.de\/newsroom\/wp-json\/wp\/v2\/posts\/5408\/revisions"}],"predecessor-version":[{"id":12210,"href":"https:\/\/www.pr-neu.de\/newsroom\/wp-json\/wp\/v2\/posts\/5408\/revisions\/12210"}],"wp:featuredmedia":[{"embeddable":true,"href":"https:\/\/www.pr-neu.de\/newsroom\/wp-json\/wp\/v2\/media\/5693"}],"wp:attachment":[{"href":"https:\/\/www.pr-neu.de\/newsroom\/wp-json\/wp\/v2\/media?parent=5408"}],"wp:term":[{"taxonomy":"category","embeddable":true,"href":"https:\/\/www.pr-neu.de\/newsroom\/wp-json\/wp\/v2\/categories?post=5408"},{"taxonomy":"post_tag","embeddable":true,"href":"https:\/\/www.pr-neu.de\/newsroom\/wp-json\/wp\/v2\/tags?post=5408"}],"curies":[{"name":"wp","href":"https:\/\/api.w.org\/{rel}","templated":true}]}}