{"id":5401,"date":"2017-09-11T07:00:57","date_gmt":"2017-09-11T04:30:57","guid":{"rendered":"http:\/\/www.pr-nord.de\/newsroom\/?p=5401"},"modified":"2020-05-26T10:53:31","modified_gmt":"2020-05-26T08:53:31","slug":"feuerschutz-mit-wenig-platzbedarf","status":"publish","type":"post","link":"https:\/\/www.pr-neu.de\/newsroom\/feuerschutz-mit-wenig-platzbedarf\/","title":{"rendered":"Feuerschutz mit wenig Platzbedarf"},"content":{"rendered":"<p><span style=\"text-decoration: underline;\"> Teckentrup: Neues T30-Schiebetor<\/span><\/p>\n<p><strong>Ansprechendes Design, platzsparend und montagefreundlich: Das alles vereint das optimierte Feuerschutz-Schiebetor \u201eT30-1-FSA Teckentrup 72 E 2.0\u201c von Teckentrup (Verl). Viele Verbesserungen entstanden im Rahmen der \u201eCustomer Co-Creation\u201c in Zusammenarbeit mit Kunden. \u201eUnser Augenmerk lag auf einer schnelleren und sicheren Montage. Hier gab es viel Feedback seitens der Monteure, sodass das Tor nun mit weniger Einzelteilen und Befestigungspunkten auskommt\u201c, erkl\u00e4rt Sven Diembeck, Chief Technical Officer bei Teckentrup. Auch das Gewicht wurde reduziert.<\/strong><\/p>\n<p>Mit dem neuen Schiebetor f\u00fchrt Teckentrup ein sicheres und einfach zu montierendes Feuerschutz-Industrietor ein. \u201eMit 33 Kilogramm pro Quadratmeter und geringerem Platzbedarf f\u00fcr die Anbauteile ist das neue Tor sehr universell einsetzbar\u201c, sagt Sven Diembeck. Bei der Produktentwicklung flossen \u00fcber die ,,Customer Co-Creation\u201c Erfahrungen und W\u00fcnsche der Kunden sowie konkrete Optimierungsvorschl\u00e4ge f\u00fcr h\u00f6here Sicherheit, effektiveren Einbau und sicheren Transport durch die Fachverarbeiter ein.<\/p>\n<p><strong>Weniger Einzelteile, verk\u00fcrzte Montagezeit<\/strong><\/p>\n<p>Das neue Tor l\u00e4sst sich schneller einbauen, denn die Konstruktion kommt im Standard ohne Laufschienen-Blende und Abdeckungen aus (diese lassen sich jedoch problemlos erg\u00e4nzen \u2013 zum Beispiel aus optischen Gr\u00fcnden). Die Elementverbindungsfeder ist fest verbaut. Zudem entfallen einige Befestigungspunkte. Das f\u00fchrt zu weniger Arbeitsschritten. Aufgrund der verbesserten Stabilit\u00e4t der Schiebetorelemente, kann der Monteur weitestgehend auf die Aufrichthilfe der Elemente verzichten. Eine weitere Arbeitserleichterung ist das Fl\u00e4chengewicht des neuen Schiebetores: Es liegt mit 33 kg\/m\u00b2 rund 13 Prozent unter den bisherigen Toren. Ingesamt ergibt sich ein Zeitvorteil von rund 15 Prozent bei der Montage.<\/p>\n<p>Der Einbau erfolgt als Sturz- oder Deckenmontage in Beton, Mauerwerk und Porenbeton. Weiterer Einbauvorteil: Die H\u00f6he der Bodenf\u00fchrung l\u00e4sst sich nachtr\u00e4glich verstellen. Somit sind Unebenheiten und Ungenauigkeiten schnell und einfach ausgeglichen.<\/p>\n<p><strong>Tor f\u00fcr beengte Durchg\u00e4nge<\/strong><\/p>\n<p>Ein deutlicher Wunsch war es, dass das neue Tor auch bei wenig Platz seinen Einsatz findet. Diese Vorgabe haben die Entwickler eingehalten: Am Sturz spart man auf Wunsch 25 Millimeter (Platzbedarf von 210 auf 185 Millimeter), am Einlauf reduziert sich der Bedarf beim Tor durch den kleineren Gewichtskasten um 65 Millimeter (von 310 auf 245 Millimeter) am Gegeneinlauf um 15 Millimeter und im Abstellbereich sind es 100 Millimeter. \u201e\u00dcberall dort, wo m\u00f6glichst wenig Durchgangsh\u00f6he und -breite verloren gehen darf, ist das neue Schiebetor pr\u00e4destiniert\u201c, erl\u00e4utert Diembeck.<\/p>\n<p><strong>Feuer- und Rauchschutz<\/strong><\/p>\n<p>Das T30-Tor ist gem\u00e4\u00df DIN EN 1634-1 (DIN 4102) zugelassen und rauchdicht nach DIN EN 1634-3 (DN 18095). Als Feuerschutztor gibt es das Tor in den Ma\u00dfen 1.000 \u2013 8.500 Millimeter Breite und 2.000 \u2013 6.000 Millimeter H\u00f6he, f\u00fcr den Rauchschutz gelten die Grenzwerte 1.000 \u2013 7.000 Millimeter Breite und 2.000 \u2013 4.500 Millimeter H\u00f6he.<\/p>\n<p><strong>In neuem Design<\/strong><\/p>\n<p>Auch die \u00c4sthetik stand bei der Produktentwicklung im Fokus. Das beginnt bei der Farbigkeit \u2013 das neue Tor ist in allen T\u00f6nen der RAL-Farbpalette erh\u00e4ltlich. Laufschienen-Blende und Abdeckung sind als architektonische Elemente verf\u00fcgbar \u2013 beispielsweise in Edelstahl. Durch den Verzicht auf die Elementverbindungsfedern entsteht keine Schattenfuge mehr.<\/p>\n<p>Als Extra erh\u00e4ltlich: Eine elegante Schlupft\u00fcr.<\/p>\n<hr noshade=\"noshade\" size=\"1\" \/>\n<table style=\"height: 526px;\" border=\"0\" width=\"719\" cellspacing=\"0\" cellpadding=\"0\">\n<tbody>\n<tr>\n<td valign=\"top\" width=\"380\"><a href=\"http:\/\/www.pr-neu.de\/newsroom\/wordpress\/wp-content\/uploads\/2017\/09\/17-27_Schiebetor_1_K.jpg\"><img loading=\"lazy\" decoding=\"async\" class=\"aligncenter size-medium wp-image-12201\" src=\"http:\/\/www.pr-neu.de\/newsroom\/wordpress\/wp-content\/uploads\/2017\/09\/17-27_Schiebetor_1_K-300x128.jpg\" alt=\"\" width=\"300\" height=\"128\" srcset=\"https:\/\/www.pr-neu.de\/newsroom\/wordpress\/wp-content\/uploads\/2017\/09\/17-27_Schiebetor_1_K-300x128.jpg 300w, https:\/\/www.pr-neu.de\/newsroom\/wordpress\/wp-content\/uploads\/2017\/09\/17-27_Schiebetor_1_K-110x47.jpg 110w, https:\/\/www.pr-neu.de\/newsroom\/wordpress\/wp-content\/uploads\/2017\/09\/17-27_Schiebetor_1_K.jpg 360w\" sizes=\"auto, (max-width: 300px) 100vw, 300px\" \/><\/a><\/td>\n<td>\u00c4sthetischer Brandschutz, schneller eingebaut: Die neue Feuerschutz-Schiebetor-Generation von Teckentrup.<\/p>\n<p>Foto: Teckentrup<\/td>\n<\/tr>\n<tr>\n<td valign=\"top\" width=\"380\"><a href=\"http:\/\/www.pr-neu.de\/newsroom\/wordpress\/wp-content\/uploads\/2017\/09\/17-27_Schiebetor_2_K.jpg\"><img loading=\"lazy\" decoding=\"async\" class=\"aligncenter size-medium wp-image-12200\" src=\"http:\/\/www.pr-neu.de\/newsroom\/wordpress\/wp-content\/uploads\/2017\/09\/17-27_Schiebetor_2_K-300x225.jpg\" alt=\"\" width=\"300\" height=\"225\" srcset=\"https:\/\/www.pr-neu.de\/newsroom\/wordpress\/wp-content\/uploads\/2017\/09\/17-27_Schiebetor_2_K-300x225.jpg 300w, https:\/\/www.pr-neu.de\/newsroom\/wordpress\/wp-content\/uploads\/2017\/09\/17-27_Schiebetor_2_K-110x83.jpg 110w, https:\/\/www.pr-neu.de\/newsroom\/wordpress\/wp-content\/uploads\/2017\/09\/17-27_Schiebetor_2_K.jpg 360w\" sizes=\"auto, (max-width: 300px) 100vw, 300px\" \/><\/a><\/td>\n<td>\u00c4sthetischer Brandschutz, schneller eingebaut: Die neue Feuerschutz-Schiebetor-Generation von Teckentrup.<\/p>\n<p>Foto: Teckentrup<\/td>\n<\/tr>\n<\/tbody>\n<\/table>\n<hr noshade=\"noshade\" size=\"1\" \/>\n<p><strong>Teckentrup Door Solutions<\/strong><\/p>\n<p>Teckentrup z\u00e4hlt mit den Produktionswerken in Verl-S\u00fcrenheide (Hauptsitz, NRW) und Gro\u00dfz\u00f6beritz (Sachsen-Anhalt) sowie seinen 900 Mitarbeitern zu den gr\u00f6\u00dften Herstellern von T\u00fcren und Toren in Europa.<\/p>\n<p>Das in dritter Generation inhabergef\u00fchrte mittelst\u00e4ndische Familienunternehmen hat sich insbesondere den Werten Qualit\u00e4t, Design und Service verpflichtet. St\u00e4ndige Verbesserungen der Produkte und die Entwicklung neuer Technologien sind f\u00fcr Teckentrup selbstverst\u00e4ndlich. F\u00fcr die kontinuierliche Weiterentwicklung wurde im gesamten Unternehmen eine kundenzentrierte Ausrichtung (Customer Centricity) implementiert. So sorgt das Unternehmen daf\u00fcr, dass gemeinsam mit den Partnern stets die beste L\u00f6sung gefunden wird \u2013 hinsichtlich Design, Sicherheit und Service. Das Angebot umfasst Produktl\u00f6sungen aus den Bereichen HOME (Garagentore), PROFESSIONAL (Funktionst\u00fcren), INDUSTRIAL (Industrietore).<\/p>\n<p>Heute verbindet das 1932 gegr\u00fcndete Unternehmen Tradition mit Fortschritt und das stets \u201emade in Germany\u201c. Zahlreiche internationale Zertifizierungen sind die Basis f\u00fcr einen weltweit erfolgreichen Vertrieb der Produkte. Gesellschaftliche Verantwortung \u00fcbernimmt Teckentrup unter anderem durch die Erf\u00fcllung der \u201eCharta der Vielfalt\u201c.<\/p>\n<hr noshade=\"noshade\" size=\"1\" \/>\n<p>Abdruck honorarfrei, Belegexemplar erbeten.<\/p>\n<p><b>Redaktionelle R\u00fcckfragen beantworten gern:<\/b><\/p>\n<p><strong>Teckentrup<\/strong> GmbH &amp; Co KG<br \/>\nAbteilung Marketing<br \/>\nIndustriestra\u00dfe 50<br \/>\n33415 Verl<br \/>\nTel.: 05246 \/ 5040<\/p>\n","protected":false},"excerpt":{"rendered":"<p>Teckentrup: Neues T30-Schiebetor Ansprechendes Design, platzsparend und montagefreundlich: Das alles vereint das optimierte Feuerschutz-Schiebetor \u201eT30-1-FSA Teckentrup 72 E 2.0\u201c von Teckentrup (Verl). Viele Verbesserungen entstanden im Rahmen der \u201eCustomer Co-Creation\u201c in Zusammenarbeit mit Kunden. \u201eUnser Augenmerk lag auf einer schnelleren und sicheren Montage. Hier gab es viel Feedback seitens der Monteure, sodass das Tor nun [&hellip;]<\/p>\n","protected":false},"author":6,"featured_media":6694,"comment_status":"closed","ping_status":"open","sticky":false,"template":"","format":"standard","meta":{"footnotes":""},"categories":[3,18],"tags":[],"class_list":["post-5401","post","type-post","status-publish","format-standard","has-post-thumbnail","hentry","category-kundenmeldungen","category-teckentrup"],"_links":{"self":[{"href":"https:\/\/www.pr-neu.de\/newsroom\/wp-json\/wp\/v2\/posts\/5401","targetHints":{"allow":["GET"]}}],"collection":[{"href":"https:\/\/www.pr-neu.de\/newsroom\/wp-json\/wp\/v2\/posts"}],"about":[{"href":"https:\/\/www.pr-neu.de\/newsroom\/wp-json\/wp\/v2\/types\/post"}],"author":[{"embeddable":true,"href":"https:\/\/www.pr-neu.de\/newsroom\/wp-json\/wp\/v2\/users\/6"}],"replies":[{"embeddable":true,"href":"https:\/\/www.pr-neu.de\/newsroom\/wp-json\/wp\/v2\/comments?post=5401"}],"version-history":[{"count":5,"href":"https:\/\/www.pr-neu.de\/newsroom\/wp-json\/wp\/v2\/posts\/5401\/revisions"}],"predecessor-version":[{"id":12202,"href":"https:\/\/www.pr-neu.de\/newsroom\/wp-json\/wp\/v2\/posts\/5401\/revisions\/12202"}],"wp:featuredmedia":[{"embeddable":true,"href":"https:\/\/www.pr-neu.de\/newsroom\/wp-json\/wp\/v2\/media\/6694"}],"wp:attachment":[{"href":"https:\/\/www.pr-neu.de\/newsroom\/wp-json\/wp\/v2\/media?parent=5401"}],"wp:term":[{"taxonomy":"category","embeddable":true,"href":"https:\/\/www.pr-neu.de\/newsroom\/wp-json\/wp\/v2\/categories?post=5401"},{"taxonomy":"post_tag","embeddable":true,"href":"https:\/\/www.pr-neu.de\/newsroom\/wp-json\/wp\/v2\/tags?post=5401"}],"curies":[{"name":"wp","href":"https:\/\/api.w.org\/{rel}","templated":true}]}}