{"id":5372,"date":"2017-09-10T08:00:58","date_gmt":"2017-09-10T08:00:58","guid":{"rendered":"http:\/\/www.pr-nord.de\/newsroom\/?p=5372"},"modified":"2020-05-26T11:28:30","modified_gmt":"2020-05-26T09:28:30","slug":"led-licht-fuer-garagen","status":"publish","type":"post","link":"https:\/\/www.pr-neu.de\/newsroom\/led-licht-fuer-garagen\/","title":{"rendered":"LED-Licht f\u00fcr Garagen"},"content":{"rendered":"<p><span style=\"text-decoration: underline;\">Neues CarTeck-Zubeh\u00f6r von Teckentrup:<\/span><\/p>\n<p><strong> Neue, einfach installierbare LED-Stripes erweitern jetzt das Zubeh\u00f6r f\u00fcr CarTeck-Garagentore von Teckentrup (Verl). Dank der ausgefeilten Technik leuchten sie die Garage gleichm\u00e4\u00dfig hell aus \u2013 und befriedigen so einen immer wieder ge\u00e4u\u00dferten Endkunden-Wunsch. \u201eViele Nutzer wollen mehr Licht in ihrer Garage. Das haben unsere Insight-Studien klar ergeben\u201c, berichtet Teckentrup-Gesch\u00e4ftsf\u00fchrer Kai Teckentrup. \u201eMit den magnetisch montierbaren LED-Stripes l\u00e4sst sich das schnell, einfach und energiesparend umsetzen\u201c. Das Set l\u00e4sst sich bei Garagentoren mit mittigem Antrieb in vielen F\u00e4llen unproblematisch nachr\u00fcsten und bietet so die Chance zum erneuten Kundenkontakt. Die Steuerung erfolgt \u00fcber einen Bewegungsmelder, Dauerbetrieb ist via Fernbedienung schaltbar. <\/strong><\/p>\n<p>Viele Nutzer wollen mehr Licht in ihrer Garage. Es sorgt f\u00fcr bessere Sicht und hilft so beim Einparken, beim Heimwerken oder beim Verstauen und Suchen. Au\u00dferdem vermittelt Licht ein Gef\u00fchl von Sicherheit: Schummrige Ecken in der D\u00e4mmerung und bei Nacht gibt es so nicht mehr.<\/p>\n<p>Mit den neuen LED-Stripes bietet Teckentrup jetzt eine energiesparende L\u00f6sung, die die Garage gro\u00dffl\u00e4chig ausleuchtet. Die Stripes mit Magnetstreifen werden einfach am Torgest\u00e4nge befestigt. So verteilt sich das angenehm neutralwei\u00dfe Licht sehr gut im Innenraum der Garage \u2013 bei minimalem Stromverbrauch. Die LED-Stripes werden \u00fcber einen Bewegungsmelder gesteuert, so dass das Licht nur strahlt, wenn es ben\u00f6tigt wird \u2013 alternativ kann es der Nutzer auf Wunsch auch dauerhaft einschalten.<\/p>\n<p>\u201eDa die Installation sehr unkompliziert ist, kann das Set ideal als Mitnahmeprodukt vertrieben werden\u201c, betont Teckentrup. Es kommt \u00fcberall dort infrage, wo bereits ein Garagen-Sectionaltor mit Antrieb in der Mitte vorhanden ist.<\/p>\n<p>Die Sets bestehen aus insgesamt sechs Meter Stripes mit einer Leuchtkraft von 6.000 Lumen und dem kompletten Anschlusssatz inklusive Infrarotempf\u00e4nger, Bewegungsmelder und Fern\u00adbedienung. Sie sind f\u00fcr Garagentore bis zu einer Breite von 5,50 Meter ausgelegt. Der empfohlene Verkaufspreis liegt bei 149 Euro (inkl. MWSt.).<\/p>\n<hr noshade=\"noshade\" size=\"1\" \/>\n<table style=\"height: 619px;\" border=\"0\" width=\"716\" cellspacing=\"0\" cellpadding=\"0\">\n<tbody>\n<tr>\n<td valign=\"top\" width=\"380\"><a href=\"http:\/\/www.pr-neu.de\/newsroom\/wordpress\/wp-content\/uploads\/2017\/09\/17-21-LEDs_Tor_G-1.jpg\"><img loading=\"lazy\" decoding=\"async\" class=\"aligncenter size-medium wp-image-12226\" src=\"http:\/\/www.pr-neu.de\/newsroom\/wordpress\/wp-content\/uploads\/2017\/09\/17-21-LEDs_Tor_G-1-225x300.jpg\" alt=\"\" width=\"225\" height=\"300\" srcset=\"https:\/\/www.pr-neu.de\/newsroom\/wordpress\/wp-content\/uploads\/2017\/09\/17-21-LEDs_Tor_G-1-225x300.jpg 225w, https:\/\/www.pr-neu.de\/newsroom\/wordpress\/wp-content\/uploads\/2017\/09\/17-21-LEDs_Tor_G-1-768x1024.jpg 768w, https:\/\/www.pr-neu.de\/newsroom\/wordpress\/wp-content\/uploads\/2017\/09\/17-21-LEDs_Tor_G-1-1152x1536.jpg 1152w, https:\/\/www.pr-neu.de\/newsroom\/wordpress\/wp-content\/uploads\/2017\/09\/17-21-LEDs_Tor_G-1-82x110.jpg 82w, https:\/\/www.pr-neu.de\/newsroom\/wordpress\/wp-content\/uploads\/2017\/09\/17-21-LEDs_Tor_G-1-315x420.jpg 315w, https:\/\/www.pr-neu.de\/newsroom\/wordpress\/wp-content\/uploads\/2017\/09\/17-21-LEDs_Tor_G-1-322x430.jpg 322w, https:\/\/www.pr-neu.de\/newsroom\/wordpress\/wp-content\/uploads\/2017\/09\/17-21-LEDs_Tor_G-1.jpg 1346w\" sizes=\"auto, (max-width: 225px) 100vw, 225px\" \/><\/a><\/td>\n<td>Mit Licht zu mehr Umsatz: Die neuen LED-Stripes f\u00fcr die Innenbeleuchtung von Garagen trifft auf das Bed\u00fcrfnis der Garagennutzer nach \u201ebessere Sicht durch mehr Licht in der Garage\u201c.<\/p>\n<p>Foto: Teckentrup<\/td>\n<\/tr>\n<tr>\n<td valign=\"top\" width=\"380\"><a href=\"http:\/\/www.pr-neu.de\/newsroom\/wordpress\/wp-content\/uploads\/2017\/09\/17-21-LED-Pack_G-1.jpg\"><img loading=\"lazy\" decoding=\"async\" class=\"aligncenter size-medium wp-image-12227\" src=\"http:\/\/www.pr-neu.de\/newsroom\/wordpress\/wp-content\/uploads\/2017\/09\/17-21-LED-Pack_G-1-249x300.jpg\" alt=\"\" width=\"249\" height=\"300\" srcset=\"https:\/\/www.pr-neu.de\/newsroom\/wordpress\/wp-content\/uploads\/2017\/09\/17-21-LED-Pack_G-1-249x300.jpg 249w, https:\/\/www.pr-neu.de\/newsroom\/wordpress\/wp-content\/uploads\/2017\/09\/17-21-LED-Pack_G-1-849x1024.jpg 849w, https:\/\/www.pr-neu.de\/newsroom\/wordpress\/wp-content\/uploads\/2017\/09\/17-21-LED-Pack_G-1-768x926.jpg 768w, https:\/\/www.pr-neu.de\/newsroom\/wordpress\/wp-content\/uploads\/2017\/09\/17-21-LED-Pack_G-1-1273x1536.jpg 1273w, https:\/\/www.pr-neu.de\/newsroom\/wordpress\/wp-content\/uploads\/2017\/09\/17-21-LED-Pack_G-1-91x110.jpg 91w, https:\/\/www.pr-neu.de\/newsroom\/wordpress\/wp-content\/uploads\/2017\/09\/17-21-LED-Pack_G-1-348x420.jpg 348w, https:\/\/www.pr-neu.de\/newsroom\/wordpress\/wp-content\/uploads\/2017\/09\/17-21-LED-Pack_G-1-356x430.jpg 356w, https:\/\/www.pr-neu.de\/newsroom\/wordpress\/wp-content\/uploads\/2017\/09\/17-21-LED-Pack_G-1.jpg 1488w\" sizes=\"auto, (max-width: 249px) 100vw, 249px\" \/><\/a><\/td>\n<td>Eleganz bis 3.500 x 3.000 Millimeter: Die weiterentwickelten Teckentrup-Dickfalzt\u00fcren.<\/p>\n<p>Foto: Teckentrup<\/p>\n<p>&nbsp;<\/td>\n<\/tr>\n<\/tbody>\n<\/table>\n<hr noshade=\"noshade\" size=\"1\" \/>\n<p><strong>Teckentrup LED-Set f\u00fcr die Garagenbeleuchtung<\/strong><\/p>\n<p>\u2022 2 x 2 LED-Stripes (\u00e0 1 m \/ 2 m) mit Magnetband (1.000 Lumen \/Meter = insgesamt 6.000 Lumen)<br \/>\n\u2022 Lichtfarbe: 4.000 K (entspricht neutralwei\u00df)<br \/>\n\u2022 Komplette Verkabelung<br \/>\n\u2022 Infrarotempf\u00e4nger<br \/>\n\u2022 Bewegungsmelder<br \/>\n\u2022 Fernbedienung<br \/>\n\u2022 Transformator<br \/>\n\u2022 6 Kabelbinder (als zus\u00e4tzliche Befestigungsoption)<br \/>\n\u2022 Nennspannung: 24 V \/ Nennleistung: max. 72 W<\/p>\n<hr noshade=\"noshade\" size=\"1\" \/>\n<p>Abdruck honorarfrei, Belegexemplar erbeten.<\/p>\n<p><b>Redaktionelle R\u00fcckfragen beantworten gern:<\/b><\/p>\n<p><strong>Teckentrup<\/strong> GmbH &amp; Co KG<br \/>\nAbteilung Marketing<br \/>\nIndustriestra\u00dfe 50<br \/>\n33415 Verl<br \/>\nTel.: 05246 \/ 5040<\/p>\n","protected":false},"excerpt":{"rendered":"<p>Neues CarTeck-Zubeh\u00f6r von Teckentrup: Neue, einfach installierbare LED-Stripes erweitern jetzt das Zubeh\u00f6r f\u00fcr CarTeck-Garagentore von Teckentrup (Verl). Dank der ausgefeilten Technik leuchten sie die Garage gleichm\u00e4\u00dfig hell aus \u2013 und befriedigen so einen immer wieder ge\u00e4u\u00dferten Endkunden-Wunsch. \u201eViele Nutzer wollen mehr Licht in ihrer Garage. Das haben unsere Insight-Studien klar ergeben\u201c, berichtet Teckentrup-Gesch\u00e4ftsf\u00fchrer Kai Teckentrup. [&hellip;]<\/p>\n","protected":false},"author":6,"featured_media":6704,"comment_status":"closed","ping_status":"open","sticky":false,"template":"","format":"standard","meta":{"footnotes":""},"categories":[3,18],"tags":[],"class_list":["post-5372","post","type-post","status-publish","format-standard","has-post-thumbnail","hentry","category-kundenmeldungen","category-teckentrup"],"_links":{"self":[{"href":"https:\/\/www.pr-neu.de\/newsroom\/wp-json\/wp\/v2\/posts\/5372","targetHints":{"allow":["GET"]}}],"collection":[{"href":"https:\/\/www.pr-neu.de\/newsroom\/wp-json\/wp\/v2\/posts"}],"about":[{"href":"https:\/\/www.pr-neu.de\/newsroom\/wp-json\/wp\/v2\/types\/post"}],"author":[{"embeddable":true,"href":"https:\/\/www.pr-neu.de\/newsroom\/wp-json\/wp\/v2\/users\/6"}],"replies":[{"embeddable":true,"href":"https:\/\/www.pr-neu.de\/newsroom\/wp-json\/wp\/v2\/comments?post=5372"}],"version-history":[{"count":5,"href":"https:\/\/www.pr-neu.de\/newsroom\/wp-json\/wp\/v2\/posts\/5372\/revisions"}],"predecessor-version":[{"id":12229,"href":"https:\/\/www.pr-neu.de\/newsroom\/wp-json\/wp\/v2\/posts\/5372\/revisions\/12229"}],"wp:featuredmedia":[{"embeddable":true,"href":"https:\/\/www.pr-neu.de\/newsroom\/wp-json\/wp\/v2\/media\/6704"}],"wp:attachment":[{"href":"https:\/\/www.pr-neu.de\/newsroom\/wp-json\/wp\/v2\/media?parent=5372"}],"wp:term":[{"taxonomy":"category","embeddable":true,"href":"https:\/\/www.pr-neu.de\/newsroom\/wp-json\/wp\/v2\/categories?post=5372"},{"taxonomy":"post_tag","embeddable":true,"href":"https:\/\/www.pr-neu.de\/newsroom\/wp-json\/wp\/v2\/tags?post=5372"}],"curies":[{"name":"wp","href":"https:\/\/api.w.org\/{rel}","templated":true}]}}