{"id":5351,"date":"2017-08-07T15:01:11","date_gmt":"2017-08-07T15:01:11","guid":{"rendered":"http:\/\/www.pr-nord.de\/newsroom\/?p=5351"},"modified":"2020-05-26T12:01:39","modified_gmt":"2020-05-26T10:01:39","slug":"leuphana-lueneburgs-libeskind-leuchtturm","status":"publish","type":"post","link":"https:\/\/www.pr-neu.de\/newsroom\/leuphana-lueneburgs-libeskind-leuchtturm\/","title":{"rendered":"Leuphana: L\u00fcneburgs Libeskind- Leuchtturm"},"content":{"rendered":"<p><span style=\"text-decoration: underline;\">Libeskind-Bau mit EControl Glas <\/span><\/p>\n<p><strong> Manch spektakul\u00e4re Architektur l\u00e4sst sich nur mit au\u00dfergew\u00f6hnlichen L\u00f6sungen realisieren \u2013 so wie L\u00fcneburgs Zentralgeb\u00e4ude der Leuphana Universit\u00e4t von Stararchitekt Daniel Libeskind. Das futuristische Design mit vielen asymmetrischen Formen verlangte eine Sonnenschutzl\u00f6sung, die das k\u00fcnstlerische Gesamtbild perfekt zur Geltung bringt. Deshalb w\u00e4hlte Libeskind dimmbares Glas (Dreifach-Isolierglas 48\/9) von EControl (Plauen) f\u00fcr das 37 Meter hohe neue \u201ezackige\u201c Wahrzeichen L\u00fcneburgs. \u201eUnser dimmbares Glas ist Bestandteil der transparenten \u00c4sthetik, die durch die imposanten Fensterfronten und durch hohe und lichtdurchflutete R\u00e4ume gekennzeichnet ist\u201c, betont EControl-Gesch\u00e4ftsf\u00fchrer Dipl.-Ing. Tobias John und erg\u00e4nzt: \u201eDie verschiedenen Formate konnten wir problemlos realisieren.\u201c <\/strong><\/p>\n<p>Der architektonisch anspruchsvolle Neubau, gern als \u201efuturistisches Geb\u00e4ude\u201c oder \u201eRaumschiff\u201c betitelt, forderte eine smarte und gleichzeitig elegante Verschattungsl\u00f6sung. Ein au\u00dfenliegender Sonnenschutz h\u00e4tte die \u00c4sthetik der Architektur konterkariert. \u201eBei der Planung eines klimaneutralen Campus kam uns das elektrochrome Glas von EControl sehr gelegen\u201c, erkl\u00e4rte Architekt Daniel Libeskind. Das moderne Glas l\u00e4sst auch im vollgedimmten Zustand noch gen\u00fcgend Tageslicht in die R\u00e4ume und wirkt sich dank des geringen Gesamtenergiedurchlasses positiv auf das Raumklima und das Wohlbefinden aus. So passt das ECONTROL-Glas perfekt in das architektonische Spannungsfeld zwischen Funktionalit\u00e4t und k\u00fcnstlerischem Anspruch.<\/p>\n<p><strong> Auszeichnung als \u201eInnovatives Objekt\u201c<\/strong><\/p>\n<p>In die 14.000 Kubikmeter Beton und 2.750 Tonnen Stahl f\u00fcgen sich 790 Quadratmeter Glas von EControl. Die au\u00dfergew\u00f6hnliche Architektur sieht dabei v\u00f6llig verschiedene Formate f\u00fcr die Lichtb\u00e4nder und Oberlichter vor \u2013 h\u00e4ufig abseits vom rechten Winkel. \u201eUnsere ECONTROL-Technologie erm\u00f6glicht die Fertigung unterschiedlichster, sogar freier Formen\u201c, sagt EControl-Vertriebsleiter Manfred Dittmar. Insgesamt wurden 426 Scheiben hergestellt und verbaut.<\/p>\n<p>Die innovative Architektur forderte auch kreative L\u00f6sungen in der Produktion. Diese fand EControl-Glas gemeinsam mit seinem Isolierglas Partner ISOLAR Glas Natter GmbH (Regensburg) \u2013 mit hoher Anerkennung: Die Unternehmen erhielten f\u00fcr die Leuphana-Verglasung die Auszeichnung \u201eInnovatives Objekt\u201c auf der diesj\u00e4hrigen Jahrestagung der ISOLAR-Gruppe.<\/p>\n<p><strong> Dreifach-Isolierglas mit optimalem Sonnenschutz <\/strong><\/p>\n<p>Der g-Wert (Gesamtenergiedurchlassgrad) des dimmbaren Dreifach-Isolierglases ECONTROL 48\/9 betr\u00e4gt auf st\u00e4rkster Dimmstufe nur neun Prozent. Das elektrochrome Glas verhindert so ein \u00dcberhitzen der Universit\u00e4tsr\u00e4ume und verbindet \u00c4sthetik und Funktionalit\u00e4t. Die innovative Technik dahinter: ECONTROL-Gl\u00e4ser verf\u00fcgen \u00fcber eine innenliegende Nanostrukturbeschichtung. Diese ver\u00e4ndert ihre Farbe, sobald eine elektrische Spannung angelegt wird. Dieser \u201eelektrochrome Effekt\u201c f\u00e4rbt das Glas blau ein, sperrt die Sonnenhitze aus und sorgt dadurch f\u00fcr ein optimales Raumklima. Auf diese Weise bleiben die Universit\u00e4tsr\u00e4ume hell und trotzdem angenehm k\u00fchl im Sommer.<\/p>\n<p>\u201eDie Dimmung kann automatisch oder manuell geregelt werden, bis hin zur Steuerung vom Tablet\u201c, unterstreicht Manfred Dittmar und betont damit die technischen M\u00f6glichkeiten der elektrochromen Gl\u00e4ser.<\/p>\n<p><strong>Planung und Bau<\/strong><\/p>\n<p>Die Grundsteinlegung des Zentralgeb\u00e4udes der Uni erfolgte im Mai 2011. Libeskind, zugleich Professor f\u00fcr Architekturentwurf an der Leuphana Universit\u00e4t, bezog die Studierenden in seine Planung ein und lie\u00df sie Ideen mit entwickeln. Die asymmetrischen Formen des neuen Baukomplexes sollen einen Gegensatz zu der milit\u00e4rischen Bauweise der vorhandenen Geb\u00e4ude aus den 1930er Jahren abbilden. Am 11. M\u00e4rz 2017 fand die Er\u00f6ffnung statt.<\/p>\n<hr noshade=\"noshade\" size=\"1\" \/>\n<p><span style=\"text-decoration: underline;\"><strong>Bautafel<\/strong><\/span><\/p>\n<p><strong>Leuphana &#8211; Campus der Universit\u00e4t L\u00fcneburg <\/strong><\/p>\n<p><strong>Projekt:<\/strong> Leuphana &#8211; Campus der Universit\u00e4t L\u00fcneburg<\/p>\n<p><strong>Objektadresse:<\/strong> Campus der Universit\u00e4t L\u00fcneburg, Uelzener\/ Heinrich-B\u00f6ll-Stra\u00dfe Tor D, 21335 L\u00fcneburg<\/p>\n<p><strong>Architekt:<\/strong> Daniel Libeskind<\/p>\n<p><strong>Glasprodukt: <\/strong>ECONTROL\u00ae 48\/9, EControl-Glas GmbH &amp; Co. KG, Plauen<br \/>\nIn Zusammenarbeit mit Glas Natter GmbH, Regensburg<\/p>\n<p><strong>Fl\u00e4che:<\/strong> 790 Quadratmeter<\/p>\n<p><strong>Metallbauer:<\/strong> H.O. Schl\u00fcter GmbH, Industriestra\u00dfe 10, 19386 L\u00fcbz<\/p>\n<hr noshade=\"noshade\" size=\"1\" \/>\n<table style=\"height: 907px;\" border=\"0\" width=\"723\" cellspacing=\"0\" cellpadding=\"0\">\n<tbody>\n<tr>\n<td valign=\"top\" width=\"370\" height=\"200\"><img loading=\"lazy\" decoding=\"async\" src=\"http:\/\/www.pr-neu.de\/images\/17-05_Leuphana_aussen_1_K.jpg\" alt=\"\" width=\"360\" height=\"240\" \/><\/td>\n<td colspan=\"3\" height=\"200\">\u00c4sthetik und Funktionalit\u00e4t: Das dimmbare Glas von EControl (Plauen) passt perfekt zur asymmetrischen Bauweise des Stararchitekten Daniel Libeskind. Insgesamt wurden 426 Scheiben verbaut.<\/p>\n<p>Foto: EControl-Glas GmbH \/ Fotograf: DIGIWORLD.tv<\/p>\n<p>&nbsp;<\/td>\n<\/tr>\n<tr>\n<td valign=\"top\" width=\"370\" height=\"200\"><img loading=\"lazy\" decoding=\"async\" src=\"http:\/\/www.pr-neu.de\/images\/17-05_Leuphana_aussen_2_K.jpg\" alt=\"\" width=\"360\" height=\"240\" \/><\/td>\n<td colspan=\"3\" height=\"200\">Auf einer Gesamtfl\u00e4che von 790 Quadratmetern wurde das dimmbare Dreifach-Isolierglas ECONTROL 48\/9 eingesetzt. Der g-Wert (Gesamtenergiedurchlassgrad) betr\u00e4gt auf st\u00e4rkster Dimmstufe nur neun Prozent. Das elektrochrome Glas verhindert so ein \u00dcberhitzen der Universit\u00e4tsr\u00e4ume.<\/p>\n<p>Foto: EControl-Glas GmbH \/ Fotograf: DIGIWORLD.tv<\/p>\n<p>&nbsp;<\/td>\n<\/tr>\n<tr>\n<td valign=\"top\" width=\"370\" height=\"200\"><img loading=\"lazy\" decoding=\"async\" src=\"http:\/\/www.pr-neu.de\/images\/17-05_Leuphana_aussen_3_K.jpg\" alt=\"\" width=\"360\" height=\"240\" \/><\/td>\n<td colspan=\"3\" height=\"200\">Auf einer Gesamtfl\u00e4che von 790 Quadratmetern wurde das dimmbare Dreifach-Isolierglas ECONTROL 48\/9 eingesetzt. Der g-Wert (Gesamtenergiedurchlassgrad) betr\u00e4gt auf st\u00e4rkster Dimmstufe nur neun Prozent. Das elektrochrome Glas verhindert so ein \u00dcberhitzen der Universit\u00e4tsr\u00e4ume.<\/p>\n<p>Foto: EControl-Glas GmbH \/ Fotograf: DIGIWORLD.tv<\/p>\n<p>&nbsp;<\/td>\n<\/tr>\n<\/tbody>\n<\/table>\n<hr noshade=\"noshade\" size=\"1\" \/>\n<p>Abdruck honorarfrei, Belegexemplar erbeten<\/p>\n<p><strong>R\u00fcckfragen beantwortet gern<\/strong><\/p>\n<table width=\"532\">\n<tbody>\n<tr>\n<td valign=\"top\" width=\"260\" height=\"25\"><strong>EControl-Glas<\/strong> GmbH &amp; Co. KG<br \/>\nNadine Witt<br \/>\nTel.: +49(0)3741\/14820-116<br \/>\nFax: +49(0)3741\/14820-150<br \/>\nE-Mail: <a href=\"&#x6d;&#97;&#105;l&#x74;&#x6f;&#58;p&#x72;&#x65;&#115;se&#x40;&#101;&#99;o&#x6e;&#x74;&#114;o&#x6c;&#x2d;&#103;&#108;a&#x73;&#x2e;&#100;e\">p&#114;&#101;&#115;&#x73;&#x65;&#x40;ec&#111;&#110;&#x74;&#x72;&#x6f;&#x6c;-g&#108;&#97;&#x73;&#x2e;&#x64;&#x65;<\/a><\/td>\n<td colspan=\"3\" valign=\"top\" width=\"260\" height=\"21\"><\/td>\n<\/tr>\n<\/tbody>\n<\/table>\n","protected":false},"excerpt":{"rendered":"<p>Libeskind-Bau mit EControl Glas Manch spektakul\u00e4re Architektur l\u00e4sst sich nur mit au\u00dfergew\u00f6hnlichen L\u00f6sungen realisieren \u2013 so wie L\u00fcneburgs Zentralgeb\u00e4ude der Leuphana Universit\u00e4t von Stararchitekt Daniel Libeskind. Das futuristische Design mit vielen asymmetrischen Formen verlangte eine Sonnenschutzl\u00f6sung, die das k\u00fcnstlerische Gesamtbild perfekt zur Geltung bringt. Deshalb w\u00e4hlte Libeskind dimmbares Glas (Dreifach-Isolierglas 48\/9) von EControl (Plauen) f\u00fcr [&hellip;]<\/p>\n","protected":false},"author":6,"featured_media":7207,"comment_status":"closed","ping_status":"open","sticky":false,"template":"","format":"standard","meta":{"footnotes":""},"categories":[25,3],"tags":[],"class_list":["post-5351","post","type-post","status-publish","format-standard","has-post-thumbnail","hentry","category-econtrol","category-kundenmeldungen"],"_links":{"self":[{"href":"https:\/\/www.pr-neu.de\/newsroom\/wp-json\/wp\/v2\/posts\/5351","targetHints":{"allow":["GET"]}}],"collection":[{"href":"https:\/\/www.pr-neu.de\/newsroom\/wp-json\/wp\/v2\/posts"}],"about":[{"href":"https:\/\/www.pr-neu.de\/newsroom\/wp-json\/wp\/v2\/types\/post"}],"author":[{"embeddable":true,"href":"https:\/\/www.pr-neu.de\/newsroom\/wp-json\/wp\/v2\/users\/6"}],"replies":[{"embeddable":true,"href":"https:\/\/www.pr-neu.de\/newsroom\/wp-json\/wp\/v2\/comments?post=5351"}],"version-history":[{"count":4,"href":"https:\/\/www.pr-neu.de\/newsroom\/wp-json\/wp\/v2\/posts\/5351\/revisions"}],"predecessor-version":[{"id":12254,"href":"https:\/\/www.pr-neu.de\/newsroom\/wp-json\/wp\/v2\/posts\/5351\/revisions\/12254"}],"wp:featuredmedia":[{"embeddable":true,"href":"https:\/\/www.pr-neu.de\/newsroom\/wp-json\/wp\/v2\/media\/7207"}],"wp:attachment":[{"href":"https:\/\/www.pr-neu.de\/newsroom\/wp-json\/wp\/v2\/media?parent=5351"}],"wp:term":[{"taxonomy":"category","embeddable":true,"href":"https:\/\/www.pr-neu.de\/newsroom\/wp-json\/wp\/v2\/categories?post=5351"},{"taxonomy":"post_tag","embeddable":true,"href":"https:\/\/www.pr-neu.de\/newsroom\/wp-json\/wp\/v2\/tags?post=5351"}],"curies":[{"name":"wp","href":"https:\/\/api.w.org\/{rel}","templated":true}]}}