{"id":531,"date":"2011-04-08T14:44:16","date_gmt":"2011-04-08T12:44:16","guid":{"rendered":"http:\/\/www.pr-nord.de\/newsroom\/?p=531"},"modified":"2020-05-28T16:27:05","modified_gmt":"2020-05-28T14:27:05","slug":"gut-gefilzt","status":"publish","type":"post","link":"https:\/\/www.pr-neu.de\/newsroom\/gut-gefilzt\/","title":{"rendered":"Gut gefilzt"},"content":{"rendered":"<table border=\"0\" width=\"520\" cellspacing=\"0\" cellpadding=\"0\">\n<tbody>\n<tr>\n<td><span style=\"text-decoration: underline;\">Feink\u00f6rnig und d\u00fcnnschichtig: Oberputz StoMiral Nivell F<\/span><\/p>\n<p><strong><br \/>\nGut gefilzt<\/strong><\/p>\n<p><strong>Kontraste beleben Fl\u00e4chen, beispielsweise durch unterschiedliche Putzstrukturen. Besondere Akzente setzt der neue mineralische Oberputz StoMiral Nivell F: Mit der Abriebk\u00f6rnung von nur einem Millimeter l\u00e4sst er sich sehr gleichm\u00e4\u00dfig filzen und erm\u00f6glicht feine Fl\u00e4chen \u2013 innen und au\u00dfen. <\/strong><\/p>\n<p>Fl\u00e4chen werden zum Blickfang, wenn sie Farb- und Strukturwechsel zeigen. An Fassaden bieten sich Fensterfaschen, Sockel oder B\u00e4nder an, um mit feineren Putzversionen optisch akzentuiert zu werden. So entsteht ein lebendiges Spiel aus Schattenw\u00fcrfen und Plastizit\u00e4t.<\/p>\n<p>Der neue, mineralische Oberputz StoMiral Nivell F l\u00e4sst sich schnell, kraftsparend und gleichm\u00e4\u00dfig filzen. Mit einer Abriebk\u00f6rnung von nur zirka einem Millimeter sind feine Strukturen einfach zu realisieren. Das d\u00fcnnschichtig aufzutragende Material ist als Oberputz f\u00fcr die WDV-Systeme StoTherm Mineral und StoTherm Vario konzipiert, kann aber auch auf allen g\u00e4ngigen Grundputzen appliziert werden \u2013 auch im Innenraum auf Gipsputzen, gegl\u00e4tteten Putzen und Gipskartonplatten. Der Auftrag erfolgt mit der Stahltraufel oder maschinell.<\/p>\n<p>StoMiral Nivell F ist wasserabweisend, witterungsbest\u00e4ndig, mechanisch belastbar und nicht brennbar (A1). Der Putz hat den Farbton wei\u00df, braucht aber im Au\u00dfenbereich einen Anstrich.<\/p>\n<hr noshade=\"noshade\" size=\"1\" \/>\n<table style=\"height: 25px;\" border=\"0\" width=\"520\" cellspacing=\"0\" cellpadding=\"0\">\n<tbody>\n<tr>\n<td valign=\"top\" width=\"370\" height=\"25\"><a href=\"http:\/\/www.pr-neu.de\/newsroom\/wordpress\/wp-content\/uploads\/2011\/04\/11-19-Miral_Nivell_F_G.jpg\"><img loading=\"lazy\" decoding=\"async\" class=\"aligncenter size-medium wp-image-13086\" src=\"http:\/\/www.pr-neu.de\/newsroom\/wordpress\/wp-content\/uploads\/2011\/04\/11-19-Miral_Nivell_F_G-300x200.jpg\" alt=\"\" width=\"300\" height=\"200\" srcset=\"https:\/\/www.pr-neu.de\/newsroom\/wordpress\/wp-content\/uploads\/2011\/04\/11-19-Miral_Nivell_F_G-300x200.jpg 300w, https:\/\/www.pr-neu.de\/newsroom\/wordpress\/wp-content\/uploads\/2011\/04\/11-19-Miral_Nivell_F_G-1024x682.jpg 1024w, https:\/\/www.pr-neu.de\/newsroom\/wordpress\/wp-content\/uploads\/2011\/04\/11-19-Miral_Nivell_F_G-768x512.jpg 768w, https:\/\/www.pr-neu.de\/newsroom\/wordpress\/wp-content\/uploads\/2011\/04\/11-19-Miral_Nivell_F_G-1536x1024.jpg 1536w, https:\/\/www.pr-neu.de\/newsroom\/wordpress\/wp-content\/uploads\/2011\/04\/11-19-Miral_Nivell_F_G-110x73.jpg 110w, https:\/\/www.pr-neu.de\/newsroom\/wordpress\/wp-content\/uploads\/2011\/04\/11-19-Miral_Nivell_F_G-420x280.jpg 420w, https:\/\/www.pr-neu.de\/newsroom\/wordpress\/wp-content\/uploads\/2011\/04\/11-19-Miral_Nivell_F_G-645x430.jpg 645w, https:\/\/www.pr-neu.de\/newsroom\/wordpress\/wp-content\/uploads\/2011\/04\/11-19-Miral_Nivell_F_G.jpg 1772w\" sizes=\"auto, (max-width: 300px) 100vw, 300px\" \/><\/a><\/td>\n<td colspan=\"3\" height=\"21\">Der neue Oberputz StoMiral Nivell F l\u00e4sst sich sehr gleichm\u00e4\u00dfig filzen und erm\u00f6glicht feine Fl\u00e4chen.<\/p>\n<p>Foto: Sto AG<\/td>\n<\/tr>\n<\/tbody>\n<\/table>\n<hr noshade=\"noshade\" size=\"1\" \/>\n<p>Abdruck honorarfrei, Belegexemplar erbeten<\/td>\n<\/tr>\n<tr>\n<td><\/td>\n<\/tr>\n<\/tbody>\n<\/table>\n<table border=\"0\" width=\"95{ab9cb22b1639c68dfef7c1751c9d63405358944ce3964465eb35eb6b5b6beaaa}\">\n<tbody>\n<tr>\n<td><!-- AddThis Button BEGIN --><\/p>\n<div class=\"addthis_toolbox addthis_default_style\"><\/div>\n<p>&nbsp;<\/td>\n<\/tr>\n<\/tbody>\n<\/table>\n","protected":false},"excerpt":{"rendered":"<p>Feink\u00f6rnig und d\u00fcnnschichtig: Oberputz StoMiral Nivell F Gut gefilzt Kontraste beleben Fl\u00e4chen, beispielsweise durch unterschiedliche Putzstrukturen. Besondere Akzente setzt der neue mineralische Oberputz StoMiral Nivell F: Mit der Abriebk\u00f6rnung von nur einem Millimeter l\u00e4sst er sich sehr gleichm\u00e4\u00dfig filzen und erm\u00f6glicht feine Fl\u00e4chen \u2013 innen und au\u00dfen. Fl\u00e4chen werden zum Blickfang, wenn sie Farb- und [&hellip;]<\/p>\n","protected":false},"author":6,"featured_media":0,"comment_status":"closed","ping_status":"open","sticky":false,"template":"","format":"standard","meta":{"footnotes":""},"categories":[3,15],"tags":[180,187,384,414,504],"class_list":["post-531","post","type-post","status-publish","format-standard","hentry","category-kundenmeldungen","category-sto","tag-farbe","tag-fassade","tag-oberputz","tag-putz","tag-sto-2"],"_links":{"self":[{"href":"https:\/\/www.pr-neu.de\/newsroom\/wp-json\/wp\/v2\/posts\/531","targetHints":{"allow":["GET"]}}],"collection":[{"href":"https:\/\/www.pr-neu.de\/newsroom\/wp-json\/wp\/v2\/posts"}],"about":[{"href":"https:\/\/www.pr-neu.de\/newsroom\/wp-json\/wp\/v2\/types\/post"}],"author":[{"embeddable":true,"href":"https:\/\/www.pr-neu.de\/newsroom\/wp-json\/wp\/v2\/users\/6"}],"replies":[{"embeddable":true,"href":"https:\/\/www.pr-neu.de\/newsroom\/wp-json\/wp\/v2\/comments?post=531"}],"version-history":[{"count":3,"href":"https:\/\/www.pr-neu.de\/newsroom\/wp-json\/wp\/v2\/posts\/531\/revisions"}],"predecessor-version":[{"id":13087,"href":"https:\/\/www.pr-neu.de\/newsroom\/wp-json\/wp\/v2\/posts\/531\/revisions\/13087"}],"wp:attachment":[{"href":"https:\/\/www.pr-neu.de\/newsroom\/wp-json\/wp\/v2\/media?parent=531"}],"wp:term":[{"taxonomy":"category","embeddable":true,"href":"https:\/\/www.pr-neu.de\/newsroom\/wp-json\/wp\/v2\/categories?post=531"},{"taxonomy":"post_tag","embeddable":true,"href":"https:\/\/www.pr-neu.de\/newsroom\/wp-json\/wp\/v2\/tags?post=531"}],"curies":[{"name":"wp","href":"https:\/\/api.w.org\/{rel}","templated":true}]}}