{"id":5274,"date":"2017-07-14T09:12:14","date_gmt":"2017-07-14T09:12:14","guid":{"rendered":"http:\/\/www.pr-nord.de\/newsroom\/?p=5274"},"modified":"2020-05-19T13:37:33","modified_gmt":"2020-05-19T11:37:33","slug":"warten-sie-noch-oder-surfen-sie-schon","status":"publish","type":"post","link":"https:\/\/www.pr-neu.de\/newsroom\/warten-sie-noch-oder-surfen-sie-schon\/","title":{"rendered":"Warten Sie noch oder surfen Sie schon?"},"content":{"rendered":"<p><span style=\"text-decoration: underline;\"> M\u00fcnchen, K\u00f6ln, Berlin: 3. Internet-Marketing-Tag im Handwerk<\/span><\/p>\n<p>Das Recherchieren nach Firmen und Dienstleistern z\u00e4hlt f\u00fcr Verbraucher und Bauherren zu den wichtigsten Anwendungen des Internets. Handwerksbetriebe, die das nicht effektiv nutzen, verschenken Auftr\u00e4ge, verspielen Chancen auf gute Fachkr\u00e4fte und gef\u00e4hrden mitunter sogar ihre Existenz. Dennoch gibt es Unternehmen, die nicht oder nur schlecht im Internet vertreten sind. Dies zu \u00e4ndern, ist Anliegen von Sto \u2013 und f\u00f6rdert deshalb zum dritten Mal den \u201eInternet-Marketing-Tag im Handwerk\u201c. Dieser richtet sich an Einsteiger und Handwerksunternehmen, die ihren Online-Auftritt selbst planen, aufbauen oder betreuen m\u00f6chten. Auf den Veranstaltungen referieren Experten, die Internet und Handwerk beherrschen \u2013 unter anderem Handwerksunternehmer Volker Geyer und Internet-Marketing-Experte Thomas Issler. Buchautor und Handwerksmeister J\u00f6rg Mosler erg\u00e4nzt das Programm mit dem Impuls-Vortrag \u201eSo trotzen wir dem Fachkr\u00e4ftemangel\u201c. Teilnehmer erhalten viele Tipps und zum Nachlesen ein umfangreiches Arbeitsbuch.<\/p>\n<p><strong> Eckdaten<\/strong><\/p>\n<p>14. 10. 2017 M\u00fcnchen<br \/>\n04. 11. 2017 K\u00f6ln<br \/>\n09. 12. 2017 Berlin\/<br \/>\nGeb\u00fchr: 97,00 Euro zzgl. MWSt.<br \/>\nInfos \/ Anmeldung: <a href=\"http:\/\/internet-marketing-tag-handwerk.de\/\">http:\/\/internet-marketing-tag-handwerk.de<\/a><\/p>\n<p>&nbsp;<\/p>\n<hr noshade=\"noshade\" size=\"1\" \/>\n<p>&nbsp;<\/p>\n<p>Abdruck honorarfrei, Belegexemplar erbeten<\/p>\n<p>&nbsp;<\/p>\n","protected":false},"excerpt":{"rendered":"<p>Das Recherchieren nach Firmen und Dienstleistern z\u00e4hlt f\u00fcr Verbraucher und Bauherren zu den wichtigsten Anwendungen des Internets. Handwerksbetriebe, die das nicht effektiv nutzen, verschenken Auftr\u00e4ge, verspielen Chancen auf gute Fachkr\u00e4fte und gef\u00e4hrden mitunter sogar ihre Existenz. Dennoch gibt es Unternehmen, die nicht oder nur schlecht im Internet vertreten sind. Dies zu \u00e4ndern, ist Anliegen von Sto.<\/p>\n<tbody>\n<tr>\n<td><!-- AddThis Button BEGIN --><\/p>\n<div class=\"addthis_toolbox addthis_default_style\">\n<div><a class=\"addthis_button_compact\" href=\"http:\/\/www.addthis.com\/bookmark.php?v=250&amp;username=xa-4bcef6844aa77bdd\">Share<\/a><span class=\"addthis_separator\">|<\/span><a class=\"addthis_button_facebook\"><\/a><a class=\"addthis_button_myspace\"><\/a><a class=\"addthis_button_google\"><\/a><a class=\"addthis_button_twitter\"><\/a><\/div>\n<\/div>\n<p><script src=\"http:\/\/s7.addthis.com\/js\/250\/addthis_widget.js#username=xa-4bcef6844aa77bdd\" type=\"text\/javascript\"><\/script><!-- AddThis Button END --><\/td>\n<\/tr>\n<\/tbody>\n<\/table>\n","protected":false},"author":6,"featured_media":5672,"comment_status":"closed","ping_status":"open","sticky":false,"template":"","format":"standard","meta":{"footnotes":""},"categories":[15],"tags":[],"class_list":["post-5274","post","type-post","status-publish","format-standard","has-post-thumbnail","hentry","category-sto"],"_links":{"self":[{"href":"https:\/\/www.pr-neu.de\/newsroom\/wp-json\/wp\/v2\/posts\/5274","targetHints":{"allow":["GET"]}}],"collection":[{"href":"https:\/\/www.pr-neu.de\/newsroom\/wp-json\/wp\/v2\/posts"}],"about":[{"href":"https:\/\/www.pr-neu.de\/newsroom\/wp-json\/wp\/v2\/types\/post"}],"author":[{"embeddable":true,"href":"https:\/\/www.pr-neu.de\/newsroom\/wp-json\/wp\/v2\/users\/6"}],"replies":[{"embeddable":true,"href":"https:\/\/www.pr-neu.de\/newsroom\/wp-json\/wp\/v2\/comments?post=5274"}],"version-history":[{"count":2,"href":"https:\/\/www.pr-neu.de\/newsroom\/wp-json\/wp\/v2\/posts\/5274\/revisions"}],"predecessor-version":[{"id":11877,"href":"https:\/\/www.pr-neu.de\/newsroom\/wp-json\/wp\/v2\/posts\/5274\/revisions\/11877"}],"wp:featuredmedia":[{"embeddable":true,"href":"https:\/\/www.pr-neu.de\/newsroom\/wp-json\/wp\/v2\/media\/5672"}],"wp:attachment":[{"href":"https:\/\/www.pr-neu.de\/newsroom\/wp-json\/wp\/v2\/media?parent=5274"}],"wp:term":[{"taxonomy":"category","embeddable":true,"href":"https:\/\/www.pr-neu.de\/newsroom\/wp-json\/wp\/v2\/categories?post=5274"},{"taxonomy":"post_tag","embeddable":true,"href":"https:\/\/www.pr-neu.de\/newsroom\/wp-json\/wp\/v2\/tags?post=5274"}],"curies":[{"name":"wp","href":"https:\/\/api.w.org\/{rel}","templated":true}]}}