{"id":5243,"date":"2017-06-19T08:32:34","date_gmt":"2017-06-19T08:32:34","guid":{"rendered":"http:\/\/www.pr-nord.de\/newsroom\/?p=5243"},"modified":"2020-05-26T16:19:47","modified_gmt":"2020-05-26T14:19:47","slug":"leuphana-ist-innovatives-objekt","status":"publish","type":"post","link":"https:\/\/www.pr-neu.de\/newsroom\/leuphana-ist-innovatives-objekt\/","title":{"rendered":"Leuphana ist \u201eInnovatives Objekt\u201c"},"content":{"rendered":"<p><span style=\"text-decoration: underline;\">ECONTROL \u2013 Leuphana Campus gewinnt Preis im Isolar-Objektwettbewerb<\/span><\/p>\n<p><strong>In Berlin zeichnete jetzt die Isolar Gruppe anl\u00e4sslich ihrer Jahrestagung den Neubau des Campus der Leuphana Universit\u00e4t in L\u00fcneburg von Stararchitekt Daniel Libeskind in der Kategorie \u201eInnovative Objekte\u201c aus. Gemeinsam mit seinem Isolierglas-Partner Glas Natter (Regensburg) wurde EControl-Glas (Plauen) f\u00fcr die Ausf\u00fchrung dieses Leuchtturmprojektes pr\u00e4miert. 790 Quadratmeter dimmbares, elektrochromes Sonnenschutzglas wurden im Campus Neubau verbaut. \u201eWir sind sehr stolz auf dieses Referenzobjekt eines Architekten von Weltrang.\u201c, erkl\u00e4rte EControl-Vertriebsleiter Manfred Dittmar.<\/strong><\/p>\n<p>Im diesj\u00e4hrigen Isolar-Objektwettbewerb gab es drei Kategorien: \u201eRepr\u00e4sentative Objekte\u201c, \u201eInnovative Objekte\u201c und \u201eKreative Objekte\u201c. Voraussetzung war, dass die Objekte mit Isolar-Glas realisiert wurden und in ihrer Kategorie besonders herausragten. Dies ist durch die Libeskind-Formgebung des Campus in besonderer Weise gegeben und f\u00fchrte zur Pr\u00e4mierung von ECONTROL.<\/p>\n<p>Die einzelnen, auf das futuristische Geb\u00e4ude abgestimmten Oberlichter und Fensterb\u00e4nder sorgen nun f\u00fcr optimalen Hitzeschutz ohne \u00e4u\u00dfere Verschattung und eine angenehme Eindunkelung. Der technische Clou des ECONTROL-Glases entsteht durch den elektrochromen Effekt, der das Glas blau einf\u00e4rbt und individuelle Dimmung erm\u00f6glicht.<\/p>\n<hr noshade=\"noshade\" size=\"1\" \/>\n<table style=\"height: 495px;\" border=\"0\" width=\"731\" cellspacing=\"0\" cellpadding=\"0\">\n<tbody>\n<tr>\n<td valign=\"top\" width=\"370\" height=\"200\"><a href=\"http:\/\/www.pr-neu.de\/newsroom\/wordpress\/wp-content\/uploads\/2017\/06\/17-04_Leuphana_Isolar_01_G.jpg\"><img loading=\"lazy\" decoding=\"async\" class=\"aligncenter size-medium wp-image-12312\" src=\"http:\/\/www.pr-neu.de\/newsroom\/wordpress\/wp-content\/uploads\/2017\/06\/17-04_Leuphana_Isolar_01_G-300x200.jpg\" alt=\"\" width=\"300\" height=\"200\" srcset=\"https:\/\/www.pr-neu.de\/newsroom\/wordpress\/wp-content\/uploads\/2017\/06\/17-04_Leuphana_Isolar_01_G-300x200.jpg 300w, https:\/\/www.pr-neu.de\/newsroom\/wordpress\/wp-content\/uploads\/2017\/06\/17-04_Leuphana_Isolar_01_G-1024x683.jpg 1024w, https:\/\/www.pr-neu.de\/newsroom\/wordpress\/wp-content\/uploads\/2017\/06\/17-04_Leuphana_Isolar_01_G-768x512.jpg 768w, https:\/\/www.pr-neu.de\/newsroom\/wordpress\/wp-content\/uploads\/2017\/06\/17-04_Leuphana_Isolar_01_G-1536x1024.jpg 1536w, https:\/\/www.pr-neu.de\/newsroom\/wordpress\/wp-content\/uploads\/2017\/06\/17-04_Leuphana_Isolar_01_G-110x73.jpg 110w, https:\/\/www.pr-neu.de\/newsroom\/wordpress\/wp-content\/uploads\/2017\/06\/17-04_Leuphana_Isolar_01_G-420x280.jpg 420w, https:\/\/www.pr-neu.de\/newsroom\/wordpress\/wp-content\/uploads\/2017\/06\/17-04_Leuphana_Isolar_01_G-645x430.jpg 645w, https:\/\/www.pr-neu.de\/newsroom\/wordpress\/wp-content\/uploads\/2017\/06\/17-04_Leuphana_Isolar_01_G.jpg 1795w\" sizes=\"auto, (max-width: 300px) 100vw, 300px\" \/><\/a><\/td>\n<td colspan=\"3\" height=\"200\">Blick auf die Fassade des Leuphana-Zentralgeb\u00e4udes. Das elektrochrome Glas von EControl passt sich perfekt in das architektonisch anspruchsvolle Bauwerk von Stararchitekt Daniel Libeskind ein.<\/p>\n<p>Foto: Arnold Glas<\/td>\n<\/tr>\n<tr>\n<td valign=\"top\" width=\"370\" height=\"200\"><a href=\"http:\/\/www.pr-neu.de\/newsroom\/wordpress\/wp-content\/uploads\/2017\/06\/17-04_Leuphana_Isolar_07_G-1.jpg\"><img loading=\"lazy\" decoding=\"async\" class=\"size-medium wp-image-12311\" src=\"http:\/\/www.pr-neu.de\/newsroom\/wordpress\/wp-content\/uploads\/2017\/06\/17-04_Leuphana_Isolar_07_G-1-300x200.jpg\" alt=\"\" width=\"300\" height=\"200\" srcset=\"https:\/\/www.pr-neu.de\/newsroom\/wordpress\/wp-content\/uploads\/2017\/06\/17-04_Leuphana_Isolar_07_G-1-300x200.jpg 300w, https:\/\/www.pr-neu.de\/newsroom\/wordpress\/wp-content\/uploads\/2017\/06\/17-04_Leuphana_Isolar_07_G-1-1024x683.jpg 1024w, https:\/\/www.pr-neu.de\/newsroom\/wordpress\/wp-content\/uploads\/2017\/06\/17-04_Leuphana_Isolar_07_G-1-768x512.jpg 768w, https:\/\/www.pr-neu.de\/newsroom\/wordpress\/wp-content\/uploads\/2017\/06\/17-04_Leuphana_Isolar_07_G-1-1536x1024.jpg 1536w, https:\/\/www.pr-neu.de\/newsroom\/wordpress\/wp-content\/uploads\/2017\/06\/17-04_Leuphana_Isolar_07_G-1-110x73.jpg 110w, https:\/\/www.pr-neu.de\/newsroom\/wordpress\/wp-content\/uploads\/2017\/06\/17-04_Leuphana_Isolar_07_G-1-420x280.jpg 420w, https:\/\/www.pr-neu.de\/newsroom\/wordpress\/wp-content\/uploads\/2017\/06\/17-04_Leuphana_Isolar_07_G-1-645x430.jpg 645w, https:\/\/www.pr-neu.de\/newsroom\/wordpress\/wp-content\/uploads\/2017\/06\/17-04_Leuphana_Isolar_07_G-1.jpg 1795w\" sizes=\"auto, (max-width: 300px) 100vw, 300px\" \/><\/a><\/td>\n<td colspan=\"3\" height=\"200\">Hans-Joachim Arnold (AR Vorsitzender der Isolar Gruppe, links) \u00fcberreichte pers\u00f6nlich die Auszeichung an Manfred Dittmar von EControl-Glas und an Rosemarie Natter f\u00fcr das Objekt Leuphana Campus in L\u00fcneburg.<\/p>\n<p>Foto: Arnold Glas<\/td>\n<\/tr>\n<\/tbody>\n<\/table>\n<hr noshade=\"noshade\" size=\"1\" \/>\n<p>Abdruck honorarfrei, Belegexemplar erbeten<\/p>\n<p><strong>R\u00fcckfragen beantwortet gern<\/strong><\/p>\n<table width=\"532\">\n<tbody>\n<tr>\n<td valign=\"top\" width=\"260\" height=\"25\"><strong>EControl-Glas<\/strong> GmbH &amp; Co. KG<br \/>\nNadine Witt<br \/>\nTel.: +49(0)3741\/14820-116<br \/>\nFax: +49(0)3741\/14820-150<br \/>\nE-Mail: <a href=\"&#109;&#97;&#x69;l&#116;&#x6f;&#x3a;p&#114;&#x65;&#x73;s&#101;&#x40;&#x65;c&#111;&#x6e;&#x74;r&#111;&#x6c;&#x2d;g&#108;&#x61;s&#46;&#100;&#x65;\">&#x70;&#x72;&#x65;&#115;&#115;e&#64;&#x65;&#x63;&#x6f;&#110;&#116;ro&#x6c;&#x2d;&#x67;&#108;&#97;s&#46;&#x64;&#x65;<\/a><\/td>\n<td colspan=\"3\" valign=\"top\" width=\"260\" height=\"21\"><\/td>\n<\/tr>\n<\/tbody>\n<\/table>\n","protected":false},"excerpt":{"rendered":"<p>ECONTROL \u2013 Leuphana Campus gewinnt Preis im Isolar-Objektwettbewerb In Berlin zeichnete jetzt die Isolar Gruppe anl\u00e4sslich ihrer Jahrestagung den Neubau des Campus der Leuphana Universit\u00e4t in L\u00fcneburg von Stararchitekt Daniel Libeskind in der Kategorie \u201eInnovative Objekte\u201c aus. Gemeinsam mit seinem Isolierglas-Partner Glas Natter (Regensburg) wurde EControl-Glas (Plauen) f\u00fcr die Ausf\u00fchrung dieses Leuchtturmprojektes pr\u00e4miert. 790 Quadratmeter [&hellip;]<\/p>\n","protected":false},"author":6,"featured_media":7748,"comment_status":"closed","ping_status":"open","sticky":false,"template":"","format":"standard","meta":{"footnotes":""},"categories":[25,3],"tags":[],"class_list":["post-5243","post","type-post","status-publish","format-standard","has-post-thumbnail","hentry","category-econtrol","category-kundenmeldungen"],"_links":{"self":[{"href":"https:\/\/www.pr-neu.de\/newsroom\/wp-json\/wp\/v2\/posts\/5243","targetHints":{"allow":["GET"]}}],"collection":[{"href":"https:\/\/www.pr-neu.de\/newsroom\/wp-json\/wp\/v2\/posts"}],"about":[{"href":"https:\/\/www.pr-neu.de\/newsroom\/wp-json\/wp\/v2\/types\/post"}],"author":[{"embeddable":true,"href":"https:\/\/www.pr-neu.de\/newsroom\/wp-json\/wp\/v2\/users\/6"}],"replies":[{"embeddable":true,"href":"https:\/\/www.pr-neu.de\/newsroom\/wp-json\/wp\/v2\/comments?post=5243"}],"version-history":[{"count":4,"href":"https:\/\/www.pr-neu.de\/newsroom\/wp-json\/wp\/v2\/posts\/5243\/revisions"}],"predecessor-version":[{"id":12314,"href":"https:\/\/www.pr-neu.de\/newsroom\/wp-json\/wp\/v2\/posts\/5243\/revisions\/12314"}],"wp:featuredmedia":[{"embeddable":true,"href":"https:\/\/www.pr-neu.de\/newsroom\/wp-json\/wp\/v2\/media\/7748"}],"wp:attachment":[{"href":"https:\/\/www.pr-neu.de\/newsroom\/wp-json\/wp\/v2\/media?parent=5243"}],"wp:term":[{"taxonomy":"category","embeddable":true,"href":"https:\/\/www.pr-neu.de\/newsroom\/wp-json\/wp\/v2\/categories?post=5243"},{"taxonomy":"post_tag","embeddable":true,"href":"https:\/\/www.pr-neu.de\/newsroom\/wp-json\/wp\/v2\/tags?post=5243"}],"curies":[{"name":"wp","href":"https:\/\/api.w.org\/{rel}","templated":true}]}}