{"id":5205,"date":"2017-06-02T09:28:28","date_gmt":"2017-06-02T09:28:28","guid":{"rendered":"http:\/\/www.pr-nord.de\/newsroom\/?p=5205"},"modified":"2020-05-26T16:34:36","modified_gmt":"2020-05-26T14:34:36","slug":"natuerlich-nachhaltig","status":"publish","type":"post","link":"https:\/\/www.pr-neu.de\/newsroom\/natuerlich-nachhaltig\/","title":{"rendered":"Nat\u00fcrlich nachhaltig"},"content":{"rendered":"<p><u> S\u00fcdwest SolSilikat Fassadenfarbe: mineralische Fassadenfarbe jetzt auch f\u00fcr organische Untergr\u00fcnde<\/u><\/p>\n<p><strong>Die Vorz\u00fcge einer mineralischen Fassadenfarbe kombiniert mit der universellen Anwendbarkeit einer Dispersionsfarbe \u2013 das bietet S\u00fcdwest (B\u00f6hl-Iggelheim) jetzt mit der \u201eSolSilikat Fassadenfarbe\u201c. Die innovative Kombination des bew\u00e4hrten Kaliumsilikats mit dem Bindemittel Kieselsol sorgt daf\u00fcr, dass sich die Farbe sowohl f\u00fcr mineralische als auch f\u00fcr organische Untergr\u00fcnde hervorragend eignet.<\/strong><\/p>\n<p>Moderne Silikatfarben eignen sich mit ihren vorteilhaften Eigenschaften sowohl f\u00fcr Neubauten als auch f\u00fcr Sanierungen. Insbesondere die Langlebigkeit und die hohe Witterungs- und Lichtbest\u00e4ndigkeit sind hervorzuheben. Der Grund f\u00fcr die au\u00dfergew\u00f6hnlich gute Haltbarkeit ist der chemische Prozess der Verkieselung: Die Farbe geht dabei eine untrennbare Verbindung mit dem Untergrund ein. Staun\u00e4sse zwischen Putz und Farbe wird somit zuverl\u00e4ssig verhindert \u2013 eine besonders nachhaltige L\u00f6sung.<\/p>\n<p>Nachhaltig sind Silikatfarben auch hinsichtlich ihrer Inhaltsstoffe. Im Wesentlichen bestehen sie aus Quarzsand und Kaliumcarbonat \u2013 nat\u00fcrliche Rohstoffe, die praktisch unbegrenzt verf\u00fcgbar sind. Die \u201eSolSilikat Fassadenfarbe\u201c enth\u00e4lt zus\u00e4tzlich das mineralische Bindemittel Kieselsol. Diese neuartige Kombination erm\u00f6glicht einen nahezu universellen Einsatz und schafft so zahlreiche neue Anwendungsfelder. Wie andere mineralische Farben ist die neue Fassadenfarbe nat\u00fcrlich alkalisch und sch\u00fctzt die Au\u00dfenwand dadurch vor Algen und Pilzen \u2013 ganz ohne Biozide.<\/p>\n<p>Auch mit ihrem Erscheinungsbild punktet die neue Fassadenfarbe. Im Vergleich zu herk\u00f6mmlichen Mineralfarben weist sie eine wesentlich geringere Wolkigkeit auf. Die \u201eSolSilikat Fassadenfarbe\u201c trocknet gleichm\u00e4\u00dfiger, hinterl\u00e4sst ein wesentlich homogeneres, harmonisches Gesamtbild und zeichnet sich gegen\u00fcber konventionellen Silikatfarben zus\u00e4tzlich durch ihre sehr gute Ausbesserungsf\u00e4higkeit aus. Sie ist in einem breiten Farbspektrum erh\u00e4ltlich und gew\u00e4hrleistet h\u00f6chste Farbtonstabilit\u00e4t \u2013 f\u00fcr langfristig sch\u00f6ne Fassaden.<\/p>\n<hr noshade=\"noshade\" size=\"1\" \/>\n<p><strong>SolSilikat: Technische Eigenschaften<\/strong><\/p>\n<p>\u2022 Mineralische Fassadenfarbe nach DIN 18363<br \/>\n\u2022 Optimale Haftung auf organischen und mineralischen Untergr\u00fcnden durch Verkieselung<br \/>\n\u2022 Hohe Wasserdampf- und CO2-Durchl\u00e4ssigkeit<br \/>\n\u2022 Matte Oberfl\u00e4che<br \/>\n\u2022 Nat\u00fcrlicher Schutz vor Algen und Pilzen<br \/>\n\u2022 Verminderte Wolkigkeit durch gleichm\u00e4\u00dfiges Auftrocknen<br \/>\n\u2022 Hervorragende Ausbesserungsf\u00e4higkeit<br \/>\n\u2022 H\u00f6chste Farbtonstabilit\u00e4t mit anorganischen Pigmenten<\/p>\n<hr noshade=\"noshade\" size=\"1\" \/>\n<table style=\"height: 548px;\" border=\"0\" width=\"682\">\n<tbody>\n<tr>\n<td width=\"370\"><a href=\"http:\/\/www.pr-neu.de\/newsroom\/wordpress\/wp-content\/uploads\/2017\/06\/17-08-SolSilikat_01_G.jpg\"><img loading=\"lazy\" decoding=\"async\" class=\"size-medium wp-image-12331\" src=\"http:\/\/www.pr-neu.de\/newsroom\/wordpress\/wp-content\/uploads\/2017\/06\/17-08-SolSilikat_01_G-300x147.jpg\" alt=\"\" width=\"300\" height=\"147\" srcset=\"https:\/\/www.pr-neu.de\/newsroom\/wordpress\/wp-content\/uploads\/2017\/06\/17-08-SolSilikat_01_G-300x147.jpg 300w, https:\/\/www.pr-neu.de\/newsroom\/wordpress\/wp-content\/uploads\/2017\/06\/17-08-SolSilikat_01_G-1024x501.jpg 1024w, https:\/\/www.pr-neu.de\/newsroom\/wordpress\/wp-content\/uploads\/2017\/06\/17-08-SolSilikat_01_G-768x376.jpg 768w, https:\/\/www.pr-neu.de\/newsroom\/wordpress\/wp-content\/uploads\/2017\/06\/17-08-SolSilikat_01_G-1536x752.jpg 1536w, https:\/\/www.pr-neu.de\/newsroom\/wordpress\/wp-content\/uploads\/2017\/06\/17-08-SolSilikat_01_G-110x54.jpg 110w, https:\/\/www.pr-neu.de\/newsroom\/wordpress\/wp-content\/uploads\/2017\/06\/17-08-SolSilikat_01_G-420x206.jpg 420w, https:\/\/www.pr-neu.de\/newsroom\/wordpress\/wp-content\/uploads\/2017\/06\/17-08-SolSilikat_01_G-770x377.jpg 770w, https:\/\/www.pr-neu.de\/newsroom\/wordpress\/wp-content\/uploads\/2017\/06\/17-08-SolSilikat_01_G.jpg 1795w\" sizes=\"auto, (max-width: 300px) 100vw, 300px\" \/><\/a><\/td>\n<td valign=\"top\">Die SolSilikat Fassadenfarbe von S\u00fcdwest vereint die Vorteile von mineralischen Farben mit den positiven Eigenschaften von Dispersionsfarben.<\/p>\n<p>Bild: S\u00fcdwest<\/td>\n<\/tr>\n<tr>\n<td width=\"370\"><a href=\"http:\/\/www.pr-neu.de\/newsroom\/wordpress\/wp-content\/uploads\/2017\/06\/17-08-SolSilikat_02_G.jpg\"><img loading=\"lazy\" decoding=\"async\" class=\"size-medium wp-image-12332\" src=\"http:\/\/www.pr-neu.de\/newsroom\/wordpress\/wp-content\/uploads\/2017\/06\/17-08-SolSilikat_02_G-300x236.jpg\" alt=\"\" width=\"300\" height=\"236\" srcset=\"https:\/\/www.pr-neu.de\/newsroom\/wordpress\/wp-content\/uploads\/2017\/06\/17-08-SolSilikat_02_G-300x236.jpg 300w, https:\/\/www.pr-neu.de\/newsroom\/wordpress\/wp-content\/uploads\/2017\/06\/17-08-SolSilikat_02_G-1024x806.jpg 1024w, https:\/\/www.pr-neu.de\/newsroom\/wordpress\/wp-content\/uploads\/2017\/06\/17-08-SolSilikat_02_G-768x604.jpg 768w, https:\/\/www.pr-neu.de\/newsroom\/wordpress\/wp-content\/uploads\/2017\/06\/17-08-SolSilikat_02_G-1536x1208.jpg 1536w, https:\/\/www.pr-neu.de\/newsroom\/wordpress\/wp-content\/uploads\/2017\/06\/17-08-SolSilikat_02_G-110x87.jpg 110w, https:\/\/www.pr-neu.de\/newsroom\/wordpress\/wp-content\/uploads\/2017\/06\/17-08-SolSilikat_02_G-420x330.jpg 420w, https:\/\/www.pr-neu.de\/newsroom\/wordpress\/wp-content\/uploads\/2017\/06\/17-08-SolSilikat_02_G-547x430.jpg 547w, https:\/\/www.pr-neu.de\/newsroom\/wordpress\/wp-content\/uploads\/2017\/06\/17-08-SolSilikat_02_G.jpg 1795w\" sizes=\"auto, (max-width: 300px) 100vw, 300px\" \/><\/a><\/td>\n<td valign=\"top\">Die SolSilikat Fassadenfarbe von S\u00fcdwest vereint die Vorteile von mineralischen Farben mit den positiven Eigenschaften von Dispersionsfarben.<\/p>\n<p>Bild: S\u00fcdwest<\/td>\n<\/tr>\n<\/tbody>\n<\/table>\n<hr align=\"left\" size=\"1\" \/>\n<p><strong>S\u00fcdwest<\/strong> entwickelt und produziert seit mehr als 90 Jahren Lacke und Farben f\u00fcr die unterschiedlichsten Anwendungen. Erg\u00e4nzt werden die Kernsortimente noch um ein malerfreundliches W\u00e4rmed\u00e4mmverbundsystem und Putze. Sie stehen f\u00fcr Top Qualit\u00e4t, hohe Funktionalit\u00e4t, zeitgem\u00e4\u00dfe Wirtschaftlichkeit und zukunftsweisende Umweltvertr\u00e4glichkeit. Im Mittelpunkt stehen dabei die speziellen Bed\u00fcrfnissen und Anforderungen des professionellen Verarbeiters: Die N\u00e4he zum Handwerk charakterisiert das Selbstverst\u00e4ndnis des Mittelst\u00e4ndlers. Dazu z\u00e4hlt Kundenn\u00e4he mit einer \u201eGeht-nicht-gibt\u2019s-nicht-Mentalit\u00e4t\u201c. S\u00dcDWEST Produkte sind die Summe aus jahrzehntelanger Erfahrung, fundiertem Know-How und hoher an den Marktbed\u00fcrfnissen orientierter Innovationskraft. Gemeinsam mit den Partnern im Handel sorgt S\u00fcdwest f\u00fcr einen stets funktionierenden 24-Stunden-Lieferservice und bietet zus\u00e4tzliche Services \u2013 beispielsweise Technische Beratung, Design-Studio und Abt\u00f6nservice.<\/p>\n<hr noshade=\"noshade\" size=\"1\" \/>\n<p>Abdruck honorarfrei, Belegexemplar erbeten<\/p>\n","protected":false},"excerpt":{"rendered":"<p>S\u00fcdwest SolSilikat Fassadenfarbe: mineralische Fassadenfarbe jetzt auch f\u00fcr organische Untergr\u00fcnde Die Vorz\u00fcge einer mineralischen Fassadenfarbe kombiniert mit der universellen Anwendbarkeit einer Dispersionsfarbe \u2013 das bietet S\u00fcdwest (B\u00f6hl-Iggelheim) jetzt mit der \u201eSolSilikat Fassadenfarbe\u201c. Die innovative Kombination des bew\u00e4hrten Kaliumsilikats mit dem Bindemittel Kieselsol sorgt daf\u00fcr, dass sich die Farbe sowohl f\u00fcr mineralische als auch f\u00fcr organische [&hellip;]<\/p>\n","protected":false},"author":6,"featured_media":7576,"comment_status":"closed","ping_status":"open","sticky":false,"template":"","format":"standard","meta":{"footnotes":""},"categories":[3,17],"tags":[],"class_list":["post-5205","post","type-post","status-publish","format-standard","has-post-thumbnail","hentry","category-kundenmeldungen","category-sudwest"],"_links":{"self":[{"href":"https:\/\/www.pr-neu.de\/newsroom\/wp-json\/wp\/v2\/posts\/5205","targetHints":{"allow":["GET"]}}],"collection":[{"href":"https:\/\/www.pr-neu.de\/newsroom\/wp-json\/wp\/v2\/posts"}],"about":[{"href":"https:\/\/www.pr-neu.de\/newsroom\/wp-json\/wp\/v2\/types\/post"}],"author":[{"embeddable":true,"href":"https:\/\/www.pr-neu.de\/newsroom\/wp-json\/wp\/v2\/users\/6"}],"replies":[{"embeddable":true,"href":"https:\/\/www.pr-neu.de\/newsroom\/wp-json\/wp\/v2\/comments?post=5205"}],"version-history":[{"count":6,"href":"https:\/\/www.pr-neu.de\/newsroom\/wp-json\/wp\/v2\/posts\/5205\/revisions"}],"predecessor-version":[{"id":12334,"href":"https:\/\/www.pr-neu.de\/newsroom\/wp-json\/wp\/v2\/posts\/5205\/revisions\/12334"}],"wp:featuredmedia":[{"embeddable":true,"href":"https:\/\/www.pr-neu.de\/newsroom\/wp-json\/wp\/v2\/media\/7576"}],"wp:attachment":[{"href":"https:\/\/www.pr-neu.de\/newsroom\/wp-json\/wp\/v2\/media?parent=5205"}],"wp:term":[{"taxonomy":"category","embeddable":true,"href":"https:\/\/www.pr-neu.de\/newsroom\/wp-json\/wp\/v2\/categories?post=5205"},{"taxonomy":"post_tag","embeddable":true,"href":"https:\/\/www.pr-neu.de\/newsroom\/wp-json\/wp\/v2\/tags?post=5205"}],"curies":[{"name":"wp","href":"https:\/\/api.w.org\/{rel}","templated":true}]}}