{"id":5202,"date":"2017-06-02T08:48:17","date_gmt":"2017-06-02T08:48:17","guid":{"rendered":"http:\/\/www.pr-nord.de\/newsroom\/?p=5202"},"modified":"2020-05-26T16:36:50","modified_gmt":"2020-05-26T14:36:50","slug":"auf-dem-innovationsgipfel-zu-besseren-produkten","status":"publish","type":"post","link":"https:\/\/www.pr-neu.de\/newsroom\/auf-dem-innovationsgipfel-zu-besseren-produkten\/","title":{"rendered":"Auf dem \u201eInnovationsgipfel\u201c zu besseren Produkten"},"content":{"rendered":"<div><span style=\"text-decoration: underline;\">Teckentrup nutzt Co-Creation f\u00fcr die Entwicklung<\/span><\/div>\n<p><strong>Mit einem zweit\u00e4gigen Innovationsgipfel im Mai l\u00f6ste Teckentrup das Versprechen ein, Unternehmenspartner in die Produktentwicklung einzubinden und dadurch die Anforderungen und W\u00fcnsche von Verarbeitern und H\u00e4nd-lern noch st\u00e4rker zu ber\u00fccksichtigen. Mit Erfolg: Konkret ging es um die neue 62er T\u00fcr und ihre Features, die Wei-terentwicklung des Garagentores mit Zusatzausstattung \u2013 beispielsweise spezielle LED-Leuchten, die den Raum optimal ausleuchten \u2013 sowie um das online-Konfigura-tionstool \u201eTEO\u201c (Teckentrup Einfach Online). <\/strong><\/p>\n<p>Teckentrup hatte im Mai 2017 zum Innovationsgipfel nach Telfs in Tirol geladen und rund 40 Fachh\u00e4ndler und Metallbauer nahmen daran teil. In Vortr\u00e4gen und Workshops stellte das Unternehmen die Idee der Customer Co-Creation (also der Produktentwicklung gemeinsam mit den Partnern) ausf\u00fchrlich vor \u2013 und setzte sie auch sogleich konsequent um. Ronny Gnichwitz, Produktmanager Professional, ist von der Strategie \u00fcberzeugt: \u201eAnstatt lange an eigenen Ideen zu arbeiten, bis sie serienreif sind \u2013 die dann aber vielleicht vom Markt gar nicht akzeptiert werden \u2013, holen wir uns jetzt schon sehr fr\u00fch die Meinung der Verwender ein. Dadurch erfahren wir, welche Ans\u00e4tze weiter zu verfolgen sich lohnt und welche wieder aufgegeben werden k\u00f6nnen. Im Dialog mit den Nutzern entstehen so ma\u00dfgeschneiderte L\u00f6sungen f\u00fcr unsere Partner in verk\u00fcrzten Entwicklungszyklen.\u201c<\/p>\n<p><strong>T\u00fcren, Tore, IT-L\u00f6sungen<\/strong><\/p>\n<p>Konkret ging es um drei Projekte: Die weitere Verbesserung der neue Appartement-T\u00fcr, Marktchancen der LED-Leuchten f\u00fcr die Garage und das online-Konfigurationstool \u201eTEO \u2013 Teckentrup Einfach Online\u201c.<\/p>\n<p>F\u00fcr die T\u00fcr gab die Arbeitsgruppe klare Vorgaben, worauf es in den kommenden Schritten ankommt: Fl\u00e4chenb\u00fcndigkeit und verdeckt liegende B\u00e4nder wurden als wichtige Innovationsschritte f\u00fcr Stahlt\u00fcren bewertet, eine Griffmulde in der Falz hingegen fand keine Zustimmung. \u201eDieses Ergebnis deckt sich mit dem Feed-back, das wir von Architekten und Planern erhalten haben\u201c, erg\u00e4nzt Gnichwitz. Somit ist der Entwicklungspfad nun klar definiert.<\/p>\n<p>In der Innovationsrunde zu den Garagentor-Ausstattungs-Elementen ging es schon um die Vermarktung. Vertriebschef Alexander G\u00f6tz: \u201eIn den Gespr\u00e4chsrunden gab es ein klares Signal, das innovative Lichtkonzept schnell auf den Markt zu bringen. Unser Ziel ist es nun, schon im dritten Quartal liefern zu k\u00f6nnen.\u201c<\/p>\n<p>Den intensivsten Austausch gab es zum Konfigurator TEO. Kai Teckentrup, der die Digitalisierung seines Unternehmens ma\u00dfgeblich voran treibt, berichtet: \u201eWir haben ganz bewusst sehr fr\u00fch den Dialog gesucht. Deshalb hat es uns nicht \u00fcberrascht, dass es viele Diskussionspunkte gab. Genau dieses Feed-back hilft uns nun, den Konfigurator bedarfsgerecht zu entwickeln.\u201c<\/p>\n<p><strong>Vernetzung gegl\u00fcckt<\/strong><\/p>\n<p>Kai Teckentrup res\u00fcmiert: \u201eDer Innovationsgipfel zeigte deutlich, dass wir es ernst meinen mit der kundenzentrierten Strategie.\u201c Karin Simon, Leiterin des Strategischen Managements, sieht einen weiteren positiven Effekt: \u201eH\u00e4ndler, Verarbeiter und unsere Mannschaft verstanden sich als Team und nicht als Wettbewerber. Aus dieser partnerschaftlichen Vernetzung untereinander entstehen Synergien, von denen alle profitieren\u201c.<\/p>\n<hr noshade=\"noshade\" size=\"1\" \/>\n<table style=\"height: 1082px;\" border=\"0\" width=\"707\" cellspacing=\"0\" cellpadding=\"0\">\n<tbody>\n<tr>\n<td valign=\"top\" width=\"380\"><a href=\"http:\/\/www.pr-neu.de\/newsroom\/wordpress\/wp-content\/uploads\/2017\/06\/17-16-Telfs_1_G-1.jpg\"><img loading=\"lazy\" decoding=\"async\" class=\"size-medium wp-image-12336\" src=\"http:\/\/www.pr-neu.de\/newsroom\/wordpress\/wp-content\/uploads\/2017\/06\/17-16-Telfs_1_G-1-300x200.jpg\" alt=\"\" width=\"300\" height=\"200\" srcset=\"https:\/\/www.pr-neu.de\/newsroom\/wordpress\/wp-content\/uploads\/2017\/06\/17-16-Telfs_1_G-1-300x200.jpg 300w, https:\/\/www.pr-neu.de\/newsroom\/wordpress\/wp-content\/uploads\/2017\/06\/17-16-Telfs_1_G-1-1024x683.jpg 1024w, https:\/\/www.pr-neu.de\/newsroom\/wordpress\/wp-content\/uploads\/2017\/06\/17-16-Telfs_1_G-1-768x512.jpg 768w, https:\/\/www.pr-neu.de\/newsroom\/wordpress\/wp-content\/uploads\/2017\/06\/17-16-Telfs_1_G-1-1536x1024.jpg 1536w, https:\/\/www.pr-neu.de\/newsroom\/wordpress\/wp-content\/uploads\/2017\/06\/17-16-Telfs_1_G-1-110x73.jpg 110w, https:\/\/www.pr-neu.de\/newsroom\/wordpress\/wp-content\/uploads\/2017\/06\/17-16-Telfs_1_G-1-420x280.jpg 420w, https:\/\/www.pr-neu.de\/newsroom\/wordpress\/wp-content\/uploads\/2017\/06\/17-16-Telfs_1_G-1-645x430.jpg 645w, https:\/\/www.pr-neu.de\/newsroom\/wordpress\/wp-content\/uploads\/2017\/06\/17-16-Telfs_1_G-1.jpg 1795w\" sizes=\"auto, (max-width: 300px) 100vw, 300px\" \/><\/a><\/td>\n<td>\n<p align=\"left\">Begr\u00fc\u00dften die Metall-Profis zum Innovationsgipfel: Unternehmenschef Kai Teckentrup, Karin Simon, Leiterin strategisches Management und Ver-triebsleiter Alexander G\u00f6tz.<\/p>\n<p>Foto: Teckentrup \/ Tobias Eble<\/td>\n<\/tr>\n<tr>\n<td valign=\"top\" width=\"380\"><a href=\"http:\/\/www.pr-neu.de\/newsroom\/wordpress\/wp-content\/uploads\/2017\/06\/17-16-Telfs_2_G.jpg\"><img loading=\"lazy\" decoding=\"async\" class=\"size-medium wp-image-12337\" src=\"http:\/\/www.pr-neu.de\/newsroom\/wordpress\/wp-content\/uploads\/2017\/06\/17-16-Telfs_2_G-300x200.jpg\" alt=\"\" width=\"300\" height=\"200\" srcset=\"https:\/\/www.pr-neu.de\/newsroom\/wordpress\/wp-content\/uploads\/2017\/06\/17-16-Telfs_2_G-300x200.jpg 300w, https:\/\/www.pr-neu.de\/newsroom\/wordpress\/wp-content\/uploads\/2017\/06\/17-16-Telfs_2_G-1024x683.jpg 1024w, https:\/\/www.pr-neu.de\/newsroom\/wordpress\/wp-content\/uploads\/2017\/06\/17-16-Telfs_2_G-768x512.jpg 768w, https:\/\/www.pr-neu.de\/newsroom\/wordpress\/wp-content\/uploads\/2017\/06\/17-16-Telfs_2_G-1536x1024.jpg 1536w, https:\/\/www.pr-neu.de\/newsroom\/wordpress\/wp-content\/uploads\/2017\/06\/17-16-Telfs_2_G-110x73.jpg 110w, https:\/\/www.pr-neu.de\/newsroom\/wordpress\/wp-content\/uploads\/2017\/06\/17-16-Telfs_2_G-420x280.jpg 420w, https:\/\/www.pr-neu.de\/newsroom\/wordpress\/wp-content\/uploads\/2017\/06\/17-16-Telfs_2_G-645x430.jpg 645w, https:\/\/www.pr-neu.de\/newsroom\/wordpress\/wp-content\/uploads\/2017\/06\/17-16-Telfs_2_G.jpg 1795w\" sizes=\"auto, (max-width: 300px) 100vw, 300px\" \/><\/a><\/td>\n<td>\n<p align=\"left\">Co-Creation-Runde: Die Teilnehmer gingen auf die Details des neu entwickelten T\u00fcren-modells \u201eTeckentrup 62\u201c ein.<\/p>\n<p align=\"left\">Foto: Teckentrup \/ Tobias Eble<\/p>\n<\/td>\n<\/tr>\n<tr>\n<td valign=\"top\" width=\"380\"><a href=\"http:\/\/www.pr-neu.de\/newsroom\/wordpress\/wp-content\/uploads\/2017\/06\/17-16-Telfs_3_G.jpg\"><img loading=\"lazy\" decoding=\"async\" class=\"size-medium wp-image-12338\" src=\"http:\/\/www.pr-neu.de\/newsroom\/wordpress\/wp-content\/uploads\/2017\/06\/17-16-Telfs_3_G-300x200.jpg\" alt=\"\" width=\"300\" height=\"200\" srcset=\"https:\/\/www.pr-neu.de\/newsroom\/wordpress\/wp-content\/uploads\/2017\/06\/17-16-Telfs_3_G-300x200.jpg 300w, https:\/\/www.pr-neu.de\/newsroom\/wordpress\/wp-content\/uploads\/2017\/06\/17-16-Telfs_3_G-1024x683.jpg 1024w, https:\/\/www.pr-neu.de\/newsroom\/wordpress\/wp-content\/uploads\/2017\/06\/17-16-Telfs_3_G-768x512.jpg 768w, https:\/\/www.pr-neu.de\/newsroom\/wordpress\/wp-content\/uploads\/2017\/06\/17-16-Telfs_3_G-1536x1024.jpg 1536w, https:\/\/www.pr-neu.de\/newsroom\/wordpress\/wp-content\/uploads\/2017\/06\/17-16-Telfs_3_G-110x73.jpg 110w, https:\/\/www.pr-neu.de\/newsroom\/wordpress\/wp-content\/uploads\/2017\/06\/17-16-Telfs_3_G-420x280.jpg 420w, https:\/\/www.pr-neu.de\/newsroom\/wordpress\/wp-content\/uploads\/2017\/06\/17-16-Telfs_3_G-645x430.jpg 645w, https:\/\/www.pr-neu.de\/newsroom\/wordpress\/wp-content\/uploads\/2017\/06\/17-16-Telfs_3_G.jpg 1795w\" sizes=\"auto, (max-width: 300px) 100vw, 300px\" \/><\/a><\/td>\n<td>Rund 40 Fachh\u00e4ndler und Metallbauer arbeiteten zwei Tage lang intensiv mit dem Teckentrup-Co-Creation-Team.<\/p>\n<p>Foto: Teckentrup \/ Tobias Eble<\/td>\n<\/tr>\n<tr>\n<td valign=\"top\" width=\"380\"><a href=\"http:\/\/www.pr-neu.de\/newsroom\/wordpress\/wp-content\/uploads\/2017\/06\/17-16-Telfs_4_G.jpg\"><img loading=\"lazy\" decoding=\"async\" class=\"size-medium wp-image-12335\" src=\"http:\/\/www.pr-neu.de\/newsroom\/wordpress\/wp-content\/uploads\/2017\/06\/17-16-Telfs_4_G-300x200.jpg\" alt=\"\" width=\"300\" height=\"200\" srcset=\"https:\/\/www.pr-neu.de\/newsroom\/wordpress\/wp-content\/uploads\/2017\/06\/17-16-Telfs_4_G-300x200.jpg 300w, https:\/\/www.pr-neu.de\/newsroom\/wordpress\/wp-content\/uploads\/2017\/06\/17-16-Telfs_4_G-1024x683.jpg 1024w, https:\/\/www.pr-neu.de\/newsroom\/wordpress\/wp-content\/uploads\/2017\/06\/17-16-Telfs_4_G-768x512.jpg 768w, https:\/\/www.pr-neu.de\/newsroom\/wordpress\/wp-content\/uploads\/2017\/06\/17-16-Telfs_4_G-1536x1024.jpg 1536w, https:\/\/www.pr-neu.de\/newsroom\/wordpress\/wp-content\/uploads\/2017\/06\/17-16-Telfs_4_G-110x73.jpg 110w, https:\/\/www.pr-neu.de\/newsroom\/wordpress\/wp-content\/uploads\/2017\/06\/17-16-Telfs_4_G-420x280.jpg 420w, https:\/\/www.pr-neu.de\/newsroom\/wordpress\/wp-content\/uploads\/2017\/06\/17-16-Telfs_4_G-645x430.jpg 645w, https:\/\/www.pr-neu.de\/newsroom\/wordpress\/wp-content\/uploads\/2017\/06\/17-16-Telfs_4_G.jpg 1795w\" sizes=\"auto, (max-width: 300px) 100vw, 300px\" \/><\/a><\/td>\n<td>Unternehmens-Chef Kai Teckentrup: \u201eGemeinsam ver\u00e4ndern wir den Markt!\u201c.<\/p>\n<p>Foto: Teckentrup \/ Tobias Eble<\/td>\n<\/tr>\n<\/tbody>\n<\/table>\n<hr noshade=\"noshade\" size=\"1\" \/>\n<p>Abdruck honorarfrei, Belegexemplar erbeten.<\/p>\n","protected":false},"excerpt":{"rendered":"<p>Teckentrup nutzt Co-Creation f\u00fcr die Entwicklung Mit einem zweit\u00e4gigen Innovationsgipfel im Mai l\u00f6ste Teckentrup das Versprechen ein, Unternehmenspartner in die Produktentwicklung einzubinden und dadurch die Anforderungen und W\u00fcnsche von Verarbeitern und H\u00e4nd-lern noch st\u00e4rker zu ber\u00fccksichtigen. Mit Erfolg: Konkret ging es um die neue 62er T\u00fcr und ihre Features, die Wei-terentwicklung des Garagentores mit Zusatzausstattung [&hellip;]<\/p>\n","protected":false},"author":6,"featured_media":7568,"comment_status":"closed","ping_status":"open","sticky":false,"template":"","format":"standard","meta":{"footnotes":""},"categories":[3,18],"tags":[],"class_list":["post-5202","post","type-post","status-publish","format-standard","has-post-thumbnail","hentry","category-kundenmeldungen","category-teckentrup"],"_links":{"self":[{"href":"https:\/\/www.pr-neu.de\/newsroom\/wp-json\/wp\/v2\/posts\/5202","targetHints":{"allow":["GET"]}}],"collection":[{"href":"https:\/\/www.pr-neu.de\/newsroom\/wp-json\/wp\/v2\/posts"}],"about":[{"href":"https:\/\/www.pr-neu.de\/newsroom\/wp-json\/wp\/v2\/types\/post"}],"author":[{"embeddable":true,"href":"https:\/\/www.pr-neu.de\/newsroom\/wp-json\/wp\/v2\/users\/6"}],"replies":[{"embeddable":true,"href":"https:\/\/www.pr-neu.de\/newsroom\/wp-json\/wp\/v2\/comments?post=5202"}],"version-history":[{"count":4,"href":"https:\/\/www.pr-neu.de\/newsroom\/wp-json\/wp\/v2\/posts\/5202\/revisions"}],"predecessor-version":[{"id":12340,"href":"https:\/\/www.pr-neu.de\/newsroom\/wp-json\/wp\/v2\/posts\/5202\/revisions\/12340"}],"wp:featuredmedia":[{"embeddable":true,"href":"https:\/\/www.pr-neu.de\/newsroom\/wp-json\/wp\/v2\/media\/7568"}],"wp:attachment":[{"href":"https:\/\/www.pr-neu.de\/newsroom\/wp-json\/wp\/v2\/media?parent=5202"}],"wp:term":[{"taxonomy":"category","embeddable":true,"href":"https:\/\/www.pr-neu.de\/newsroom\/wp-json\/wp\/v2\/categories?post=5202"},{"taxonomy":"post_tag","embeddable":true,"href":"https:\/\/www.pr-neu.de\/newsroom\/wp-json\/wp\/v2\/tags?post=5202"}],"curies":[{"name":"wp","href":"https:\/\/api.w.org\/{rel}","templated":true}]}}