{"id":5184,"date":"2017-05-23T13:21:46","date_gmt":"2017-05-23T13:21:46","guid":{"rendered":"http:\/\/www.pr-nord.de\/newsroom\/?p=5184"},"modified":"2020-05-26T16:42:25","modified_gmt":"2020-05-26T14:42:25","slug":"die-farbe-des-erfolgs","status":"publish","type":"post","link":"https:\/\/www.pr-neu.de\/newsroom\/die-farbe-des-erfolgs\/","title":{"rendered":"Die Farbe des Erfolgs"},"content":{"rendered":"<p><u> GreenTec Awards 2017: StoColor Dryonic auf Platz 2<\/u><\/p>\n<p>Bei den GreenTec Awards 2017 w\u00e4hlte die Jury die bionische Fassadenfarbe StoColor Dryonic auf Platz zwei in der Kategorie \u201eBauen und Wohnen\u201c. Ausschlaggebend war ihr von der Natur inspirierter Effekt: Aufgrund ihrer mikrostrukturierten Oberfl\u00e4che f\u00fchrt die Farbe Regen und Tauwasser sofort ab \u2013 und sorgt so ohne Biozide f\u00fcr trockene und saubere Fassaden. Den ersten Platz vergab die Jury f\u00fcr eine W\u00e4rmer\u00fcckgewinnung aus dem Duschwasser (Joulia), der dritte Platz ging an eine Produktlinie, die nachwachsende Rohstoffe einsetzt (Caparol). Die GreenTec Awards zeichnen seit 2008 jedes Jahr besonders innovative Projekte mit au\u00dfergew\u00f6hnlichem Engagement f\u00fcr Umwelt- und Ressourcenschutz aus. Mit der erneuten Auszeichnung setzt sich die Dryonic-Erfolgsstory fort: 2015 verlieh das Fraunhofer-Institut IPA der Fassadenfarbe den Titel \u201eOberfl\u00e4che des Jahres\u201c, 2016 geh\u00f6rte sie zu den Highlights bei der \u201eWoche der Umwelt\u201c, veranstaltet vom damaligen Bundespr\u00e4sidenten Joachim Gauck.<\/p>\n<p>&nbsp;<\/p>\n<hr noshade=\"noshade\" size=\"1\" \/>\n<p>&nbsp;<\/p>\n<table style=\"height: 146px;\" border=\"0\" width=\"726\" cellspacing=\"0\" cellpadding=\"0\">\n<tbody>\n<tr>\n<td valign=\"top\" width=\"370\" height=\"25\"><a href=\"http:\/\/www.pr-neu.de\/newsroom\/wordpress\/wp-content\/uploads\/2017\/05\/17-32-greenTec_G-1.jpg\"><img loading=\"lazy\" decoding=\"async\" class=\"size-medium wp-image-12344\" src=\"http:\/\/www.pr-neu.de\/newsroom\/wordpress\/wp-content\/uploads\/2017\/05\/17-32-greenTec_G-1-300x200.jpg\" alt=\"\" width=\"300\" height=\"200\" srcset=\"https:\/\/www.pr-neu.de\/newsroom\/wordpress\/wp-content\/uploads\/2017\/05\/17-32-greenTec_G-1-300x200.jpg 300w, https:\/\/www.pr-neu.de\/newsroom\/wordpress\/wp-content\/uploads\/2017\/05\/17-32-greenTec_G-1-1024x682.jpg 1024w, https:\/\/www.pr-neu.de\/newsroom\/wordpress\/wp-content\/uploads\/2017\/05\/17-32-greenTec_G-1-768x511.jpg 768w, https:\/\/www.pr-neu.de\/newsroom\/wordpress\/wp-content\/uploads\/2017\/05\/17-32-greenTec_G-1-1536x1023.jpg 1536w, https:\/\/www.pr-neu.de\/newsroom\/wordpress\/wp-content\/uploads\/2017\/05\/17-32-greenTec_G-1-110x73.jpg 110w, https:\/\/www.pr-neu.de\/newsroom\/wordpress\/wp-content\/uploads\/2017\/05\/17-32-greenTec_G-1-420x280.jpg 420w, https:\/\/www.pr-neu.de\/newsroom\/wordpress\/wp-content\/uploads\/2017\/05\/17-32-greenTec_G-1-646x430.jpg 646w, https:\/\/www.pr-neu.de\/newsroom\/wordpress\/wp-content\/uploads\/2017\/05\/17-32-greenTec_G-1.jpg 1795w\" sizes=\"auto, (max-width: 300px) 100vw, 300px\" \/><\/a><\/td>\n<td colspan=\"3\" valign=\"top\" height=\"21\">Auf der GreenTec-Gala freuten sich gemeinsam mit dem Paten der Kategorie \u201eBauen und Wohnen\u201c, GdW-Pr\u00e4sident Axel Gedaschko (Mitte) \u00fcber den Erfolg f\u00fcr StoColor Dryonic (v.l.n.r.): Walter Weh, Reiner Schmid, Dr. Andreas Weier und Stefan Basler (Sto).<\/p>\n<p>Foto: GreenTec Awards<\/td>\n<\/tr>\n<\/tbody>\n<\/table>\n<p>&nbsp;<\/p>\n<hr noshade=\"noshade\" size=\"1\" \/>\n<p>&nbsp;<\/p>\n<p>Abdruck honorarfrei, Belegexemplar erbeten<\/p>\n","protected":false},"excerpt":{"rendered":"<p>GreenTec Awards 2017: StoColor Dryonic auf Platz 2 Bei den GreenTec Awards 2017 w\u00e4hlte die Jury die bionische Fassadenfarbe StoColor Dryonic auf Platz zwei in der Kategorie \u201eBauen und Wohnen\u201c. Ausschlaggebend war ihr von der Natur inspirierter Effekt: Aufgrund ihrer mikrostrukturierten Oberfl\u00e4che f\u00fchrt die Farbe Regen und Tauwasser sofort ab \u2013 und sorgt so ohne [&hellip;]<\/p>\n","protected":false},"author":6,"featured_media":7581,"comment_status":"closed","ping_status":"open","sticky":false,"template":"","format":"standard","meta":{"footnotes":""},"categories":[3,15],"tags":[],"class_list":["post-5184","post","type-post","status-publish","format-standard","has-post-thumbnail","hentry","category-kundenmeldungen","category-sto"],"_links":{"self":[{"href":"https:\/\/www.pr-neu.de\/newsroom\/wp-json\/wp\/v2\/posts\/5184","targetHints":{"allow":["GET"]}}],"collection":[{"href":"https:\/\/www.pr-neu.de\/newsroom\/wp-json\/wp\/v2\/posts"}],"about":[{"href":"https:\/\/www.pr-neu.de\/newsroom\/wp-json\/wp\/v2\/types\/post"}],"author":[{"embeddable":true,"href":"https:\/\/www.pr-neu.de\/newsroom\/wp-json\/wp\/v2\/users\/6"}],"replies":[{"embeddable":true,"href":"https:\/\/www.pr-neu.de\/newsroom\/wp-json\/wp\/v2\/comments?post=5184"}],"version-history":[{"count":4,"href":"https:\/\/www.pr-neu.de\/newsroom\/wp-json\/wp\/v2\/posts\/5184\/revisions"}],"predecessor-version":[{"id":12345,"href":"https:\/\/www.pr-neu.de\/newsroom\/wp-json\/wp\/v2\/posts\/5184\/revisions\/12345"}],"wp:featuredmedia":[{"embeddable":true,"href":"https:\/\/www.pr-neu.de\/newsroom\/wp-json\/wp\/v2\/media\/7581"}],"wp:attachment":[{"href":"https:\/\/www.pr-neu.de\/newsroom\/wp-json\/wp\/v2\/media?parent=5184"}],"wp:term":[{"taxonomy":"category","embeddable":true,"href":"https:\/\/www.pr-neu.de\/newsroom\/wp-json\/wp\/v2\/categories?post=5184"},{"taxonomy":"post_tag","embeddable":true,"href":"https:\/\/www.pr-neu.de\/newsroom\/wp-json\/wp\/v2\/tags?post=5184"}],"curies":[{"name":"wp","href":"https:\/\/api.w.org\/{rel}","templated":true}]}}