{"id":5171,"date":"2017-05-19T08:30:45","date_gmt":"2017-05-19T08:30:45","guid":{"rendered":"http:\/\/www.pr-nord.de\/newsroom\/?p=5171"},"modified":"2020-05-26T16:45:46","modified_gmt":"2020-05-26T14:45:46","slug":"putzbuendig-und-dicht","status":"publish","type":"post","link":"https:\/\/www.pr-neu.de\/newsroom\/putzbuendig-und-dicht\/","title":{"rendered":"Putzb\u00fcndig und dicht"},"content":{"rendered":"<p><span style=\"text-decoration: underline;\"> Sto-Fugenflankenprofil erleichtert die Verarbeitung von fassadenb\u00fcndigen Bauteilen<\/span><\/p>\n<p><strong>Fenster, T\u00fcren oder Laibungsauskleidungen werden heute oftmals b\u00fcndig mit der Fassadenoberfl\u00e4che oder sogar auskragend geplant. In der Praxis ist dabei viel Sorgfalt gefragt, damit solche kniffligen Detailanschl\u00fcsse schlagregendicht ausgef\u00fchrt werden. Nur so kann das gesamte W\u00e4rmed\u00e4mm-Verbundsystem dauerhaft funktionieren. Um Einbaufehler zu vermeiden und h\u00f6chste Sicherheit im Detail zu erzielen, hat Sto ein spezielles Fugenflankenprofil entwickelt.<\/strong><\/p>\n<p>Wenn Fenster putzb\u00fcndig in Fassaden mit W\u00e4rmed\u00e4mm-Verbundsystem eingebaut oder Laibungen mit auskragenden Blechen ausgekleidet werden sollen, ist bei der Verarbeitung h\u00f6chste Sorgfalt geboten. Denn erstens entf\u00e4llt der konstruktive Bauteilschutz, der sich bei zur\u00fcckgesetzten Fenstern automatisch ergibt, zum anderen baut man bewusst eine Schwachstelle im Anschlussdetail ein: Bei direkt aufeinandersto\u00dfenden Materialien mit unterschiedlichen W\u00e4rmeausdehnungskoeffizienten entstehen unweigerlich Materialtrennungen, bei denen Putzabrisse entstehen k\u00f6nnen. Dadurch k\u00f6nnte Wasser in Form von Schlagregen, stehendes oder kondensierendes Wasser ungehindert in das D\u00e4mmsystem eindringen und Sch\u00e4den verursachen. Daher ist bei solchen Konstellationen eine Entkopplung zwischen D\u00e4mmsystem und Bauteil durch eine mindestens 15 Millimeter umlaufende breite Fuge erforderlich. Die wiederum muss schlagregendicht, witterungsbest\u00e4ndig und vor allem dauerhaft geschlossen sein. Daf\u00fcr empfiehlt Sto das neue Sto-Fugenflankenprofil in Kombination mit dem Sto-Dehnfugenband. Mit dem Fugenflankenprofil wird ein ebener, dichter Untergrund in der Fuge zur D\u00e4mmstoffseite f\u00fcr das Anbringen des Dehnfugenbandes hergestellt. F\u00fcr St\u00f6\u00dfe und Ecken gibt es spezielle Verbinder. Dank des integrierten Gewebestreifens l\u00e4sst sich das Fugenflankenprofil einfach in die Armierungsebene einspachteln.<\/p>\n<p>Mit dem komprimierten Dehnfugenband aus impr\u00e4gniertem Weichschaum wird die Schlagregendichtheit hergestellt. Auch bei 15 Millimeter breiten Fugen sorgt es f\u00fcr h\u00f6chste Schlagregendichtigkeit. Das Band ist UV- und alterungsbest\u00e4ndig und verf\u00fcgt \u00fcber einen Freibewitterungsnachweis von 20 Jahren. Das hei\u00dft, das Sto-Fugenflankenprofil in Kombination mit dem Sto-Dehnfugenband verhindert das Eindringen von Wasser in die D\u00e4mmebene und nimmt zugleich die thermisch bedingten Dimensions\u00e4nderungen auf.<\/p>\n<p>&nbsp;<\/p>\n<hr noshade=\"noshade\" size=\"1\" \/>\n<p>&nbsp;<\/p>\n<table style=\"height: 1728px;\" border=\"0\" width=\"596\" cellspacing=\"0\" cellpadding=\"0\">\n<tbody>\n<tr>\n<td valign=\"top\" width=\"370\" height=\"25\"><a href=\"http:\/\/www.pr-neu.de\/newsroom\/wordpress\/wp-content\/uploads\/2017\/05\/17-29-Fugenflankenprofil_01_G.jpg\"><img loading=\"lazy\" decoding=\"async\" class=\"size-medium wp-image-12347\" src=\"http:\/\/www.pr-neu.de\/newsroom\/wordpress\/wp-content\/uploads\/2017\/05\/17-29-Fugenflankenprofil_01_G-300x223.jpg\" alt=\"\" width=\"300\" height=\"223\" srcset=\"https:\/\/www.pr-neu.de\/newsroom\/wordpress\/wp-content\/uploads\/2017\/05\/17-29-Fugenflankenprofil_01_G-300x223.jpg 300w, https:\/\/www.pr-neu.de\/newsroom\/wordpress\/wp-content\/uploads\/2017\/05\/17-29-Fugenflankenprofil_01_G-1024x763.jpg 1024w, https:\/\/www.pr-neu.de\/newsroom\/wordpress\/wp-content\/uploads\/2017\/05\/17-29-Fugenflankenprofil_01_G-768x572.jpg 768w, https:\/\/www.pr-neu.de\/newsroom\/wordpress\/wp-content\/uploads\/2017\/05\/17-29-Fugenflankenprofil_01_G-1536x1144.jpg 1536w, https:\/\/www.pr-neu.de\/newsroom\/wordpress\/wp-content\/uploads\/2017\/05\/17-29-Fugenflankenprofil_01_G-110x82.jpg 110w, https:\/\/www.pr-neu.de\/newsroom\/wordpress\/wp-content\/uploads\/2017\/05\/17-29-Fugenflankenprofil_01_G-420x313.jpg 420w, https:\/\/www.pr-neu.de\/newsroom\/wordpress\/wp-content\/uploads\/2017\/05\/17-29-Fugenflankenprofil_01_G-577x430.jpg 577w, https:\/\/www.pr-neu.de\/newsroom\/wordpress\/wp-content\/uploads\/2017\/05\/17-29-Fugenflankenprofil_01_G.jpg 1795w\" sizes=\"auto, (max-width: 300px) 100vw, 300px\" \/><\/a><\/td>\n<td colspan=\"3\" valign=\"top\" height=\"21\">Fugenflankenprofil-Eckverbinder mit Sto-Collfix in den Innenecken anbringen.<\/p>\n<p>Foto: Sto SE &amp; Co. KGaA<\/td>\n<\/tr>\n<tr>\n<td valign=\"top\" width=\"370\" height=\"25\"><a href=\"http:\/\/www.pr-neu.de\/newsroom\/wordpress\/wp-content\/uploads\/2017\/05\/17-29-Fugenflankenprofil_02_G.jpg\"><img loading=\"lazy\" decoding=\"async\" class=\"size-medium wp-image-12348\" src=\"http:\/\/www.pr-neu.de\/newsroom\/wordpress\/wp-content\/uploads\/2017\/05\/17-29-Fugenflankenprofil_02_G-300x212.jpg\" alt=\"\" width=\"300\" height=\"212\" srcset=\"https:\/\/www.pr-neu.de\/newsroom\/wordpress\/wp-content\/uploads\/2017\/05\/17-29-Fugenflankenprofil_02_G-300x212.jpg 300w, https:\/\/www.pr-neu.de\/newsroom\/wordpress\/wp-content\/uploads\/2017\/05\/17-29-Fugenflankenprofil_02_G-1024x722.jpg 1024w, https:\/\/www.pr-neu.de\/newsroom\/wordpress\/wp-content\/uploads\/2017\/05\/17-29-Fugenflankenprofil_02_G-768x542.jpg 768w, https:\/\/www.pr-neu.de\/newsroom\/wordpress\/wp-content\/uploads\/2017\/05\/17-29-Fugenflankenprofil_02_G-1536x1083.jpg 1536w, https:\/\/www.pr-neu.de\/newsroom\/wordpress\/wp-content\/uploads\/2017\/05\/17-29-Fugenflankenprofil_02_G-110x78.jpg 110w, https:\/\/www.pr-neu.de\/newsroom\/wordpress\/wp-content\/uploads\/2017\/05\/17-29-Fugenflankenprofil_02_G-420x296.jpg 420w, https:\/\/www.pr-neu.de\/newsroom\/wordpress\/wp-content\/uploads\/2017\/05\/17-29-Fugenflankenprofil_02_G-610x430.jpg 610w, https:\/\/www.pr-neu.de\/newsroom\/wordpress\/wp-content\/uploads\/2017\/05\/17-29-Fugenflankenprofil_02_G.jpg 1795w\" sizes=\"auto, (max-width: 300px) 100vw, 300px\" \/><\/a><\/td>\n<td colspan=\"3\" valign=\"top\" height=\"21\">Profist\u00f6\u00dfe mit Fugenflankenprofil-Verl\u00e4ngerungen schlagregendicht herstellen.<\/p>\n<p>Foto: Sto SE &amp; Co. KGaA<\/td>\n<\/tr>\n<tr>\n<td valign=\"top\" width=\"370\" height=\"25\"><a href=\"http:\/\/www.pr-neu.de\/newsroom\/wordpress\/wp-content\/uploads\/2017\/05\/17-29-Fugenflankenprofil_03_G.jpg\"><img loading=\"lazy\" decoding=\"async\" class=\"size-medium wp-image-12349\" src=\"http:\/\/www.pr-neu.de\/newsroom\/wordpress\/wp-content\/uploads\/2017\/05\/17-29-Fugenflankenprofil_03_G-300x200.jpg\" alt=\"\" width=\"300\" height=\"200\" srcset=\"https:\/\/www.pr-neu.de\/newsroom\/wordpress\/wp-content\/uploads\/2017\/05\/17-29-Fugenflankenprofil_03_G-300x200.jpg 300w, https:\/\/www.pr-neu.de\/newsroom\/wordpress\/wp-content\/uploads\/2017\/05\/17-29-Fugenflankenprofil_03_G-1024x683.jpg 1024w, https:\/\/www.pr-neu.de\/newsroom\/wordpress\/wp-content\/uploads\/2017\/05\/17-29-Fugenflankenprofil_03_G-768x512.jpg 768w, https:\/\/www.pr-neu.de\/newsroom\/wordpress\/wp-content\/uploads\/2017\/05\/17-29-Fugenflankenprofil_03_G-1536x1024.jpg 1536w, https:\/\/www.pr-neu.de\/newsroom\/wordpress\/wp-content\/uploads\/2017\/05\/17-29-Fugenflankenprofil_03_G-110x73.jpg 110w, https:\/\/www.pr-neu.de\/newsroom\/wordpress\/wp-content\/uploads\/2017\/05\/17-29-Fugenflankenprofil_03_G-420x280.jpg 420w, https:\/\/www.pr-neu.de\/newsroom\/wordpress\/wp-content\/uploads\/2017\/05\/17-29-Fugenflankenprofil_03_G-645x430.jpg 645w, https:\/\/www.pr-neu.de\/newsroom\/wordpress\/wp-content\/uploads\/2017\/05\/17-29-Fugenflankenprofil_03_G.jpg 1795w\" sizes=\"auto, (max-width: 300px) 100vw, 300px\" \/><\/a><\/td>\n<td colspan=\"3\" valign=\"top\" height=\"21\">StoCollfix auf Fugenflankenprofil anbringen.<\/p>\n<p>Foto: Sto SE &amp; Co. KGaA<\/td>\n<\/tr>\n<tr>\n<td valign=\"top\" width=\"370\" height=\"25\"><a href=\"http:\/\/www.pr-neu.de\/newsroom\/wordpress\/wp-content\/uploads\/2017\/05\/17-29-Fugenflankenprofil_04_G-1.jpg\"><img loading=\"lazy\" decoding=\"async\" class=\"size-medium wp-image-12350\" src=\"http:\/\/www.pr-neu.de\/newsroom\/wordpress\/wp-content\/uploads\/2017\/05\/17-29-Fugenflankenprofil_04_G-1-300x200.jpg\" alt=\"\" width=\"300\" height=\"200\" srcset=\"https:\/\/www.pr-neu.de\/newsroom\/wordpress\/wp-content\/uploads\/2017\/05\/17-29-Fugenflankenprofil_04_G-1-300x200.jpg 300w, https:\/\/www.pr-neu.de\/newsroom\/wordpress\/wp-content\/uploads\/2017\/05\/17-29-Fugenflankenprofil_04_G-1-1024x683.jpg 1024w, https:\/\/www.pr-neu.de\/newsroom\/wordpress\/wp-content\/uploads\/2017\/05\/17-29-Fugenflankenprofil_04_G-1-768x512.jpg 768w, https:\/\/www.pr-neu.de\/newsroom\/wordpress\/wp-content\/uploads\/2017\/05\/17-29-Fugenflankenprofil_04_G-1-1536x1024.jpg 1536w, https:\/\/www.pr-neu.de\/newsroom\/wordpress\/wp-content\/uploads\/2017\/05\/17-29-Fugenflankenprofil_04_G-1-110x73.jpg 110w, https:\/\/www.pr-neu.de\/newsroom\/wordpress\/wp-content\/uploads\/2017\/05\/17-29-Fugenflankenprofil_04_G-1-420x280.jpg 420w, https:\/\/www.pr-neu.de\/newsroom\/wordpress\/wp-content\/uploads\/2017\/05\/17-29-Fugenflankenprofil_04_G-1-645x430.jpg 645w, https:\/\/www.pr-neu.de\/newsroom\/wordpress\/wp-content\/uploads\/2017\/05\/17-29-Fugenflankenprofil_04_G-1.jpg 1795w\" sizes=\"auto, (max-width: 300px) 100vw, 300px\" \/><\/a><\/td>\n<td colspan=\"3\" valign=\"top\" height=\"21\">Fugenflankenprofil mit Armierungsmasse einspachteln.<\/p>\n<p>Foto: Sto SE &amp; Co. KGaA<\/td>\n<\/tr>\n<tr>\n<td valign=\"top\" width=\"370\" height=\"25\"><a href=\"http:\/\/www.pr-neu.de\/newsroom\/wordpress\/wp-content\/uploads\/2017\/05\/17-29-Fugenflankenprofil_05_G.jpg\"><img loading=\"lazy\" decoding=\"async\" class=\"size-medium wp-image-12351\" src=\"http:\/\/www.pr-neu.de\/newsroom\/wordpress\/wp-content\/uploads\/2017\/05\/17-29-Fugenflankenprofil_05_G-300x200.jpg\" alt=\"\" width=\"300\" height=\"200\" srcset=\"https:\/\/www.pr-neu.de\/newsroom\/wordpress\/wp-content\/uploads\/2017\/05\/17-29-Fugenflankenprofil_05_G-300x200.jpg 300w, https:\/\/www.pr-neu.de\/newsroom\/wordpress\/wp-content\/uploads\/2017\/05\/17-29-Fugenflankenprofil_05_G-1024x683.jpg 1024w, https:\/\/www.pr-neu.de\/newsroom\/wordpress\/wp-content\/uploads\/2017\/05\/17-29-Fugenflankenprofil_05_G-768x512.jpg 768w, https:\/\/www.pr-neu.de\/newsroom\/wordpress\/wp-content\/uploads\/2017\/05\/17-29-Fugenflankenprofil_05_G-1536x1024.jpg 1536w, https:\/\/www.pr-neu.de\/newsroom\/wordpress\/wp-content\/uploads\/2017\/05\/17-29-Fugenflankenprofil_05_G-110x73.jpg 110w, https:\/\/www.pr-neu.de\/newsroom\/wordpress\/wp-content\/uploads\/2017\/05\/17-29-Fugenflankenprofil_05_G-420x280.jpg 420w, https:\/\/www.pr-neu.de\/newsroom\/wordpress\/wp-content\/uploads\/2017\/05\/17-29-Fugenflankenprofil_05_G-645x430.jpg 645w, https:\/\/www.pr-neu.de\/newsroom\/wordpress\/wp-content\/uploads\/2017\/05\/17-29-Fugenflankenprofil_05_G.jpg 1795w\" sizes=\"auto, (max-width: 300px) 100vw, 300px\" \/><\/a><\/td>\n<td colspan=\"3\" valign=\"top\" height=\"21\">Sto-Dehnfugenband anbringen &#8230;<\/p>\n<p>Foto: Sto SE &amp; Co. KGaA<\/td>\n<\/tr>\n<tr>\n<td valign=\"top\" width=\"370\" height=\"25\"><a href=\"http:\/\/www.pr-neu.de\/newsroom\/wordpress\/wp-content\/uploads\/2017\/05\/17-29-Fugenflankenprofil_06_G.jpg\"><img loading=\"lazy\" decoding=\"async\" class=\"size-medium wp-image-12346\" src=\"http:\/\/www.pr-neu.de\/newsroom\/wordpress\/wp-content\/uploads\/2017\/05\/17-29-Fugenflankenprofil_06_G-221x300.jpg\" alt=\"\" width=\"221\" height=\"300\" srcset=\"https:\/\/www.pr-neu.de\/newsroom\/wordpress\/wp-content\/uploads\/2017\/05\/17-29-Fugenflankenprofil_06_G-221x300.jpg 221w, https:\/\/www.pr-neu.de\/newsroom\/wordpress\/wp-content\/uploads\/2017\/05\/17-29-Fugenflankenprofil_06_G-754x1024.jpg 754w, https:\/\/www.pr-neu.de\/newsroom\/wordpress\/wp-content\/uploads\/2017\/05\/17-29-Fugenflankenprofil_06_G-768x1044.jpg 768w, https:\/\/www.pr-neu.de\/newsroom\/wordpress\/wp-content\/uploads\/2017\/05\/17-29-Fugenflankenprofil_06_G-1130x1536.jpg 1130w, https:\/\/www.pr-neu.de\/newsroom\/wordpress\/wp-content\/uploads\/2017\/05\/17-29-Fugenflankenprofil_06_G-81x110.jpg 81w, https:\/\/www.pr-neu.de\/newsroom\/wordpress\/wp-content\/uploads\/2017\/05\/17-29-Fugenflankenprofil_06_G-309x420.jpg 309w, https:\/\/www.pr-neu.de\/newsroom\/wordpress\/wp-content\/uploads\/2017\/05\/17-29-Fugenflankenprofil_06_G-316x430.jpg 316w, https:\/\/www.pr-neu.de\/newsroom\/wordpress\/wp-content\/uploads\/2017\/05\/17-29-Fugenflankenprofil_06_G.jpg 1321w\" sizes=\"auto, (max-width: 221px) 100vw, 221px\" \/><\/a><\/td>\n<td colspan=\"3\" valign=\"top\" height=\"21\">&#8230; und fertig eingebaut.<\/p>\n<p>Foto: Sto SE &amp; Co. KGaA<\/td>\n<\/tr>\n<\/tbody>\n<\/table>\n<p>&nbsp;<\/p>\n<hr noshade=\"noshade\" size=\"1\" \/>\n<p>&nbsp;<\/p>\n<p>Abdruck honorarfrei, Belegexemplar erbeten<\/p>\n<p>&nbsp;<\/p>\n","protected":false},"excerpt":{"rendered":"<p>Sto-Fugenflankenprofil erleichtert die Verarbeitung von fassadenb\u00fcndigen Bauteilen Fenster, T\u00fcren oder Laibungsauskleidungen werden heute oftmals b\u00fcndig mit der Fassadenoberfl\u00e4che oder sogar auskragend geplant. In der Praxis ist dabei viel Sorgfalt gefragt, damit solche kniffligen Detailanschl\u00fcsse schlagregendicht ausgef\u00fchrt werden. Nur so kann das gesamte W\u00e4rmed\u00e4mm-Verbundsystem dauerhaft funktionieren. Um Einbaufehler zu vermeiden und h\u00f6chste Sicherheit im Detail zu [&hellip;]<\/p>\n","protected":false},"author":6,"featured_media":7814,"comment_status":"closed","ping_status":"open","sticky":false,"template":"","format":"standard","meta":{"footnotes":""},"categories":[3,15],"tags":[],"class_list":["post-5171","post","type-post","status-publish","format-standard","has-post-thumbnail","hentry","category-kundenmeldungen","category-sto"],"_links":{"self":[{"href":"https:\/\/www.pr-neu.de\/newsroom\/wp-json\/wp\/v2\/posts\/5171","targetHints":{"allow":["GET"]}}],"collection":[{"href":"https:\/\/www.pr-neu.de\/newsroom\/wp-json\/wp\/v2\/posts"}],"about":[{"href":"https:\/\/www.pr-neu.de\/newsroom\/wp-json\/wp\/v2\/types\/post"}],"author":[{"embeddable":true,"href":"https:\/\/www.pr-neu.de\/newsroom\/wp-json\/wp\/v2\/users\/6"}],"replies":[{"embeddable":true,"href":"https:\/\/www.pr-neu.de\/newsroom\/wp-json\/wp\/v2\/comments?post=5171"}],"version-history":[{"count":4,"href":"https:\/\/www.pr-neu.de\/newsroom\/wp-json\/wp\/v2\/posts\/5171\/revisions"}],"predecessor-version":[{"id":12353,"href":"https:\/\/www.pr-neu.de\/newsroom\/wp-json\/wp\/v2\/posts\/5171\/revisions\/12353"}],"wp:featuredmedia":[{"embeddable":true,"href":"https:\/\/www.pr-neu.de\/newsroom\/wp-json\/wp\/v2\/media\/7814"}],"wp:attachment":[{"href":"https:\/\/www.pr-neu.de\/newsroom\/wp-json\/wp\/v2\/media?parent=5171"}],"wp:term":[{"taxonomy":"category","embeddable":true,"href":"https:\/\/www.pr-neu.de\/newsroom\/wp-json\/wp\/v2\/categories?post=5171"},{"taxonomy":"post_tag","embeddable":true,"href":"https:\/\/www.pr-neu.de\/newsroom\/wp-json\/wp\/v2\/tags?post=5171"}],"curies":[{"name":"wp","href":"https:\/\/api.w.org\/{rel}","templated":true}]}}