{"id":5166,"date":"2017-05-18T08:40:17","date_gmt":"2017-05-18T08:40:17","guid":{"rendered":"http:\/\/www.pr-nord.de\/newsroom\/?p=5166"},"modified":"2024-08-28T09:16:06","modified_gmt":"2024-08-28T07:16:06","slug":"waermeschutz-hoch-sechs","status":"publish","type":"post","link":"https:\/\/www.pr-neu.de\/newsroom\/waermeschutz-hoch-sechs\/","title":{"rendered":"W\u00e4rmeschutz hoch sechs"},"content":{"rendered":"<p><u>WDV-Systeme: D\u00e4mmstoff-Vielfalt erm\u00f6glicht objektspezifische Optimierung<\/u><\/p>\n<p><strong>Jedes Geb\u00e4ude ist ein Unikat \u2013 und stellt individuelle Anforderungen an die W\u00e4rmed\u00e4mmung. Neben gesetzlichen Vorgaben bringen Bauherren ihre Anspr\u00fcche ein \u2013 in Bezug auf \u00d6kologie, Gestaltung, Effizienz und Wirtschaftlichkeit. Damit f\u00fcr jedes Projekt eine optimale L\u00f6sung bereit steht, hat Sto acht W\u00e4rmed\u00e4mm-Verbundsysteme entwickelt, hinter denen sechs D\u00e4mmstoffe stecken. Eine \u00dcbersicht:<\/strong><\/p>\n<p><strong>Holzfaser<\/strong><br \/>\nBei D\u00e4mmstoffen aus dem nachwachsenden Rohstoff Holz setzt Sto ausschlie\u00dflich auf Holz aus zertifizierter Forstwirtschaft. Das schafft die optimale Basis f\u00fcr umweltgerechten W\u00e4rmeschutz \u2013 und ist die richtige Wahl f\u00fcr \u00f6kologisch orientierte Bauherren von Ein- und Zweifamilienh\u00e4usern. Im System <strong>StoTherm Wood<\/strong>, das f\u00fcr den Holz- und Massivbau geeignet ist, h\u00e4lt die Holzfaser-D\u00e4mmplatte mit der W\u00e4rmeleitstufe 039 nicht nur im Winter die W\u00e4rme im Geb\u00e4ude, sondern dient umgekehrt im Sommer als W\u00e4rmeschutz \u2013 und bietet ganzj\u00e4hrig einen hohen Schallschutz.<\/p>\n<p>Sie ist mit dem Umweltsystem \u201eDer Blaue Engel\u201c f\u00fcr umweltgerechten W\u00e4rmeschutz ausgezeichnet. Wer sich f\u00fcr StoTherm Wood entscheidet, tut somit etwas f\u00fcr die Umwelt und kann bei der Oberfl\u00e4chengestaltung aus einer Vielzahl an Putzen oder Deko-Profilen aus Verolith ausw\u00e4hlen.<\/p>\n<p><strong>Mineralschaum<\/strong><br \/>\nAus Kalk, Zement und Quarzsand besteht die Mineralschaumplatte. Durch ihre Bienenwabenstruktur ist sie druckfest, stabil und gleichzeitig leicht. Im System mit <strong>StoTherm Cell<\/strong> eignet sie sich aufgrund ihrer Nichtbrennbarkeit neben Ein- und Mehrfamilienh\u00e4usern auch f\u00fcr Hochh\u00e4user. Der rein mineralische D\u00e4mmstoff mit der W\u00e4rmeleitstufe 045 ist mit dem Umweltsystem \u201eDer Blaue Engel\u201c f\u00fcr umweltgerechten W\u00e4rmeschutz ausgezeichnet. Neben vielf\u00e4ltigen Putzoberfl\u00e4chen sind auch Profile aus Verolith als Schlussbeschichtung einsetzbar.<\/p>\n<p><strong>Mineralwolle<\/strong><br \/>\nWer hohe Anspr\u00fcche an den Brandschutz und die Effizienz stellt, ist mit einem D\u00e4mmstoff aus mineralischen Steinwollefasern (W\u00e4rmeleitstufe 035-041) gut aufgestellt. Aufgrund seiner Nichtbrennbarkeit kann dieser auch f\u00fcr Hochh\u00e4user eingesetzt werden. Zudem er\u00f6ffnet er vielf\u00e4ltige Gestaltungsm\u00f6glichkeiten, was Material und Farbe betrifft. Im System mit <strong>StoTherm Classic S1<\/strong> kommen beispielsweise auch sehr dunkle Putzoberfl\u00e4chen und Deko-Profile aus Verolith infrage. Das ebenso nichtbrennbare System <strong>StoTherm Mineral<\/strong> l\u00e4sst zudem Klinker und Natursteinfliesen als Schlussbeschichtung zu.<\/p>\n<p><strong>Polystyrol-Hartschaum (EPS)<\/strong><br \/>\nAuf mehr als 100 Millionen Quadratmetern Referenzfl\u00e4che in allen Klimazonen der Welt bew\u00e4hrt sich inzwischen der D\u00e4mmstoff aus expandiertem Polystyrol. Er ist die richtige L\u00f6sung f\u00fcr den wirtschaftlich orientierten Bauherrn, der Wert auf einen erh\u00f6hten Schlagschutz legt. Das organisch aufgebaute System <strong>StoTherm Classic<\/strong> steckt auch harte Schl\u00e4ge weg, was gerade beim Einsatz an Mehrfamilienh\u00e4usern besonders wichtig ist. Das Plus f\u00fcr den Fachhandwerker: Das System ist zudem sehr einfach zu verarbeiten. Gemeinsam mit einer mineralischen Armierungsmasse bildet die EPS-Platte das WDVS <strong>StoTherm Vario<\/strong>, das neben zahlreichen Putz- und Verolith-Oberfl\u00e4chen auch mit Klinkern und Natursteinfliesen verkleidet werden kann.<\/p>\n<p><strong>PIR-Hartschaum<\/strong><br \/>\nSchlank soll es sein? Dann kommt ein System mit Polyisocyanat-Hartschaumplatte (PIR) in Frage. Schon eine d\u00fcnne D\u00e4mmplatte reicht aus, um hohen W\u00e4rmeschutz zu realisieren. Damit l\u00e4sst sich sowohl im Neubau wie auch in der Sanierung Wohnraum gewinnen. Das schwer entflammbare Hochleistungsd\u00e4mmsystem <strong>StoTherm PIR<\/strong> mit der W\u00e4rmeleitstufe 024 bis 026 tr\u00e4gt das purelife-Siegel f\u00fcr \u00f6kologische Unbedenklichkeit. Es ist leicht zu verarbeiten, braucht keine zus\u00e4tzlichen Brandriegel und setzt Akzente, wenn es um die Oberfl\u00e4chengestaltung geht \u2013 mit Putz und Deko-Profilen aus Verolith ebenso wie mit Klinkern und Natursteinfliesen.<\/p>\n<p><strong>Phenolharz-Hartschaum<\/strong><br \/>\nEin Hochleistungsd\u00e4mmstoff mit noch besserer W\u00e4rmeleitstufe (021 bis 023) und somit das passende D\u00e4mm-Material f\u00fcr den Bauherrn mit h\u00f6chsten Anspr\u00fcchen an den W\u00e4rmeschutz ist Phenolharz-Hartschaum. Bereits sehr schlanke D\u00e4mmplatten erzielen h\u00f6chste D\u00e4mmwerte und sorgen f\u00fcr extrem schlanke Wandaufbauten, was zus\u00e4tzlichen Wohnraumgewinn beim Neubau und bei der Sanierung bedeutet. Einsetzbar ist die Phenolharz-Hartschaumplatte im schwerentflammbaren System <strong>StoTherm Resol<\/strong> an Ein- und Mehrfamilienh\u00e4usern. Optimal geeignet ist sie f\u00fcr Laibungen und Balkonnischen.<\/p>\n<p>&nbsp;<\/p>\n<hr noshade=\"noshade\" size=\"1\" \/>\n<p>&nbsp;<\/p>\n<p><strong>Z I T A T <\/strong><\/p>\n<p><em>\u201eD\u00e4mmen ist schon f\u00fcr die Energiewende ein Muss. Mit den vielen Wahlm\u00f6glichkeiten bei den D\u00e4mmstoffen und D\u00e4mmsystemen l\u00e4sst sich f\u00fcr jedes Geb\u00e4ude eine passende L\u00f6sung finden. Wer sich online informieren m\u00f6chte, findet unter www.zukunft-fassade.de eine gute \u00dcbersicht.\u201c<\/em><br \/>\nVeit Kn\u00fcfer, WDVS-Berater von Sto<\/p>\n<p>&nbsp;<\/p>\n<hr noshade=\"noshade\" size=\"1\" \/>\n<p>&nbsp;<\/p>\n<table style=\"height: 2302px;\" border=\"0\" width=\"729\" cellspacing=\"0\" cellpadding=\"0\">\n<tbody>\n<tr>\n<td valign=\"top\" width=\"370\" height=\"25\"><a href=\"http:\/\/www.pr-neu.de\/newsroom\/wordpress\/wp-content\/uploads\/2017\/05\/17-30-Knuefer_G.jpg\"><img loading=\"lazy\" decoding=\"async\" class=\"size-medium wp-image-12354\" src=\"http:\/\/www.pr-neu.de\/newsroom\/wordpress\/wp-content\/uploads\/2017\/05\/17-30-Knuefer_G-300x200.jpg\" alt=\"\" width=\"300\" height=\"200\" srcset=\"https:\/\/www.pr-neu.de\/newsroom\/wordpress\/wp-content\/uploads\/2017\/05\/17-30-Knuefer_G-300x200.jpg 300w, https:\/\/www.pr-neu.de\/newsroom\/wordpress\/wp-content\/uploads\/2017\/05\/17-30-Knuefer_G-1024x683.jpg 1024w, https:\/\/www.pr-neu.de\/newsroom\/wordpress\/wp-content\/uploads\/2017\/05\/17-30-Knuefer_G-768x512.jpg 768w, https:\/\/www.pr-neu.de\/newsroom\/wordpress\/wp-content\/uploads\/2017\/05\/17-30-Knuefer_G-1536x1024.jpg 1536w, https:\/\/www.pr-neu.de\/newsroom\/wordpress\/wp-content\/uploads\/2017\/05\/17-30-Knuefer_G-110x73.jpg 110w, https:\/\/www.pr-neu.de\/newsroom\/wordpress\/wp-content\/uploads\/2017\/05\/17-30-Knuefer_G-420x280.jpg 420w, https:\/\/www.pr-neu.de\/newsroom\/wordpress\/wp-content\/uploads\/2017\/05\/17-30-Knuefer_G-645x430.jpg 645w, https:\/\/www.pr-neu.de\/newsroom\/wordpress\/wp-content\/uploads\/2017\/05\/17-30-Knuefer_G.jpg 1795w\" sizes=\"auto, (max-width: 300px) 100vw, 300px\" \/><\/a><\/td>\n<td colspan=\"3\" valign=\"top\" height=\"21\">Welcher D\u00e4mmstoff am besten passt, ist nicht immer einfach zu entscheiden. Hier hilft oft das Gespr\u00e4ch mit einem Fachmann. Deshalb hat Sto ein fl\u00e4chendeckendes Beraternetzwerk aufgebaut, um so schnell vor Ort fachliche Unterst\u00fctzung geben zu k\u00f6nnen \u2013 zum Beispiel von Veit Kn\u00fcfer.<\/p>\n<p>Foto: Sto SE &amp; Co. KGaA<\/td>\n<\/tr>\n<tr>\n<td valign=\"top\" width=\"370\" height=\"25\"><a href=\"http:\/\/www.pr-neu.de\/newsroom\/wordpress\/wp-content\/uploads\/2017\/05\/17-30_07_Daemmstoffe_G-1.jpg\"><img loading=\"lazy\" decoding=\"async\" class=\"aligncenter size-medium wp-image-12361\" src=\"http:\/\/www.pr-neu.de\/newsroom\/wordpress\/wp-content\/uploads\/2017\/05\/17-30_07_Daemmstoffe_G-1-300x200.jpg\" alt=\"\" width=\"300\" height=\"200\" srcset=\"https:\/\/www.pr-neu.de\/newsroom\/wordpress\/wp-content\/uploads\/2017\/05\/17-30_07_Daemmstoffe_G-1-300x200.jpg 300w, https:\/\/www.pr-neu.de\/newsroom\/wordpress\/wp-content\/uploads\/2017\/05\/17-30_07_Daemmstoffe_G-1-1024x683.jpg 1024w, https:\/\/www.pr-neu.de\/newsroom\/wordpress\/wp-content\/uploads\/2017\/05\/17-30_07_Daemmstoffe_G-1-768x513.jpg 768w, https:\/\/www.pr-neu.de\/newsroom\/wordpress\/wp-content\/uploads\/2017\/05\/17-30_07_Daemmstoffe_G-1-1536x1025.jpg 1536w, https:\/\/www.pr-neu.de\/newsroom\/wordpress\/wp-content\/uploads\/2017\/05\/17-30_07_Daemmstoffe_G-1-110x73.jpg 110w, https:\/\/www.pr-neu.de\/newsroom\/wordpress\/wp-content\/uploads\/2017\/05\/17-30_07_Daemmstoffe_G-1-420x280.jpg 420w, https:\/\/www.pr-neu.de\/newsroom\/wordpress\/wp-content\/uploads\/2017\/05\/17-30_07_Daemmstoffe_G-1-644x430.jpg 644w, https:\/\/www.pr-neu.de\/newsroom\/wordpress\/wp-content\/uploads\/2017\/05\/17-30_07_Daemmstoffe_G-1.jpg 1795w\" sizes=\"auto, (max-width: 300px) 100vw, 300px\" \/><\/a><\/td>\n<td colspan=\"3\" valign=\"top\" height=\"21\">Jeder D\u00e4mmstoff hat seine spezifischen St\u00e4rken (von links): Mineralschaum ist nicht brennbar und sehr robust, Holzfaser bieten guten sommerlichen W\u00e4rme- und Schallschutz und sind aus nachwachsendem Rohstoff, Mineralfaser ist ebenfalls nicht brennbar und bietet im System viele Gestaltungsm\u00f6glichkeiten, Polystyrol-Hartschaum (EPS) ist besonders wirtschaftlich und widersteht mechanischen Belastungen ausgezeichnet, Phenolharz-Hartschaum erreicht die besten D\u00e4mmwerte und bietet sich daher vor allem bei geringem Platzangebot an \u2013 bspw. in Laibungen, PIR-Hartschaum braucht keinen Brandriegel und punktet mit sehr guten D\u00e4mmwerten.<\/p>\n<p>Foto: Sto SE &amp; Co. KGaA<\/td>\n<\/tr>\n<tr>\n<td valign=\"top\" width=\"370\" height=\"25\"><a href=\"http:\/\/www.pr-neu.de\/newsroom\/wordpress\/wp-content\/uploads\/2017\/05\/17-30_1_Mineralschaum_G.jpg\"><img loading=\"lazy\" decoding=\"async\" class=\"aligncenter size-medium wp-image-12355\" src=\"http:\/\/www.pr-neu.de\/newsroom\/wordpress\/wp-content\/uploads\/2017\/05\/17-30_1_Mineralschaum_G-300x200.jpg\" alt=\"\" width=\"300\" height=\"200\" srcset=\"https:\/\/www.pr-neu.de\/newsroom\/wordpress\/wp-content\/uploads\/2017\/05\/17-30_1_Mineralschaum_G-300x200.jpg 300w, https:\/\/www.pr-neu.de\/newsroom\/wordpress\/wp-content\/uploads\/2017\/05\/17-30_1_Mineralschaum_G-1024x683.jpg 1024w, https:\/\/www.pr-neu.de\/newsroom\/wordpress\/wp-content\/uploads\/2017\/05\/17-30_1_Mineralschaum_G-768x513.jpg 768w, https:\/\/www.pr-neu.de\/newsroom\/wordpress\/wp-content\/uploads\/2017\/05\/17-30_1_Mineralschaum_G-1536x1025.jpg 1536w, https:\/\/www.pr-neu.de\/newsroom\/wordpress\/wp-content\/uploads\/2017\/05\/17-30_1_Mineralschaum_G-110x73.jpg 110w, https:\/\/www.pr-neu.de\/newsroom\/wordpress\/wp-content\/uploads\/2017\/05\/17-30_1_Mineralschaum_G-420x280.jpg 420w, https:\/\/www.pr-neu.de\/newsroom\/wordpress\/wp-content\/uploads\/2017\/05\/17-30_1_Mineralschaum_G-644x430.jpg 644w, https:\/\/www.pr-neu.de\/newsroom\/wordpress\/wp-content\/uploads\/2017\/05\/17-30_1_Mineralschaum_G.jpg 1795w\" sizes=\"auto, (max-width: 300px) 100vw, 300px\" \/><\/a><\/td>\n<td colspan=\"3\" valign=\"top\" height=\"21\">Mineralschaum<\/p>\n<p>Foto: Sto SE &amp; Co. KGaA<\/td>\n<\/tr>\n<tr>\n<td valign=\"top\" width=\"370\" height=\"25\"><a href=\"http:\/\/www.pr-neu.de\/newsroom\/wordpress\/wp-content\/uploads\/2017\/05\/17-30_2_Holzfaser_G.jpg\"><img loading=\"lazy\" decoding=\"async\" class=\"aligncenter size-medium wp-image-12356\" src=\"http:\/\/www.pr-neu.de\/newsroom\/wordpress\/wp-content\/uploads\/2017\/05\/17-30_2_Holzfaser_G-300x200.jpg\" alt=\"\" width=\"300\" height=\"200\" srcset=\"https:\/\/www.pr-neu.de\/newsroom\/wordpress\/wp-content\/uploads\/2017\/05\/17-30_2_Holzfaser_G-300x200.jpg 300w, https:\/\/www.pr-neu.de\/newsroom\/wordpress\/wp-content\/uploads\/2017\/05\/17-30_2_Holzfaser_G-1024x683.jpg 1024w, https:\/\/www.pr-neu.de\/newsroom\/wordpress\/wp-content\/uploads\/2017\/05\/17-30_2_Holzfaser_G-768x513.jpg 768w, https:\/\/www.pr-neu.de\/newsroom\/wordpress\/wp-content\/uploads\/2017\/05\/17-30_2_Holzfaser_G-1536x1025.jpg 1536w, https:\/\/www.pr-neu.de\/newsroom\/wordpress\/wp-content\/uploads\/2017\/05\/17-30_2_Holzfaser_G-110x73.jpg 110w, https:\/\/www.pr-neu.de\/newsroom\/wordpress\/wp-content\/uploads\/2017\/05\/17-30_2_Holzfaser_G-420x280.jpg 420w, https:\/\/www.pr-neu.de\/newsroom\/wordpress\/wp-content\/uploads\/2017\/05\/17-30_2_Holzfaser_G-644x430.jpg 644w, https:\/\/www.pr-neu.de\/newsroom\/wordpress\/wp-content\/uploads\/2017\/05\/17-30_2_Holzfaser_G.jpg 1795w\" sizes=\"auto, (max-width: 300px) 100vw, 300px\" \/><\/a><\/td>\n<td colspan=\"3\" valign=\"top\" height=\"21\">Holzfaser<\/p>\n<p>Foto: Sto SE &amp; Co. KGaA<\/td>\n<\/tr>\n<tr>\n<td valign=\"top\" width=\"370\" height=\"25\"><a href=\"http:\/\/www.pr-neu.de\/newsroom\/wordpress\/wp-content\/uploads\/2017\/05\/17-30_3_Mineralfaser_G.jpg\"><img loading=\"lazy\" decoding=\"async\" class=\"aligncenter size-medium wp-image-12357\" src=\"http:\/\/www.pr-neu.de\/newsroom\/wordpress\/wp-content\/uploads\/2017\/05\/17-30_3_Mineralfaser_G-300x200.jpg\" alt=\"\" width=\"300\" height=\"200\" srcset=\"https:\/\/www.pr-neu.de\/newsroom\/wordpress\/wp-content\/uploads\/2017\/05\/17-30_3_Mineralfaser_G-300x200.jpg 300w, https:\/\/www.pr-neu.de\/newsroom\/wordpress\/wp-content\/uploads\/2017\/05\/17-30_3_Mineralfaser_G-1024x683.jpg 1024w, https:\/\/www.pr-neu.de\/newsroom\/wordpress\/wp-content\/uploads\/2017\/05\/17-30_3_Mineralfaser_G-768x513.jpg 768w, https:\/\/www.pr-neu.de\/newsroom\/wordpress\/wp-content\/uploads\/2017\/05\/17-30_3_Mineralfaser_G-1536x1025.jpg 1536w, https:\/\/www.pr-neu.de\/newsroom\/wordpress\/wp-content\/uploads\/2017\/05\/17-30_3_Mineralfaser_G-110x73.jpg 110w, https:\/\/www.pr-neu.de\/newsroom\/wordpress\/wp-content\/uploads\/2017\/05\/17-30_3_Mineralfaser_G-420x280.jpg 420w, https:\/\/www.pr-neu.de\/newsroom\/wordpress\/wp-content\/uploads\/2017\/05\/17-30_3_Mineralfaser_G-644x430.jpg 644w, https:\/\/www.pr-neu.de\/newsroom\/wordpress\/wp-content\/uploads\/2017\/05\/17-30_3_Mineralfaser_G.jpg 1795w\" sizes=\"auto, (max-width: 300px) 100vw, 300px\" \/><\/a><\/td>\n<td colspan=\"3\" valign=\"top\" height=\"21\">Mineralfaser<\/p>\n<p>Foto: Sto SE &amp; Co. KGaA<\/td>\n<\/tr>\n<tr>\n<td valign=\"top\" width=\"370\" height=\"25\"><a href=\"http:\/\/www.pr-neu.de\/newsroom\/wordpress\/wp-content\/uploads\/2017\/05\/17-30_4_Polystyrol_G.jpg\"><img loading=\"lazy\" decoding=\"async\" class=\"aligncenter size-medium wp-image-12358\" src=\"http:\/\/www.pr-neu.de\/newsroom\/wordpress\/wp-content\/uploads\/2017\/05\/17-30_4_Polystyrol_G-300x200.jpg\" alt=\"\" width=\"300\" height=\"200\" srcset=\"https:\/\/www.pr-neu.de\/newsroom\/wordpress\/wp-content\/uploads\/2017\/05\/17-30_4_Polystyrol_G-300x200.jpg 300w, https:\/\/www.pr-neu.de\/newsroom\/wordpress\/wp-content\/uploads\/2017\/05\/17-30_4_Polystyrol_G-1024x683.jpg 1024w, https:\/\/www.pr-neu.de\/newsroom\/wordpress\/wp-content\/uploads\/2017\/05\/17-30_4_Polystyrol_G-768x513.jpg 768w, https:\/\/www.pr-neu.de\/newsroom\/wordpress\/wp-content\/uploads\/2017\/05\/17-30_4_Polystyrol_G-1536x1025.jpg 1536w, https:\/\/www.pr-neu.de\/newsroom\/wordpress\/wp-content\/uploads\/2017\/05\/17-30_4_Polystyrol_G-110x73.jpg 110w, https:\/\/www.pr-neu.de\/newsroom\/wordpress\/wp-content\/uploads\/2017\/05\/17-30_4_Polystyrol_G-420x280.jpg 420w, https:\/\/www.pr-neu.de\/newsroom\/wordpress\/wp-content\/uploads\/2017\/05\/17-30_4_Polystyrol_G-644x430.jpg 644w, https:\/\/www.pr-neu.de\/newsroom\/wordpress\/wp-content\/uploads\/2017\/05\/17-30_4_Polystyrol_G.jpg 1795w\" sizes=\"auto, (max-width: 300px) 100vw, 300px\" \/><\/a><\/td>\n<td colspan=\"3\" valign=\"top\" height=\"21\">Polystyrol<\/p>\n<p>Foto: Sto SE &amp; Co. KGaA<\/td>\n<\/tr>\n<tr>\n<td valign=\"top\" width=\"370\" height=\"25\"><a href=\"http:\/\/www.pr-neu.de\/newsroom\/wordpress\/wp-content\/uploads\/2017\/05\/17-30_5_Phenolharz_G.jpg\"><img loading=\"lazy\" decoding=\"async\" class=\"aligncenter size-medium wp-image-12359\" src=\"http:\/\/www.pr-neu.de\/newsroom\/wordpress\/wp-content\/uploads\/2017\/05\/17-30_5_Phenolharz_G-300x200.jpg\" alt=\"\" width=\"300\" height=\"200\" srcset=\"https:\/\/www.pr-neu.de\/newsroom\/wordpress\/wp-content\/uploads\/2017\/05\/17-30_5_Phenolharz_G-300x200.jpg 300w, https:\/\/www.pr-neu.de\/newsroom\/wordpress\/wp-content\/uploads\/2017\/05\/17-30_5_Phenolharz_G-1024x683.jpg 1024w, https:\/\/www.pr-neu.de\/newsroom\/wordpress\/wp-content\/uploads\/2017\/05\/17-30_5_Phenolharz_G-768x513.jpg 768w, https:\/\/www.pr-neu.de\/newsroom\/wordpress\/wp-content\/uploads\/2017\/05\/17-30_5_Phenolharz_G-1536x1025.jpg 1536w, https:\/\/www.pr-neu.de\/newsroom\/wordpress\/wp-content\/uploads\/2017\/05\/17-30_5_Phenolharz_G-110x73.jpg 110w, https:\/\/www.pr-neu.de\/newsroom\/wordpress\/wp-content\/uploads\/2017\/05\/17-30_5_Phenolharz_G-420x280.jpg 420w, https:\/\/www.pr-neu.de\/newsroom\/wordpress\/wp-content\/uploads\/2017\/05\/17-30_5_Phenolharz_G-644x430.jpg 644w, https:\/\/www.pr-neu.de\/newsroom\/wordpress\/wp-content\/uploads\/2017\/05\/17-30_5_Phenolharz_G.jpg 1795w\" sizes=\"auto, (max-width: 300px) 100vw, 300px\" \/><\/a><\/td>\n<td colspan=\"3\" valign=\"top\" height=\"21\">Phenolharz<\/p>\n<p>Foto: Sto SE &amp; Co. KGaA<\/td>\n<\/tr>\n<tr>\n<td valign=\"top\" width=\"370\" height=\"25\"><a href=\"http:\/\/www.pr-neu.de\/newsroom\/wordpress\/wp-content\/uploads\/2017\/05\/17-30_6_PIR_G.jpg\"><img loading=\"lazy\" decoding=\"async\" class=\"aligncenter size-medium wp-image-12360\" src=\"http:\/\/www.pr-neu.de\/newsroom\/wordpress\/wp-content\/uploads\/2017\/05\/17-30_6_PIR_G-300x200.jpg\" alt=\"\" width=\"300\" height=\"200\" srcset=\"https:\/\/www.pr-neu.de\/newsroom\/wordpress\/wp-content\/uploads\/2017\/05\/17-30_6_PIR_G-300x200.jpg 300w, https:\/\/www.pr-neu.de\/newsroom\/wordpress\/wp-content\/uploads\/2017\/05\/17-30_6_PIR_G-1024x683.jpg 1024w, https:\/\/www.pr-neu.de\/newsroom\/wordpress\/wp-content\/uploads\/2017\/05\/17-30_6_PIR_G-768x513.jpg 768w, https:\/\/www.pr-neu.de\/newsroom\/wordpress\/wp-content\/uploads\/2017\/05\/17-30_6_PIR_G-1536x1025.jpg 1536w, https:\/\/www.pr-neu.de\/newsroom\/wordpress\/wp-content\/uploads\/2017\/05\/17-30_6_PIR_G-110x73.jpg 110w, https:\/\/www.pr-neu.de\/newsroom\/wordpress\/wp-content\/uploads\/2017\/05\/17-30_6_PIR_G-420x280.jpg 420w, https:\/\/www.pr-neu.de\/newsroom\/wordpress\/wp-content\/uploads\/2017\/05\/17-30_6_PIR_G-644x430.jpg 644w, https:\/\/www.pr-neu.de\/newsroom\/wordpress\/wp-content\/uploads\/2017\/05\/17-30_6_PIR_G.jpg 1795w\" sizes=\"auto, (max-width: 300px) 100vw, 300px\" \/><\/a><\/td>\n<td colspan=\"3\" valign=\"top\" height=\"21\">PIR<\/p>\n<p>Foto: Sto SE &amp; Co. KGaA<\/td>\n<\/tr>\n<\/tbody>\n<\/table>\n<p>&nbsp;<\/p>\n<hr noshade=\"noshade\" size=\"1\" \/>\n<p>&nbsp;<\/p>\n<p>Abdruck honorarfrei, Belegexemplar erbeten<\/p>\n<p>&nbsp;<\/p>\n","protected":false},"excerpt":{"rendered":"<p>WDV-Systeme: D\u00e4mmstoff-Vielfalt erm\u00f6glicht objektspezifische Optimierung Jedes Geb\u00e4ude ist ein Unikat \u2013 und stellt individuelle Anforderungen an die W\u00e4rmed\u00e4mmung. Neben gesetzlichen Vorgaben bringen Bauherren ihre Anspr\u00fcche ein \u2013 in Bezug auf \u00d6kologie, Gestaltung, Effizienz und Wirtschaftlichkeit. Damit f\u00fcr jedes Projekt eine optimale L\u00f6sung bereit steht, hat Sto acht W\u00e4rmed\u00e4mm-Verbundsysteme entwickelt, hinter denen sechs D\u00e4mmstoffe stecken. Eine [&hellip;]<\/p>\n","protected":false},"author":6,"featured_media":8253,"comment_status":"closed","ping_status":"open","sticky":false,"template":"","format":"standard","meta":{"footnotes":""},"categories":[3,15],"tags":[],"class_list":["post-5166","post","type-post","status-publish","format-standard","has-post-thumbnail","hentry","category-kundenmeldungen","category-sto"],"_links":{"self":[{"href":"https:\/\/www.pr-neu.de\/newsroom\/wp-json\/wp\/v2\/posts\/5166","targetHints":{"allow":["GET"]}}],"collection":[{"href":"https:\/\/www.pr-neu.de\/newsroom\/wp-json\/wp\/v2\/posts"}],"about":[{"href":"https:\/\/www.pr-neu.de\/newsroom\/wp-json\/wp\/v2\/types\/post"}],"author":[{"embeddable":true,"href":"https:\/\/www.pr-neu.de\/newsroom\/wp-json\/wp\/v2\/users\/6"}],"replies":[{"embeddable":true,"href":"https:\/\/www.pr-neu.de\/newsroom\/wp-json\/wp\/v2\/comments?post=5166"}],"version-history":[{"count":6,"href":"https:\/\/www.pr-neu.de\/newsroom\/wp-json\/wp\/v2\/posts\/5166\/revisions"}],"predecessor-version":[{"id":17076,"href":"https:\/\/www.pr-neu.de\/newsroom\/wp-json\/wp\/v2\/posts\/5166\/revisions\/17076"}],"wp:featuredmedia":[{"embeddable":true,"href":"https:\/\/www.pr-neu.de\/newsroom\/wp-json\/wp\/v2\/media\/8253"}],"wp:attachment":[{"href":"https:\/\/www.pr-neu.de\/newsroom\/wp-json\/wp\/v2\/media?parent=5166"}],"wp:term":[{"taxonomy":"category","embeddable":true,"href":"https:\/\/www.pr-neu.de\/newsroom\/wp-json\/wp\/v2\/categories?post=5166"},{"taxonomy":"post_tag","embeddable":true,"href":"https:\/\/www.pr-neu.de\/newsroom\/wp-json\/wp\/v2\/tags?post=5166"}],"curies":[{"name":"wp","href":"https:\/\/api.w.org\/{rel}","templated":true}]}}