{"id":508,"date":"2011-03-30T10:41:28","date_gmt":"2011-03-30T08:41:28","guid":{"rendered":"http:\/\/www.pr-nord.de\/newsroom\/?p=508"},"modified":"2020-05-28T16:30:31","modified_gmt":"2020-05-28T14:30:31","slug":"saubere-sache","status":"publish","type":"post","link":"https:\/\/www.pr-neu.de\/newsroom\/saubere-sache\/","title":{"rendered":"Saubere Sache"},"content":{"rendered":"<table border=\"0\" width=\"520\" cellspacing=\"0\" cellpadding=\"0\">\n<tbody>\n<tr>\n<td><span style=\"text-decoration: underline;\">Die Sieger des Lotusan Fassadenpreises 2010 stehen fest<\/span><\/p>\n<p><strong>Saubere Sache<\/strong><\/p>\n<p><strong>Die Gewinner des Lotusan Fassadenpreises 2010 stehen fest. Die f\u00fcnfk\u00f6pfige Jury zeichnete insgesamt zehn optisch und handwerklich herausragende Objekte aus. <\/strong><\/p>\n<p>Zahlreiche Maler und Stuckateure aus ganz Deutschland hatten von September bis Dezember vergangenen Jahres ihre Objekte eingesandt. Neben Ein- und Mehrfamilienh\u00e4usern waren auch \u00f6ffentliche und industrielle Geb\u00e4ude zum Wettbewerb der Sto AG zugelassen. Deutlich wurde anhand der vielen Objekte, dass die Fassadenfarbe Lotusan Geb\u00e4ude \u00fcber Jahre sauber h\u00e4lt. Bei den Sieger-Objekten \u00fcberzeugte die Jury in erster Linie der gestalterische Gesamteindruck. Die \u00e4sthetisch und handwerklich hochwertige Ausf\u00fchrung schwieriger Details war ein weiteres Bewertungskriterium. Pluspunkte vergab die Jury zudem f\u00fcr ged\u00e4mmte Objekte. Die Sieger nehmen an einem Segelwochenende bei Mallorca teil, ihre Siegerobjekte zeigt die Website lotusan.de.<\/p>\n<p><strong>Die Gewinnerobjekte des Lotusan-Fassadenpreises:<\/strong><\/p>\n<p>\u2022 Kindergarten \u201eAlte Schule\u201c in Deizisau: 2010 ged\u00e4mmt und mit Lotusan gestrichen. (Firma Mack, Pliezhausen)<\/p>\n<p>\u2022 Stadthaus in Berlin: 2010 ged\u00e4mmt und Lotusan gestrichen. (Martin Maslowski Dipl. Bauing. GmbH, Berlin)<\/p>\n<p>\u2022 Fairmont Hotel 4 Jahreszeiten in Hamburg: 2000 mit Lotusan gestrichen. (Wilhelm Mayer + Sohn, Hamburg)<\/p>\n<p>\u2022 Mehrfamilienhaus in Hamburg: 2007 ged\u00e4mmt und mit Lotusan gestrichen. (Erich Strahmer GmbH &amp; Co. , Hamburg)<\/p>\n<p>\u2022 Wohnhaus in Essen: 2004 mit Lotusan gestrichen. (Malerbetrieb Helmut Eickhoff, Essen)<\/p>\n<p>\u2022 Villa in Regensburg. 2009 ged\u00e4mmt und mit Lotusan gestrichen. (Rupert Sonnauer GmbH, Barbing)<\/p>\n<p>\u2022 Immobilienb\u00fcro in Heinsberg Kirchhoven: 2007 ged\u00e4mmt und mit Lotusan gestrichen. (Tillmanns Maler &amp; Bautenschutz, Heinsberg)<\/p>\n<p>\u2022 Einfamilienhaus in Weissach: 2010 ged\u00e4mmt und mit Lotusan gestrichen. (Henry Schweizer GmbH, Leonberg)<\/p>\n<p>\u2022 Einfamilienhaus in Erwitte: 2007 ged\u00e4mmt und Lotusan gestrichen. (Weber Stuck &amp; Putz GmbH &amp; Co.KG, Soest)<\/p>\n<p>\u2022 Einfamilienhaus in Villingen-Schwenningen: 2009 ged\u00e4mmt und Lotusan gestrichen. (Hauch GmbH, Villingen-Schwenningen)<\/p>\n<hr noshade=\"noshade\" size=\"1\" \/>\n<p><strong>Die Jury des Lotusan Fassadenpreises<\/strong><\/p>\n<p>\u2022 Prof. Dr. Wilhelm Barthlott, Universit\u00e4t Bonn, Entdecker des Lotus-Effekts,<\/p>\n<p>\u2022 Dipl.-Des. Antje M\u00f6bius, Farbdesignerin, M\u00f6nchzell,<\/p>\n<p>\u2022 Dipl.-Ing. Manuel Schupp, Architekt, Wilford Schupp Architekten, Stuttgart<\/p>\n<p>\u2022 Dipl.-Ing. Klaus Friesch, Architekt, Dozent an der Schule f\u00fcr Farbe und Gestaltung, Stuttgart<\/p>\n<p>\u2022 Dipl.-Betriebswirt Markus Heineke, GeboTherm, Hildesheim<\/p>\n<hr noshade=\"noshade\" size=\"1\" \/>\n<table style=\"height: 25px;\" border=\"0\" width=\"520\" cellspacing=\"0\" cellpadding=\"0\">\n<tbody>\n<tr>\n<td valign=\"top\" width=\"370\" height=\"250\"><a href=\"http:\/\/www.pr-neu.de\/newsroom\/wordpress\/wp-content\/uploads\/2011\/03\/11-18-Hauch-G.jpg\"><img loading=\"lazy\" decoding=\"async\" class=\"size-medium wp-image-13106\" src=\"http:\/\/www.pr-neu.de\/newsroom\/wordpress\/wp-content\/uploads\/2011\/03\/11-18-Hauch-G-300x200.jpg\" alt=\"\" width=\"300\" height=\"200\" srcset=\"https:\/\/www.pr-neu.de\/newsroom\/wordpress\/wp-content\/uploads\/2011\/03\/11-18-Hauch-G-300x200.jpg 300w, https:\/\/www.pr-neu.de\/newsroom\/wordpress\/wp-content\/uploads\/2011\/03\/11-18-Hauch-G-1024x682.jpg 1024w, https:\/\/www.pr-neu.de\/newsroom\/wordpress\/wp-content\/uploads\/2011\/03\/11-18-Hauch-G-768x512.jpg 768w, https:\/\/www.pr-neu.de\/newsroom\/wordpress\/wp-content\/uploads\/2011\/03\/11-18-Hauch-G-1536x1024.jpg 1536w, https:\/\/www.pr-neu.de\/newsroom\/wordpress\/wp-content\/uploads\/2011\/03\/11-18-Hauch-G-110x73.jpg 110w, https:\/\/www.pr-neu.de\/newsroom\/wordpress\/wp-content\/uploads\/2011\/03\/11-18-Hauch-G-420x280.jpg 420w, https:\/\/www.pr-neu.de\/newsroom\/wordpress\/wp-content\/uploads\/2011\/03\/11-18-Hauch-G-645x430.jpg 645w, https:\/\/www.pr-neu.de\/newsroom\/wordpress\/wp-content\/uploads\/2011\/03\/11-18-Hauch-G.jpg 1772w\" sizes=\"auto, (max-width: 300px) 100vw, 300px\" \/><\/a><\/td>\n<td colspan=\"3\" height=\"21\">Einfamilienhaus in Villingen-Schwenningen: 2009 ged\u00e4mmt und mit Lotusan gestrichen. (Hauch GmbH)<\/p>\n<p>Foto: Sto AG<\/td>\n<\/tr>\n<tr>\n<td valign=\"top\" width=\"370\" height=\"250\"><a href=\"http:\/\/www.pr-neu.de\/newsroom\/wordpress\/wp-content\/uploads\/2011\/03\/11-18-Maslowski-G.jpg\"><img loading=\"lazy\" decoding=\"async\" class=\"aligncenter size-medium wp-image-13108\" src=\"http:\/\/www.pr-neu.de\/newsroom\/wordpress\/wp-content\/uploads\/2011\/03\/11-18-Maslowski-G-300x200.jpg\" alt=\"\" width=\"300\" height=\"200\" srcset=\"https:\/\/www.pr-neu.de\/newsroom\/wordpress\/wp-content\/uploads\/2011\/03\/11-18-Maslowski-G-300x200.jpg 300w, https:\/\/www.pr-neu.de\/newsroom\/wordpress\/wp-content\/uploads\/2011\/03\/11-18-Maslowski-G-1024x682.jpg 1024w, https:\/\/www.pr-neu.de\/newsroom\/wordpress\/wp-content\/uploads\/2011\/03\/11-18-Maslowski-G-768x512.jpg 768w, https:\/\/www.pr-neu.de\/newsroom\/wordpress\/wp-content\/uploads\/2011\/03\/11-18-Maslowski-G-1536x1024.jpg 1536w, https:\/\/www.pr-neu.de\/newsroom\/wordpress\/wp-content\/uploads\/2011\/03\/11-18-Maslowski-G-110x73.jpg 110w, https:\/\/www.pr-neu.de\/newsroom\/wordpress\/wp-content\/uploads\/2011\/03\/11-18-Maslowski-G-420x280.jpg 420w, https:\/\/www.pr-neu.de\/newsroom\/wordpress\/wp-content\/uploads\/2011\/03\/11-18-Maslowski-G-645x430.jpg 645w, https:\/\/www.pr-neu.de\/newsroom\/wordpress\/wp-content\/uploads\/2011\/03\/11-18-Maslowski-G.jpg 1772w\" sizes=\"auto, (max-width: 300px) 100vw, 300px\" \/><\/a><\/td>\n<td colspan=\"3\" height=\"21\">Stadthaus in Berlin: 2010 ged\u00e4mmt und mit Lotusan gestrichen. (Martin Maslowski Dipl.Bauing. GmbH)<\/p>\n<p>Foto: Sto AG<\/td>\n<\/tr>\n<tr>\n<td valign=\"top\" width=\"370\" height=\"250\"><a href=\"http:\/\/www.pr-neu.de\/newsroom\/wordpress\/wp-content\/uploads\/2011\/03\/11-18-Mack-G.jpg\"><img loading=\"lazy\" decoding=\"async\" class=\"aligncenter size-medium wp-image-13109\" src=\"http:\/\/www.pr-neu.de\/newsroom\/wordpress\/wp-content\/uploads\/2011\/03\/11-18-Mack-G-300x200.jpg\" alt=\"\" width=\"300\" height=\"200\" srcset=\"https:\/\/www.pr-neu.de\/newsroom\/wordpress\/wp-content\/uploads\/2011\/03\/11-18-Mack-G-300x200.jpg 300w, https:\/\/www.pr-neu.de\/newsroom\/wordpress\/wp-content\/uploads\/2011\/03\/11-18-Mack-G-1024x682.jpg 1024w, https:\/\/www.pr-neu.de\/newsroom\/wordpress\/wp-content\/uploads\/2011\/03\/11-18-Mack-G-768x512.jpg 768w, https:\/\/www.pr-neu.de\/newsroom\/wordpress\/wp-content\/uploads\/2011\/03\/11-18-Mack-G-1536x1024.jpg 1536w, https:\/\/www.pr-neu.de\/newsroom\/wordpress\/wp-content\/uploads\/2011\/03\/11-18-Mack-G-110x73.jpg 110w, https:\/\/www.pr-neu.de\/newsroom\/wordpress\/wp-content\/uploads\/2011\/03\/11-18-Mack-G-420x280.jpg 420w, https:\/\/www.pr-neu.de\/newsroom\/wordpress\/wp-content\/uploads\/2011\/03\/11-18-Mack-G-645x430.jpg 645w, https:\/\/www.pr-neu.de\/newsroom\/wordpress\/wp-content\/uploads\/2011\/03\/11-18-Mack-G.jpg 1772w\" sizes=\"auto, (max-width: 300px) 100vw, 300px\" \/><\/a><\/td>\n<td colspan=\"3\" height=\"21\">Kindergarten \u201eAlte Schule\u201c in Deizisau: 2010 ged\u00e4mmt und mit Lotusan gestrichen. (Firma Mack)<\/p>\n<p>Foto: Sto AG<\/td>\n<\/tr>\n<tr>\n<td valign=\"top\" width=\"370\" height=\"250\"><a href=\"http:\/\/www.pr-neu.de\/newsroom\/wordpress\/wp-content\/uploads\/2011\/03\/11-18-Eickhoff_G.jpg\"><img loading=\"lazy\" decoding=\"async\" class=\"aligncenter size-medium wp-image-13110\" src=\"http:\/\/www.pr-neu.de\/newsroom\/wordpress\/wp-content\/uploads\/2011\/03\/11-18-Eickhoff_G-300x200.jpg\" alt=\"\" width=\"300\" height=\"200\" srcset=\"https:\/\/www.pr-neu.de\/newsroom\/wordpress\/wp-content\/uploads\/2011\/03\/11-18-Eickhoff_G-300x200.jpg 300w, https:\/\/www.pr-neu.de\/newsroom\/wordpress\/wp-content\/uploads\/2011\/03\/11-18-Eickhoff_G-1024x682.jpg 1024w, https:\/\/www.pr-neu.de\/newsroom\/wordpress\/wp-content\/uploads\/2011\/03\/11-18-Eickhoff_G-768x512.jpg 768w, https:\/\/www.pr-neu.de\/newsroom\/wordpress\/wp-content\/uploads\/2011\/03\/11-18-Eickhoff_G-1536x1024.jpg 1536w, https:\/\/www.pr-neu.de\/newsroom\/wordpress\/wp-content\/uploads\/2011\/03\/11-18-Eickhoff_G-110x73.jpg 110w, https:\/\/www.pr-neu.de\/newsroom\/wordpress\/wp-content\/uploads\/2011\/03\/11-18-Eickhoff_G-420x280.jpg 420w, https:\/\/www.pr-neu.de\/newsroom\/wordpress\/wp-content\/uploads\/2011\/03\/11-18-Eickhoff_G-645x430.jpg 645w, https:\/\/www.pr-neu.de\/newsroom\/wordpress\/wp-content\/uploads\/2011\/03\/11-18-Eickhoff_G.jpg 1772w\" sizes=\"auto, (max-width: 300px) 100vw, 300px\" \/><\/a><\/td>\n<td colspan=\"3\" height=\"21\">Wohnhaus in Essen: 2004 mit Lotusan gestrichen. (Malerbetrieb Helmut Eickhoff)<\/p>\n<p>Foto: Sto AG<\/td>\n<\/tr>\n<tr>\n<td valign=\"top\" width=\"370\" height=\"250\"><a href=\"http:\/\/www.pr-neu.de\/newsroom\/wordpress\/wp-content\/uploads\/2011\/03\/11-18-Jury_G.jpg\"><img loading=\"lazy\" decoding=\"async\" class=\"aligncenter size-medium wp-image-13111\" src=\"http:\/\/www.pr-neu.de\/newsroom\/wordpress\/wp-content\/uploads\/2011\/03\/11-18-Jury_G-300x200.jpg\" alt=\"\" width=\"300\" height=\"200\" srcset=\"https:\/\/www.pr-neu.de\/newsroom\/wordpress\/wp-content\/uploads\/2011\/03\/11-18-Jury_G-300x200.jpg 300w, https:\/\/www.pr-neu.de\/newsroom\/wordpress\/wp-content\/uploads\/2011\/03\/11-18-Jury_G-1024x682.jpg 1024w, https:\/\/www.pr-neu.de\/newsroom\/wordpress\/wp-content\/uploads\/2011\/03\/11-18-Jury_G-768x512.jpg 768w, https:\/\/www.pr-neu.de\/newsroom\/wordpress\/wp-content\/uploads\/2011\/03\/11-18-Jury_G-1536x1024.jpg 1536w, https:\/\/www.pr-neu.de\/newsroom\/wordpress\/wp-content\/uploads\/2011\/03\/11-18-Jury_G-110x73.jpg 110w, https:\/\/www.pr-neu.de\/newsroom\/wordpress\/wp-content\/uploads\/2011\/03\/11-18-Jury_G-420x280.jpg 420w, https:\/\/www.pr-neu.de\/newsroom\/wordpress\/wp-content\/uploads\/2011\/03\/11-18-Jury_G-645x430.jpg 645w, https:\/\/www.pr-neu.de\/newsroom\/wordpress\/wp-content\/uploads\/2011\/03\/11-18-Jury_G.jpg 1772w\" sizes=\"auto, (max-width: 300px) 100vw, 300px\" \/><\/a><\/td>\n<td colspan=\"3\" height=\"21\">Die Jury des Lotusan Fassadenpreises 2010 (v.l.): Dipl.-Des. Antje M\u00f6bius, Dipl.-Ing. Klaus Friesch, Dipl.-Ing. Manuel Schupp, Dipl.-Betriebswirt Markus Heineke, und Prof. Dr. Wilhelm Barthlott.<\/p>\n<p>Foto: Sto AG<\/td>\n<\/tr>\n<tr>\n<td valign=\"top\" width=\"370\" height=\"250\"><a href=\"http:\/\/www.pr-neu.de\/newsroom\/wordpress\/wp-content\/uploads\/2011\/03\/11-18-Jury-2_G.jpg\"><img loading=\"lazy\" decoding=\"async\" class=\"aligncenter size-medium wp-image-13112\" src=\"http:\/\/www.pr-neu.de\/newsroom\/wordpress\/wp-content\/uploads\/2011\/03\/11-18-Jury-2_G-300x200.jpg\" alt=\"\" width=\"300\" height=\"200\" srcset=\"https:\/\/www.pr-neu.de\/newsroom\/wordpress\/wp-content\/uploads\/2011\/03\/11-18-Jury-2_G-300x200.jpg 300w, https:\/\/www.pr-neu.de\/newsroom\/wordpress\/wp-content\/uploads\/2011\/03\/11-18-Jury-2_G-1024x682.jpg 1024w, https:\/\/www.pr-neu.de\/newsroom\/wordpress\/wp-content\/uploads\/2011\/03\/11-18-Jury-2_G-768x512.jpg 768w, https:\/\/www.pr-neu.de\/newsroom\/wordpress\/wp-content\/uploads\/2011\/03\/11-18-Jury-2_G-1536x1024.jpg 1536w, https:\/\/www.pr-neu.de\/newsroom\/wordpress\/wp-content\/uploads\/2011\/03\/11-18-Jury-2_G-110x73.jpg 110w, https:\/\/www.pr-neu.de\/newsroom\/wordpress\/wp-content\/uploads\/2011\/03\/11-18-Jury-2_G-420x280.jpg 420w, https:\/\/www.pr-neu.de\/newsroom\/wordpress\/wp-content\/uploads\/2011\/03\/11-18-Jury-2_G-645x430.jpg 645w, https:\/\/www.pr-neu.de\/newsroom\/wordpress\/wp-content\/uploads\/2011\/03\/11-18-Jury-2_G.jpg 1772w\" sizes=\"auto, (max-width: 300px) 100vw, 300px\" \/><\/a><\/td>\n<td colspan=\"3\" height=\"21\">Die Jury w\u00e4hrend der Bewertung der Objekte.<\/p>\n<p>Foto: Sto AG<\/td>\n<\/tr>\n<tr>\n<td valign=\"top\" width=\"370\" height=\"250\"><a href=\"http:\/\/www.pr-neu.de\/newsroom\/wordpress\/wp-content\/uploads\/2011\/03\/11-18-Lotusan-Preis_G.jpg\"><img loading=\"lazy\" decoding=\"async\" class=\"aligncenter size-medium wp-image-13113\" src=\"http:\/\/www.pr-neu.de\/newsroom\/wordpress\/wp-content\/uploads\/2011\/03\/11-18-Lotusan-Preis_G-201x300.jpg\" alt=\"\" width=\"201\" height=\"300\" srcset=\"https:\/\/www.pr-neu.de\/newsroom\/wordpress\/wp-content\/uploads\/2011\/03\/11-18-Lotusan-Preis_G-201x300.jpg 201w, https:\/\/www.pr-neu.de\/newsroom\/wordpress\/wp-content\/uploads\/2011\/03\/11-18-Lotusan-Preis_G-687x1024.jpg 687w, https:\/\/www.pr-neu.de\/newsroom\/wordpress\/wp-content\/uploads\/2011\/03\/11-18-Lotusan-Preis_G-768x1144.jpg 768w, https:\/\/www.pr-neu.de\/newsroom\/wordpress\/wp-content\/uploads\/2011\/03\/11-18-Lotusan-Preis_G-1031x1536.jpg 1031w, https:\/\/www.pr-neu.de\/newsroom\/wordpress\/wp-content\/uploads\/2011\/03\/11-18-Lotusan-Preis_G-74x110.jpg 74w, https:\/\/www.pr-neu.de\/newsroom\/wordpress\/wp-content\/uploads\/2011\/03\/11-18-Lotusan-Preis_G-282x420.jpg 282w, https:\/\/www.pr-neu.de\/newsroom\/wordpress\/wp-content\/uploads\/2011\/03\/11-18-Lotusan-Preis_G-289x430.jpg 289w, https:\/\/www.pr-neu.de\/newsroom\/wordpress\/wp-content\/uploads\/2011\/03\/11-18-Lotusan-Preis_G.jpg 1205w\" sizes=\"auto, (max-width: 201px) 100vw, 201px\" \/><\/a><\/td>\n<td colspan=\"3\" height=\"21\">Die Troph\u00e4e: Der Lotusan-Fassadenpreis.<\/p>\n<p>Foto: Sto AG<\/td>\n<\/tr>\n<\/tbody>\n<\/table>\n<hr noshade=\"noshade\" size=\"1\" \/>\n<p>Abdruck honorarfrei, Belegexemplar erbeten<\/td>\n<\/tr>\n<tr>\n<td><\/td>\n<\/tr>\n<\/tbody>\n<\/table>\n<table border=\"0\" width=\"95{ab9cb22b1639c68dfef7c1751c9d63405358944ce3964465eb35eb6b5b6beaaa}\">\n<tbody>\n<tr>\n<td><!-- AddThis Button BEGIN --><\/p>\n<div class=\"addthis_toolbox addthis_default_style\"><\/div>\n<p>&nbsp;<\/td>\n<\/tr>\n<\/tbody>\n<\/table>\n","protected":false},"excerpt":{"rendered":"<p>Die Sieger des Lotusan Fassadenpreises 2010 stehen fest Saubere Sache Die Gewinner des Lotusan Fassadenpreises 2010 stehen fest. Die f\u00fcnfk\u00f6pfige Jury zeichnete insgesamt zehn optisch und handwerklich herausragende Objekte aus. Zahlreiche Maler und Stuckateure aus ganz Deutschland hatten von September bis Dezember vergangenen Jahres ihre Objekte eingesandt. Neben Ein- und Mehrfamilienh\u00e4usern waren auch \u00f6ffentliche und [&hellip;]<\/p>\n","protected":false},"author":6,"featured_media":0,"comment_status":"closed","ping_status":"open","sticky":false,"template":"","format":"standard","meta":{"footnotes":""},"categories":[3,15],"tags":[187,190,228,310,345,504,505],"class_list":["post-508","post","type-post","status-publish","format-standard","hentry","category-kundenmeldungen","category-sto","tag-fassade","tag-fassadenpreis","tag-gewinner","tag-jury","tag-lotusan","tag-sto-2","tag-sto-ag"],"_links":{"self":[{"href":"https:\/\/www.pr-neu.de\/newsroom\/wp-json\/wp\/v2\/posts\/508","targetHints":{"allow":["GET"]}}],"collection":[{"href":"https:\/\/www.pr-neu.de\/newsroom\/wp-json\/wp\/v2\/posts"}],"about":[{"href":"https:\/\/www.pr-neu.de\/newsroom\/wp-json\/wp\/v2\/types\/post"}],"author":[{"embeddable":true,"href":"https:\/\/www.pr-neu.de\/newsroom\/wp-json\/wp\/v2\/users\/6"}],"replies":[{"embeddable":true,"href":"https:\/\/www.pr-neu.de\/newsroom\/wp-json\/wp\/v2\/comments?post=508"}],"version-history":[{"count":4,"href":"https:\/\/www.pr-neu.de\/newsroom\/wp-json\/wp\/v2\/posts\/508\/revisions"}],"predecessor-version":[{"id":13114,"href":"https:\/\/www.pr-neu.de\/newsroom\/wp-json\/wp\/v2\/posts\/508\/revisions\/13114"}],"wp:attachment":[{"href":"https:\/\/www.pr-neu.de\/newsroom\/wp-json\/wp\/v2\/media?parent=508"}],"wp:term":[{"taxonomy":"category","embeddable":true,"href":"https:\/\/www.pr-neu.de\/newsroom\/wp-json\/wp\/v2\/categories?post=508"},{"taxonomy":"post_tag","embeddable":true,"href":"https:\/\/www.pr-neu.de\/newsroom\/wp-json\/wp\/v2\/tags?post=508"}],"curies":[{"name":"wp","href":"https:\/\/api.w.org\/{rel}","templated":true}]}}