{"id":5075,"date":"2017-04-19T07:44:42","date_gmt":"2017-04-19T07:44:42","guid":{"rendered":"http:\/\/www.pr-nord.de\/newsroom\/?p=5075"},"modified":"2020-05-26T16:58:50","modified_gmt":"2020-05-26T14:58:50","slug":"schoener-hoeren","status":"publish","type":"post","link":"https:\/\/www.pr-neu.de\/newsroom\/schoener-hoeren\/","title":{"rendered":"Sch\u00f6ner h\u00f6ren"},"content":{"rendered":"<table border=\"0\" width=\"520\" cellspacing=\"0\" cellpadding=\"0\">\n<tbody>\n<tr>\n<td><u>Das Akustiksegel StoSilent Modular 230 setzt auch optische Akzente<\/u><\/p>\n<p><strong>Sch\u00f6ner h\u00f6ren<\/strong><\/p>\n<p><strong>Ob wir uns in einem Raum wohlf\u00fchlen, dar\u00fcber entscheidet nicht nur unser Auge. Auch die Raumakustik spielt eine wichtige Rolle bei der Frage, ob wir seine Atmosph\u00e4re als angenehm empfinden. Mit StoSilent Modular 230 l\u00e4sst sich der Klang eines Raumes einfach und schnell positiv beeinflussen \u2013 auch in bereits bezogenen B\u00fcror\u00e4umen. Das an der Decke oder Wand montierbare, schallabsorbierende Akustiksegel mit einer Tr\u00e4gerplatte aus Bl\u00e4hglasgranulat reguliert den Nachhall, mindert so den L\u00e4rm und er\u00f6ffnet dem Planer mit einer Vielzahl an Formen und Farben gestalterische Freiheit.<\/strong><\/p>\n<p>Die moderne Innenarchitektur ist gepr\u00e4gt von glatten Oberfl\u00e4chen: Gro\u00dfe Fenster, Sichtbeton oder Natursteinb\u00f6den liegen im Trend. Dabei handelt es sich um sogenannte schallharte Oberfl\u00e4chen, die den Schall reflektieren und als Nachhall zur\u00fcckwerfen \u2013 ein Echo entsteht. W\u00e4hrend vor einigen Jahren bei der Raumgestaltung noch schallschluckende Teppichb\u00f6den und Vorh\u00e4nge verwendet wurden, m\u00fcssen heute andere l\u00e4rmreduzierende Ma\u00dfnahmen ergriffen werden. Eine einfache L\u00f6sung ist das flexibel einsetzbare Akustiksegel StoSilent Modular 230. Es wird mit Drahtseilabh\u00e4ngern in kurzer Zeit an die Decke montiert \u2013 \u00fcberall dort, wo viele Menschen aufeinander treffen und ein gewisser L\u00e4rmpegel unvermeidbar ist: In B\u00fcror\u00e4umen, Schulen und Kinderg\u00e4rten ebenso wie in Restaurants und Einkaufszentren. Die beschichteten Akustikelemente bestehen aus den Komponenten der Brandklassen A2-s1d0 (nichtbrennbare Tr\u00e4gerplatte) und C-s3d0 (schwer entflammbare Auflage aus PET-Faserplatte).<\/p>\n<p><strong>Form und Farbe w\u00e4hlbar<\/strong><\/p>\n<p>StoSilent Modular 230 ist in den Standardformaten 2400 x 1200 mm, 2400 x 800 mm, 1200 x 1200 mm, als rundes Segel mit einem Durchmesser von 1200 mm sowie in zahlreichen Sonder- und Freiformen erh\u00e4ltlich. Die werkseitig mit einer fein strukturierten Farbe beschichtete Tr\u00e4gerplatte verf\u00fcgt \u00fcber eine vlieskaschierte Zierleiste. Auch was die Farbgestaltung angeht, l\u00e4sst das Segel kaum W\u00fcnsche offen: F\u00fcr die werkseitig applizierte Schlussbeschichtung stehen alle 800 Farbt\u00f6ne des StoColor Systems zur Wahl.<\/p>\n<p>&nbsp;<\/p>\n<hr noshade=\"noshade\" size=\"1\" \/>\n<p>&nbsp;<\/p>\n<table border=\"0\" width=\"520\" cellspacing=\"0\" cellpadding=\"0\">\n<tbody>\n<tr>\n<td valign=\"top\" width=\"370\" height=\"25\"><a href=\"http:\/\/www.pr-neu.de\/newsroom\/wordpress\/wp-content\/uploads\/2017\/04\/17-25-SilentModular230_08_G.jpg\"><img loading=\"lazy\" decoding=\"async\" class=\"size-medium wp-image-12386\" src=\"http:\/\/www.pr-neu.de\/newsroom\/wordpress\/wp-content\/uploads\/2017\/04\/17-25-SilentModular230_08_G-300x175.jpg\" alt=\"\" width=\"300\" height=\"175\" srcset=\"https:\/\/www.pr-neu.de\/newsroom\/wordpress\/wp-content\/uploads\/2017\/04\/17-25-SilentModular230_08_G-300x175.jpg 300w, https:\/\/www.pr-neu.de\/newsroom\/wordpress\/wp-content\/uploads\/2017\/04\/17-25-SilentModular230_08_G-1024x599.jpg 1024w, https:\/\/www.pr-neu.de\/newsroom\/wordpress\/wp-content\/uploads\/2017\/04\/17-25-SilentModular230_08_G-768x449.jpg 768w, https:\/\/www.pr-neu.de\/newsroom\/wordpress\/wp-content\/uploads\/2017\/04\/17-25-SilentModular230_08_G-1536x898.jpg 1536w, https:\/\/www.pr-neu.de\/newsroom\/wordpress\/wp-content\/uploads\/2017\/04\/17-25-SilentModular230_08_G-110x64.jpg 110w, https:\/\/www.pr-neu.de\/newsroom\/wordpress\/wp-content\/uploads\/2017\/04\/17-25-SilentModular230_08_G-420x246.jpg 420w, https:\/\/www.pr-neu.de\/newsroom\/wordpress\/wp-content\/uploads\/2017\/04\/17-25-SilentModular230_08_G-735x430.jpg 735w, https:\/\/www.pr-neu.de\/newsroom\/wordpress\/wp-content\/uploads\/2017\/04\/17-25-SilentModular230_08_G.jpg 1795w\" sizes=\"auto, (max-width: 300px) 100vw, 300px\" \/><\/a><\/p>\n<p>&nbsp;<\/td>\n<td colspan=\"3\" valign=\"top\" height=\"21\">Fertig aufgeh\u00e4ngtes Deckensegel<\/p>\n<p>Foto: Martin Baitinger B\u00f6blingen \/ Sto SE &amp; Co. KGaA<\/p>\n<p>&nbsp;<\/td>\n<\/tr>\n<tr>\n<td valign=\"top\" width=\"370\" height=\"25\"><a href=\"http:\/\/www.pr-neu.de\/newsroom\/wordpress\/wp-content\/uploads\/2017\/04\/17-25-SilentModular230_07_G.jpg\"><img loading=\"lazy\" decoding=\"async\" class=\"size-medium wp-image-12385\" src=\"http:\/\/www.pr-neu.de\/newsroom\/wordpress\/wp-content\/uploads\/2017\/04\/17-25-SilentModular230_07_G-300x209.jpg\" alt=\"\" width=\"300\" height=\"209\" srcset=\"https:\/\/www.pr-neu.de\/newsroom\/wordpress\/wp-content\/uploads\/2017\/04\/17-25-SilentModular230_07_G-300x209.jpg 300w, https:\/\/www.pr-neu.de\/newsroom\/wordpress\/wp-content\/uploads\/2017\/04\/17-25-SilentModular230_07_G-1024x713.jpg 1024w, https:\/\/www.pr-neu.de\/newsroom\/wordpress\/wp-content\/uploads\/2017\/04\/17-25-SilentModular230_07_G-768x534.jpg 768w, https:\/\/www.pr-neu.de\/newsroom\/wordpress\/wp-content\/uploads\/2017\/04\/17-25-SilentModular230_07_G-1536x1069.jpg 1536w, https:\/\/www.pr-neu.de\/newsroom\/wordpress\/wp-content\/uploads\/2017\/04\/17-25-SilentModular230_07_G-110x77.jpg 110w, https:\/\/www.pr-neu.de\/newsroom\/wordpress\/wp-content\/uploads\/2017\/04\/17-25-SilentModular230_07_G-420x292.jpg 420w, https:\/\/www.pr-neu.de\/newsroom\/wordpress\/wp-content\/uploads\/2017\/04\/17-25-SilentModular230_07_G-618x430.jpg 618w, https:\/\/www.pr-neu.de\/newsroom\/wordpress\/wp-content\/uploads\/2017\/04\/17-25-SilentModular230_07_G.jpg 1795w\" sizes=\"auto, (max-width: 300px) 100vw, 300px\" \/><\/a><\/p>\n<p>&nbsp;<\/td>\n<td colspan=\"3\" valign=\"top\" height=\"21\">Alle vier Seilabh\u00e4nger final justieren und fertig: Das Akustikdeckensegel mit seiner vlieskaschierten Kante setzt auch optisch Akzente.<\/p>\n<p>Foto: Martin Baitinger B\u00f6blingen \/ Sto SE &amp; Co. KGaA<\/p>\n<p>&nbsp;<\/td>\n<\/tr>\n<tr>\n<td valign=\"top\" width=\"370\" height=\"25\"><a href=\"http:\/\/www.pr-neu.de\/newsroom\/wordpress\/wp-content\/uploads\/2017\/04\/17-25-SilentModular230_01_G.jpg\"><img loading=\"lazy\" decoding=\"async\" class=\"size-medium wp-image-12378\" src=\"http:\/\/www.pr-neu.de\/newsroom\/wordpress\/wp-content\/uploads\/2017\/04\/17-25-SilentModular230_01_G-300x200.jpg\" alt=\"\" width=\"300\" height=\"200\" srcset=\"https:\/\/www.pr-neu.de\/newsroom\/wordpress\/wp-content\/uploads\/2017\/04\/17-25-SilentModular230_01_G-300x200.jpg 300w, https:\/\/www.pr-neu.de\/newsroom\/wordpress\/wp-content\/uploads\/2017\/04\/17-25-SilentModular230_01_G-1024x683.jpg 1024w, https:\/\/www.pr-neu.de\/newsroom\/wordpress\/wp-content\/uploads\/2017\/04\/17-25-SilentModular230_01_G-768x512.jpg 768w, https:\/\/www.pr-neu.de\/newsroom\/wordpress\/wp-content\/uploads\/2017\/04\/17-25-SilentModular230_01_G-1536x1024.jpg 1536w, https:\/\/www.pr-neu.de\/newsroom\/wordpress\/wp-content\/uploads\/2017\/04\/17-25-SilentModular230_01_G-110x73.jpg 110w, https:\/\/www.pr-neu.de\/newsroom\/wordpress\/wp-content\/uploads\/2017\/04\/17-25-SilentModular230_01_G-420x280.jpg 420w, https:\/\/www.pr-neu.de\/newsroom\/wordpress\/wp-content\/uploads\/2017\/04\/17-25-SilentModular230_01_G-645x430.jpg 645w, https:\/\/www.pr-neu.de\/newsroom\/wordpress\/wp-content\/uploads\/2017\/04\/17-25-SilentModular230_01_G.jpg 1795w\" sizes=\"auto, (max-width: 300px) 100vw, 300px\" \/><\/a><\/p>\n<p>&nbsp;<\/td>\n<td colspan=\"3\" valign=\"top\" height=\"21\">Deckenbefestiger verschrauben.<\/p>\n<p>Foto: Martin Baitinger B\u00f6blingen \/ Sto SE &amp; Co. KGaA<\/p>\n<p>&nbsp;<\/td>\n<\/tr>\n<tr>\n<td valign=\"top\" width=\"370\" height=\"25\"><a href=\"http:\/\/www.pr-neu.de\/newsroom\/wordpress\/wp-content\/uploads\/2017\/04\/17-25-SilentModular230_02_G.jpg\"><img loading=\"lazy\" decoding=\"async\" class=\"size-medium wp-image-12379\" src=\"http:\/\/www.pr-neu.de\/newsroom\/wordpress\/wp-content\/uploads\/2017\/04\/17-25-SilentModular230_02_G-300x200.jpg\" alt=\"\" width=\"300\" height=\"200\" srcset=\"https:\/\/www.pr-neu.de\/newsroom\/wordpress\/wp-content\/uploads\/2017\/04\/17-25-SilentModular230_02_G-300x200.jpg 300w, https:\/\/www.pr-neu.de\/newsroom\/wordpress\/wp-content\/uploads\/2017\/04\/17-25-SilentModular230_02_G-1024x683.jpg 1024w, https:\/\/www.pr-neu.de\/newsroom\/wordpress\/wp-content\/uploads\/2017\/04\/17-25-SilentModular230_02_G-768x512.jpg 768w, https:\/\/www.pr-neu.de\/newsroom\/wordpress\/wp-content\/uploads\/2017\/04\/17-25-SilentModular230_02_G-1536x1024.jpg 1536w, https:\/\/www.pr-neu.de\/newsroom\/wordpress\/wp-content\/uploads\/2017\/04\/17-25-SilentModular230_02_G-110x73.jpg 110w, https:\/\/www.pr-neu.de\/newsroom\/wordpress\/wp-content\/uploads\/2017\/04\/17-25-SilentModular230_02_G-420x280.jpg 420w, https:\/\/www.pr-neu.de\/newsroom\/wordpress\/wp-content\/uploads\/2017\/04\/17-25-SilentModular230_02_G-645x430.jpg 645w, https:\/\/www.pr-neu.de\/newsroom\/wordpress\/wp-content\/uploads\/2017\/04\/17-25-SilentModular230_02_G.jpg 1795w\" sizes=\"auto, (max-width: 300px) 100vw, 300px\" \/><\/a><\/p>\n<p>&nbsp;<\/td>\n<td colspan=\"3\" valign=\"top\" height=\"21\">Drahtseil in den Schienengleiter einf\u00e4deln.<\/p>\n<p>Foto: Martin Baitinger B\u00f6blingen \/ Sto SE &amp; Co. KGaA<\/p>\n<p>&nbsp;<\/td>\n<\/tr>\n<tr>\n<td valign=\"top\" width=\"370\" height=\"25\"><a href=\"http:\/\/www.pr-neu.de\/newsroom\/wordpress\/wp-content\/uploads\/2017\/04\/17-25-SilentModular230_03_G.jpg\"><img loading=\"lazy\" decoding=\"async\" class=\"size-medium wp-image-12380\" src=\"http:\/\/www.pr-neu.de\/newsroom\/wordpress\/wp-content\/uploads\/2017\/04\/17-25-SilentModular230_03_G-300x200.jpg\" alt=\"\" width=\"300\" height=\"200\" srcset=\"https:\/\/www.pr-neu.de\/newsroom\/wordpress\/wp-content\/uploads\/2017\/04\/17-25-SilentModular230_03_G-300x200.jpg 300w, https:\/\/www.pr-neu.de\/newsroom\/wordpress\/wp-content\/uploads\/2017\/04\/17-25-SilentModular230_03_G-1024x683.jpg 1024w, https:\/\/www.pr-neu.de\/newsroom\/wordpress\/wp-content\/uploads\/2017\/04\/17-25-SilentModular230_03_G-768x512.jpg 768w, https:\/\/www.pr-neu.de\/newsroom\/wordpress\/wp-content\/uploads\/2017\/04\/17-25-SilentModular230_03_G-1536x1024.jpg 1536w, https:\/\/www.pr-neu.de\/newsroom\/wordpress\/wp-content\/uploads\/2017\/04\/17-25-SilentModular230_03_G-110x73.jpg 110w, https:\/\/www.pr-neu.de\/newsroom\/wordpress\/wp-content\/uploads\/2017\/04\/17-25-SilentModular230_03_G-420x280.jpg 420w, https:\/\/www.pr-neu.de\/newsroom\/wordpress\/wp-content\/uploads\/2017\/04\/17-25-SilentModular230_03_G-645x430.jpg 645w, https:\/\/www.pr-neu.de\/newsroom\/wordpress\/wp-content\/uploads\/2017\/04\/17-25-SilentModular230_03_G.jpg 1795w\" sizes=\"auto, (max-width: 300px) 100vw, 300px\" \/><\/a><\/p>\n<p>&nbsp;<\/td>\n<td colspan=\"3\" valign=\"top\" height=\"21\">Schienengleiter mit dem Seilabh\u00e4nger verbinden.<\/p>\n<p>Foto: Martin Baitinger B\u00f6blingen \/ Sto SE &amp; Co. KGaA<\/p>\n<p>&nbsp;<\/td>\n<\/tr>\n<tr>\n<td valign=\"top\" width=\"370\" height=\"25\"><a href=\"http:\/\/www.pr-neu.de\/newsroom\/wordpress\/wp-content\/uploads\/2017\/04\/17-25-SilentModular230_04_G.jpg\"><img loading=\"lazy\" decoding=\"async\" class=\"size-medium wp-image-12381\" src=\"http:\/\/www.pr-neu.de\/newsroom\/wordpress\/wp-content\/uploads\/2017\/04\/17-25-SilentModular230_04_G-300x200.jpg\" alt=\"\" width=\"300\" height=\"200\" srcset=\"https:\/\/www.pr-neu.de\/newsroom\/wordpress\/wp-content\/uploads\/2017\/04\/17-25-SilentModular230_04_G-300x200.jpg 300w, https:\/\/www.pr-neu.de\/newsroom\/wordpress\/wp-content\/uploads\/2017\/04\/17-25-SilentModular230_04_G-1024x683.jpg 1024w, https:\/\/www.pr-neu.de\/newsroom\/wordpress\/wp-content\/uploads\/2017\/04\/17-25-SilentModular230_04_G-768x512.jpg 768w, https:\/\/www.pr-neu.de\/newsroom\/wordpress\/wp-content\/uploads\/2017\/04\/17-25-SilentModular230_04_G-1536x1024.jpg 1536w, https:\/\/www.pr-neu.de\/newsroom\/wordpress\/wp-content\/uploads\/2017\/04\/17-25-SilentModular230_04_G-110x73.jpg 110w, https:\/\/www.pr-neu.de\/newsroom\/wordpress\/wp-content\/uploads\/2017\/04\/17-25-SilentModular230_04_G-420x280.jpg 420w, https:\/\/www.pr-neu.de\/newsroom\/wordpress\/wp-content\/uploads\/2017\/04\/17-25-SilentModular230_04_G-645x430.jpg 645w, https:\/\/www.pr-neu.de\/newsroom\/wordpress\/wp-content\/uploads\/2017\/04\/17-25-SilentModular230_04_G.jpg 1795w\" sizes=\"auto, (max-width: 300px) 100vw, 300px\" \/><\/a><\/p>\n<p>&nbsp;<\/td>\n<td colspan=\"3\" valign=\"top\" height=\"21\">Schienengleiter in Schiene einf\u00fchren und an die gew\u00fcnschte Position schieben.Foto: Martin Baitinger B\u00f6blingen \/ Sto SE &amp; Co. KGaA<\/p>\n<p>&nbsp;<\/td>\n<\/tr>\n<tr>\n<td valign=\"top\" width=\"370\" height=\"25\"><a href=\"http:\/\/www.pr-neu.de\/newsroom\/wordpress\/wp-content\/uploads\/2017\/04\/17-25-SilentModular230_05_G.jpg\"><img loading=\"lazy\" decoding=\"async\" class=\"size-medium wp-image-12382\" src=\"http:\/\/www.pr-neu.de\/newsroom\/wordpress\/wp-content\/uploads\/2017\/04\/17-25-SilentModular230_05_G-300x214.jpg\" alt=\"\" width=\"300\" height=\"214\" srcset=\"https:\/\/www.pr-neu.de\/newsroom\/wordpress\/wp-content\/uploads\/2017\/04\/17-25-SilentModular230_05_G-300x214.jpg 300w, https:\/\/www.pr-neu.de\/newsroom\/wordpress\/wp-content\/uploads\/2017\/04\/17-25-SilentModular230_05_G-1024x729.jpg 1024w, https:\/\/www.pr-neu.de\/newsroom\/wordpress\/wp-content\/uploads\/2017\/04\/17-25-SilentModular230_05_G-768x547.jpg 768w, https:\/\/www.pr-neu.de\/newsroom\/wordpress\/wp-content\/uploads\/2017\/04\/17-25-SilentModular230_05_G-1536x1094.jpg 1536w, https:\/\/www.pr-neu.de\/newsroom\/wordpress\/wp-content\/uploads\/2017\/04\/17-25-SilentModular230_05_G-110x78.jpg 110w, https:\/\/www.pr-neu.de\/newsroom\/wordpress\/wp-content\/uploads\/2017\/04\/17-25-SilentModular230_05_G-420x299.jpg 420w, https:\/\/www.pr-neu.de\/newsroom\/wordpress\/wp-content\/uploads\/2017\/04\/17-25-SilentModular230_05_G-604x430.jpg 604w, https:\/\/www.pr-neu.de\/newsroom\/wordpress\/wp-content\/uploads\/2017\/04\/17-25-SilentModular230_05_G.jpg 1795w\" sizes=\"auto, (max-width: 300px) 100vw, 300px\" \/><\/a><\/p>\n<p>&nbsp;<\/td>\n<td colspan=\"3\" valign=\"top\" height=\"21\">Drahtseil bis zur gew\u00fcnschten L\u00e4nge einstellen.<\/p>\n<p>Foto: Martin Baitinger B\u00f6blingen \/ Sto SE &amp; Co. KGaA<\/p>\n<p>&nbsp;<\/td>\n<\/tr>\n<tr>\n<td valign=\"top\" width=\"370\" height=\"25\"><a href=\"http:\/\/www.pr-neu.de\/newsroom\/wordpress\/wp-content\/uploads\/2017\/04\/17-25-SilentModular230_06_G.jpg\"><img loading=\"lazy\" decoding=\"async\" class=\"size-medium wp-image-12383\" src=\"http:\/\/www.pr-neu.de\/newsroom\/wordpress\/wp-content\/uploads\/2017\/04\/17-25-SilentModular230_06_G-300x200.jpg\" alt=\"\" width=\"300\" height=\"200\" srcset=\"https:\/\/www.pr-neu.de\/newsroom\/wordpress\/wp-content\/uploads\/2017\/04\/17-25-SilentModular230_06_G-300x200.jpg 300w, https:\/\/www.pr-neu.de\/newsroom\/wordpress\/wp-content\/uploads\/2017\/04\/17-25-SilentModular230_06_G-1024x683.jpg 1024w, https:\/\/www.pr-neu.de\/newsroom\/wordpress\/wp-content\/uploads\/2017\/04\/17-25-SilentModular230_06_G-768x512.jpg 768w, https:\/\/www.pr-neu.de\/newsroom\/wordpress\/wp-content\/uploads\/2017\/04\/17-25-SilentModular230_06_G-1536x1024.jpg 1536w, https:\/\/www.pr-neu.de\/newsroom\/wordpress\/wp-content\/uploads\/2017\/04\/17-25-SilentModular230_06_G-110x73.jpg 110w, https:\/\/www.pr-neu.de\/newsroom\/wordpress\/wp-content\/uploads\/2017\/04\/17-25-SilentModular230_06_G-420x280.jpg 420w, https:\/\/www.pr-neu.de\/newsroom\/wordpress\/wp-content\/uploads\/2017\/04\/17-25-SilentModular230_06_G-645x430.jpg 645w, https:\/\/www.pr-neu.de\/newsroom\/wordpress\/wp-content\/uploads\/2017\/04\/17-25-SilentModular230_06_G.jpg 1795w\" sizes=\"auto, (max-width: 300px) 100vw, 300px\" \/><\/a><\/p>\n<p>&nbsp;<\/td>\n<td colspan=\"3\" valign=\"top\" height=\"21\">Schraubkappe in den Deckenbefestiger schrauben.<\/p>\n<p>Foto: Martin Baitinger B\u00f6blingen \/ Sto SE &amp; Co. KGaA<\/p>\n<p>&nbsp;<\/td>\n<\/tr>\n<\/tbody>\n<\/table>\n<p>&nbsp;<\/p>\n<hr noshade=\"noshade\" size=\"1\" \/>\n<p>&nbsp;<\/p>\n<p>Abdruck honorarfrei<br \/>\nBelegexemplar erbeten<\/td>\n<\/tr>\n<\/tbody>\n<\/table>\n","protected":false},"excerpt":{"rendered":"<p>Das Akustiksegel StoSilent Modular 230 setzt auch optische Akzente Sch\u00f6ner h\u00f6ren Ob wir uns in einem Raum wohlf\u00fchlen, dar\u00fcber entscheidet nicht nur unser Auge. Auch die Raumakustik spielt eine wichtige Rolle bei der Frage, ob wir seine Atmosph\u00e4re als angenehm empfinden. Mit StoSilent Modular 230 l\u00e4sst sich der Klang eines Raumes einfach und schnell positiv [&hellip;]<\/p>\n","protected":false},"author":6,"featured_media":12386,"comment_status":"closed","ping_status":"open","sticky":false,"template":"","format":"standard","meta":{"footnotes":""},"categories":[3,15],"tags":[],"class_list":["post-5075","post","type-post","status-publish","format-standard","has-post-thumbnail","hentry","category-kundenmeldungen","category-sto"],"_links":{"self":[{"href":"https:\/\/www.pr-neu.de\/newsroom\/wp-json\/wp\/v2\/posts\/5075","targetHints":{"allow":["GET"]}}],"collection":[{"href":"https:\/\/www.pr-neu.de\/newsroom\/wp-json\/wp\/v2\/posts"}],"about":[{"href":"https:\/\/www.pr-neu.de\/newsroom\/wp-json\/wp\/v2\/types\/post"}],"author":[{"embeddable":true,"href":"https:\/\/www.pr-neu.de\/newsroom\/wp-json\/wp\/v2\/users\/6"}],"replies":[{"embeddable":true,"href":"https:\/\/www.pr-neu.de\/newsroom\/wp-json\/wp\/v2\/comments?post=5075"}],"version-history":[{"count":4,"href":"https:\/\/www.pr-neu.de\/newsroom\/wp-json\/wp\/v2\/posts\/5075\/revisions"}],"predecessor-version":[{"id":12387,"href":"https:\/\/www.pr-neu.de\/newsroom\/wp-json\/wp\/v2\/posts\/5075\/revisions\/12387"}],"wp:featuredmedia":[{"embeddable":true,"href":"https:\/\/www.pr-neu.de\/newsroom\/wp-json\/wp\/v2\/media\/12386"}],"wp:attachment":[{"href":"https:\/\/www.pr-neu.de\/newsroom\/wp-json\/wp\/v2\/media?parent=5075"}],"wp:term":[{"taxonomy":"category","embeddable":true,"href":"https:\/\/www.pr-neu.de\/newsroom\/wp-json\/wp\/v2\/categories?post=5075"},{"taxonomy":"post_tag","embeddable":true,"href":"https:\/\/www.pr-neu.de\/newsroom\/wp-json\/wp\/v2\/tags?post=5075"}],"curies":[{"name":"wp","href":"https:\/\/api.w.org\/{rel}","templated":true}]}}