{"id":5069,"date":"2017-04-11T11:50:28","date_gmt":"2017-04-11T11:50:28","guid":{"rendered":"http:\/\/www.pr-nord.de\/newsroom\/?p=5069"},"modified":"2020-05-26T17:00:56","modified_gmt":"2020-05-26T15:00:56","slug":"fassadenfarbe-fuer-frische-luft","status":"publish","type":"post","link":"https:\/\/www.pr-neu.de\/newsroom\/fassadenfarbe-fuer-frische-luft\/","title":{"rendered":"Fassadenfarbe f\u00fcr frische Luft"},"content":{"rendered":"<table border=\"0\" width=\"520\" cellspacing=\"0\" cellpadding=\"0\">\n<tbody>\n<tr>\n<td><u> Photokatalyse gegen Schmutz und Schadstoffe<\/u><\/p>\n<p><strong>Fassadenfarbe f\u00fcr frische Luft<\/strong><\/p>\n<p><strong>Die Fassadenfarbe StoColor Photosan baut aktiv Luftschadstoffe ab. Wissenschaftliche Untersuchungen beweisen, dass die Farbe vor allem gesundheitsgef\u00e4hrliche Stickoxide in verkehrsbelasteten Innenst\u00e4dten reduziert. Der nat\u00fcrliche photokatalytische Prozess verringert zudem die Verschmutzung von Bauwerken.<\/strong><\/p>\n<p>In Deutschlands St\u00e4dten herrscht \u201edicke Luft\u201c. Besonders gef\u00e4hrlich im Abgasgemisch: das vor allem von Kraftfahrzeugen emittierte Stickstoffdioxid (NO2). Seine Grenzwerte werden vielerorts an vielen Tagen und teilweise sehr deutlich \u00fcberschritten. Einen Beitrag zur L\u00f6sung des Problems kann StoColor Photosan leisten; eine Au\u00dfenfarbe, die nachweislich Stickoxide, Ozon und fl\u00fcchtige organische Verbindungen (VOCs) abbaut. Ihre Funktion beruht auf dem nat\u00fcrlichen Prozess der Photokatalyse und funktioniert auch bei diffusem Licht, also auch bei starker Bew\u00f6lkung. Der Katalysator unterliegt dabei keinem Verschlei\u00df. Schadstoffe, die mit den Oberfl\u00e4chen in Ber\u00fchrung kommen, werden in unsch\u00e4dliche Substanzen (Sauerstoff und Stickstoff) aufgespalten und mit dem n\u00e4chsten Regen abgewaschen.<\/p>\n<p>Messungen und Feldversuche der Landesanstalt f\u00fcr Umwelt Baden-W\u00fcrttemberg (LUBW) sowie der Bergischen Universit\u00e4t Wuppertal beweisen die Wirksamkeit der Farbe. Berechnungen zeigen, dass mit StoColor Photosan selbst am Stuttgarter Neckartor, dem Verkehrsknotenpunkt mit der h\u00f6chsten Stickoxidbelastung in Deutschland, das Schadstoffaufkommen um bis zu acht Prozent vermindert werden k\u00f6nnte. Neben diesem funktionalen Plus gegen\u00fcber konventionellen Farben reduziert die Farbe auch die Verschmutzungsanf\u00e4lligkeit von Fassaden und Verkehrsbauten wie Br\u00fccken oder Schallschutzw\u00e4nden. Die \u00f6kologisch unbedenkliche Beschichtung eignet sich f\u00fcr mineralische und organische, nicht elastische Untergr\u00fcnde, ist wasserabweisend, aber sehr hoch CO2- und wasserdampfdurchl\u00e4ssig.<\/p>\n<p>&nbsp;<\/p>\n<hr noshade=\"noshade\" size=\"1\" \/>\n<p>&nbsp;<\/p>\n<table border=\"0\" width=\"520\" cellspacing=\"0\" cellpadding=\"0\">\n<tbody>\n<tr>\n<td valign=\"top\" width=\"370\" height=\"25\"><a href=\"http:\/\/www.pr-neu.de\/newsroom\/wordpress\/wp-content\/uploads\/2017\/04\/17-22-Photosan_02_K.jpg\"><img loading=\"lazy\" decoding=\"async\" class=\"aligncenter size-medium wp-image-12390\" src=\"http:\/\/www.pr-neu.de\/newsroom\/wordpress\/wp-content\/uploads\/2017\/04\/17-22-Photosan_02_K-300x170.jpg\" alt=\"\" width=\"300\" height=\"170\" srcset=\"https:\/\/www.pr-neu.de\/newsroom\/wordpress\/wp-content\/uploads\/2017\/04\/17-22-Photosan_02_K-300x170.jpg 300w, https:\/\/www.pr-neu.de\/newsroom\/wordpress\/wp-content\/uploads\/2017\/04\/17-22-Photosan_02_K-110x62.jpg 110w, https:\/\/www.pr-neu.de\/newsroom\/wordpress\/wp-content\/uploads\/2017\/04\/17-22-Photosan_02_K.jpg 360w\" sizes=\"auto, (max-width: 300px) 100vw, 300px\" \/><\/a><\/p>\n<p>&nbsp;<\/td>\n<td colspan=\"3\" valign=\"top\" height=\"21\">Das Wirkprinzip der Photokatalyse.<\/p>\n<p>Foto: Sto SE &amp; Co. KGaA<\/p>\n<p>&nbsp;<\/td>\n<\/tr>\n<tr>\n<td valign=\"top\" width=\"370\" height=\"25\"><a href=\"http:\/\/www.pr-neu.de\/newsroom\/wordpress\/wp-content\/uploads\/2017\/04\/17-22-Photosan_03_K.jpg\"><img loading=\"lazy\" decoding=\"async\" class=\"aligncenter size-medium wp-image-12388\" src=\"http:\/\/www.pr-neu.de\/newsroom\/wordpress\/wp-content\/uploads\/2017\/04\/17-22-Photosan_03_K-300x258.jpg\" alt=\"\" width=\"300\" height=\"258\" srcset=\"https:\/\/www.pr-neu.de\/newsroom\/wordpress\/wp-content\/uploads\/2017\/04\/17-22-Photosan_03_K-300x258.jpg 300w, https:\/\/www.pr-neu.de\/newsroom\/wordpress\/wp-content\/uploads\/2017\/04\/17-22-Photosan_03_K-110x94.jpg 110w, https:\/\/www.pr-neu.de\/newsroom\/wordpress\/wp-content\/uploads\/2017\/04\/17-22-Photosan_03_K.jpg 360w\" sizes=\"auto, (max-width: 300px) 100vw, 300px\" \/><\/a><\/p>\n<p>&nbsp;<\/td>\n<td colspan=\"3\" valign=\"top\" height=\"21\">StoColor Photosan in der Sanierung: Dieser Wohnkomplex in Hildesheim mit denkmalgesch\u00fctzter Fassade wurde w\u00e4rmeged\u00e4mmt und mit der photokatalytischen Farbe gestrichen.<\/p>\n<p>Foto: Andreas Braun, Hameln \/ Sto SE &amp; Co. KGaA<\/td>\n<\/tr>\n<tr>\n<td valign=\"top\" width=\"370\" height=\"25\"><a href=\"http:\/\/www.pr-neu.de\/newsroom\/wordpress\/wp-content\/uploads\/2017\/04\/17-22-Photosan_05_K.jpg\"><img loading=\"lazy\" decoding=\"async\" class=\"aligncenter size-medium wp-image-12389\" src=\"http:\/\/www.pr-neu.de\/newsroom\/wordpress\/wp-content\/uploads\/2017\/04\/17-22-Photosan_05_K-225x300.jpg\" alt=\"\" width=\"225\" height=\"300\" srcset=\"https:\/\/www.pr-neu.de\/newsroom\/wordpress\/wp-content\/uploads\/2017\/04\/17-22-Photosan_05_K-225x300.jpg 225w, https:\/\/www.pr-neu.de\/newsroom\/wordpress\/wp-content\/uploads\/2017\/04\/17-22-Photosan_05_K-83x110.jpg 83w, https:\/\/www.pr-neu.de\/newsroom\/wordpress\/wp-content\/uploads\/2017\/04\/17-22-Photosan_05_K.jpg 270w\" sizes=\"auto, (max-width: 225px) 100vw, 225px\" \/><\/a><\/p>\n<p>&nbsp;<\/td>\n<td colspan=\"3\" valign=\"top\" height=\"21\">Da der patentgesch\u00fctzte Katalysator auch von diffusem Licht, ohne direkte Sonnenlichteinstrahlung aktiviert wird, eignen sich selbst Br\u00fcckenuntersichten f\u00fcr den Einsatz von StoColor Photosan.<\/p>\n<p>Foto: Sto SE &amp; Co. KGaA<\/p>\n<p>&nbsp;<\/td>\n<\/tr>\n<\/tbody>\n<\/table>\n<p>&nbsp;<\/p>\n<hr noshade=\"noshade\" size=\"1\" \/>\n<p>&nbsp;<\/p>\n<p>Abdruck honorarfrei<br \/>\nBelegexemplar erbeten<\/td>\n<\/tr>\n<\/tbody>\n<\/table>\n","protected":false},"excerpt":{"rendered":"<p>Photokatalyse gegen Schmutz und Schadstoffe Fassadenfarbe f\u00fcr frische Luft Die Fassadenfarbe StoColor Photosan baut aktiv Luftschadstoffe ab. Wissenschaftliche Untersuchungen beweisen, dass die Farbe vor allem gesundheitsgef\u00e4hrliche Stickoxide in verkehrsbelasteten Innenst\u00e4dten reduziert. Der nat\u00fcrliche photokatalytische Prozess verringert zudem die Verschmutzung von Bauwerken. In Deutschlands St\u00e4dten herrscht \u201edicke Luft\u201c. Besonders gef\u00e4hrlich im Abgasgemisch: das vor allem von [&hellip;]<\/p>\n","protected":false},"author":6,"featured_media":12388,"comment_status":"closed","ping_status":"open","sticky":false,"template":"","format":"standard","meta":{"footnotes":""},"categories":[3,15],"tags":[],"class_list":["post-5069","post","type-post","status-publish","format-standard","has-post-thumbnail","hentry","category-kundenmeldungen","category-sto"],"_links":{"self":[{"href":"https:\/\/www.pr-neu.de\/newsroom\/wp-json\/wp\/v2\/posts\/5069","targetHints":{"allow":["GET"]}}],"collection":[{"href":"https:\/\/www.pr-neu.de\/newsroom\/wp-json\/wp\/v2\/posts"}],"about":[{"href":"https:\/\/www.pr-neu.de\/newsroom\/wp-json\/wp\/v2\/types\/post"}],"author":[{"embeddable":true,"href":"https:\/\/www.pr-neu.de\/newsroom\/wp-json\/wp\/v2\/users\/6"}],"replies":[{"embeddable":true,"href":"https:\/\/www.pr-neu.de\/newsroom\/wp-json\/wp\/v2\/comments?post=5069"}],"version-history":[{"count":5,"href":"https:\/\/www.pr-neu.de\/newsroom\/wp-json\/wp\/v2\/posts\/5069\/revisions"}],"predecessor-version":[{"id":12393,"href":"https:\/\/www.pr-neu.de\/newsroom\/wp-json\/wp\/v2\/posts\/5069\/revisions\/12393"}],"wp:featuredmedia":[{"embeddable":true,"href":"https:\/\/www.pr-neu.de\/newsroom\/wp-json\/wp\/v2\/media\/12388"}],"wp:attachment":[{"href":"https:\/\/www.pr-neu.de\/newsroom\/wp-json\/wp\/v2\/media?parent=5069"}],"wp:term":[{"taxonomy":"category","embeddable":true,"href":"https:\/\/www.pr-neu.de\/newsroom\/wp-json\/wp\/v2\/categories?post=5069"},{"taxonomy":"post_tag","embeddable":true,"href":"https:\/\/www.pr-neu.de\/newsroom\/wp-json\/wp\/v2\/tags?post=5069"}],"curies":[{"name":"wp","href":"https:\/\/api.w.org\/{rel}","templated":true}]}}