{"id":5040,"date":"2017-04-04T07:48:12","date_gmt":"2017-04-04T07:48:12","guid":{"rendered":"http:\/\/www.pr-nord.de\/newsroom\/?p=5040"},"modified":"2020-05-28T15:26:11","modified_gmt":"2020-05-28T13:26:11","slug":"top-ten-der-architekten-bei-farben-und-putz-herstellern","status":"publish","type":"post","link":"https:\/\/www.pr-neu.de\/newsroom\/top-ten-der-architekten-bei-farben-und-putz-herstellern\/","title":{"rendered":"Top Ten der Architekten bei Farben- und Putz-Herstellern"},"content":{"rendered":"<table border=\"0\" width=\"520\" cellspacing=\"0\" cellpadding=\"0\">\n<tbody>\n<tr>\n<td><strong> Top Ten der Architekten bei Farben- und Putz-Herstellern<\/strong><\/p>\n<p>Architekten sind Gestalter \u2013 nicht nur von Formen, sondern auch von Oberfl\u00e4chen. Sie haben sehr konkrete Vorstellungen von der Optik und Haptik, Funktion und Struktur einer Fassade oder einer Innenwand. Gemeinsam mit dem Fachhandwerker suchen sie Wege, diese Vorstellung Wirklichkeit werden zu lassen. Auch den Farben- und Putz-Herstellern (und ihren Fachberatern) kommt eine besondere Bedeutung zu. Wer diese Anspr\u00fcche in den Augen der Architekten am besten erf\u00fcllt, hat jetzt eine Studie von BauInfoConsult ermittelt. Das Ergebnis: 43 % der befragten Architekten sahen Sto als Nummer Eins-Marke f\u00fcr \u201eFarben und Putze\u201c, gefolgt von Brillux (41 %) und Xella (31 %). Ebenfalls unter die Top Ten schafften es Knauf, Caparol, Sikkens, BASF Coatings, Fermacell, Keimfarben und Eternit. Die Jahresanalyse 2016\/2017 zu vielen weiteren Themen gibt es bei BauInfoConsult (<a href=\"http:\/\/www.bauinfoconsult.de\" target=\"_blank\" rel=\"noopener noreferrer\">www.bauinfoconsult.de<\/a>, kostenpflichtig).<\/p>\n<p>&nbsp;<\/p>\n<hr noshade=\"noshade\" size=\"1\" \/>\n<p>&nbsp;<\/p>\n<table border=\"0\" width=\"520\" cellspacing=\"0\" cellpadding=\"0\">\n<tbody>\n<tr>\n<td valign=\"top\" width=\"370\" height=\"25\"><a href=\"http:\/\/www.pr-neu.de\/newsroom\/wordpress\/wp-content\/uploads\/2017\/04\/17-26-BauInfoConsult_K.jpg\"><img loading=\"lazy\" decoding=\"async\" class=\"aligncenter size-medium wp-image-12797\" src=\"http:\/\/www.pr-neu.de\/newsroom\/wordpress\/wp-content\/uploads\/2017\/04\/17-26-BauInfoConsult_K-300x140.jpg\" alt=\"\" width=\"300\" height=\"140\" srcset=\"https:\/\/www.pr-neu.de\/newsroom\/wordpress\/wp-content\/uploads\/2017\/04\/17-26-BauInfoConsult_K-300x140.jpg 300w, https:\/\/www.pr-neu.de\/newsroom\/wordpress\/wp-content\/uploads\/2017\/04\/17-26-BauInfoConsult_K-110x51.jpg 110w, https:\/\/www.pr-neu.de\/newsroom\/wordpress\/wp-content\/uploads\/2017\/04\/17-26-BauInfoConsult_K.jpg 360w\" sizes=\"auto, (max-width: 300px) 100vw, 300px\" \/><\/a><\/td>\n<td colspan=\"3\" valign=\"top\" height=\"21\">Eine aktuelle Umfrage unter Architekten sieht Farben und Putze von Sto ganz oben auf der Beliebtheitsskala. Das Unternehmen bietet eine breite Auswahl an Materialien, Farbt\u00f6nen und Oberfl\u00e4chenqualit\u00e4ten.<\/p>\n<p>Foto: Sto SE &amp; Co. KGaA<\/p>\n<p>&nbsp;<\/td>\n<\/tr>\n<\/tbody>\n<\/table>\n<p>&nbsp;<\/p>\n<hr noshade=\"noshade\" size=\"1\" \/>\n<p>&nbsp;<\/p>\n<p>Abdruck honorarfrei<br \/>\nBelegexemplar erbeten<\/td>\n<\/tr>\n<\/tbody>\n<\/table>\n","protected":false},"excerpt":{"rendered":"<p>Top Ten der Architekten bei Farben- und Putz-Herstellern Architekten sind Gestalter \u2013 nicht nur von Formen, sondern auch von Oberfl\u00e4chen. Sie haben sehr konkrete Vorstellungen von der Optik und Haptik, Funktion und Struktur einer Fassade oder einer Innenwand. Gemeinsam mit dem Fachhandwerker suchen sie Wege, diese Vorstellung Wirklichkeit werden zu lassen. Auch den Farben- und [&hellip;]<\/p>\n","protected":false},"author":6,"featured_media":12797,"comment_status":"closed","ping_status":"open","sticky":false,"template":"","format":"standard","meta":{"footnotes":""},"categories":[3,15],"tags":[],"class_list":["post-5040","post","type-post","status-publish","format-standard","has-post-thumbnail","hentry","category-kundenmeldungen","category-sto"],"_links":{"self":[{"href":"https:\/\/www.pr-neu.de\/newsroom\/wp-json\/wp\/v2\/posts\/5040","targetHints":{"allow":["GET"]}}],"collection":[{"href":"https:\/\/www.pr-neu.de\/newsroom\/wp-json\/wp\/v2\/posts"}],"about":[{"href":"https:\/\/www.pr-neu.de\/newsroom\/wp-json\/wp\/v2\/types\/post"}],"author":[{"embeddable":true,"href":"https:\/\/www.pr-neu.de\/newsroom\/wp-json\/wp\/v2\/users\/6"}],"replies":[{"embeddable":true,"href":"https:\/\/www.pr-neu.de\/newsroom\/wp-json\/wp\/v2\/comments?post=5040"}],"version-history":[{"count":4,"href":"https:\/\/www.pr-neu.de\/newsroom\/wp-json\/wp\/v2\/posts\/5040\/revisions"}],"predecessor-version":[{"id":12798,"href":"https:\/\/www.pr-neu.de\/newsroom\/wp-json\/wp\/v2\/posts\/5040\/revisions\/12798"}],"wp:featuredmedia":[{"embeddable":true,"href":"https:\/\/www.pr-neu.de\/newsroom\/wp-json\/wp\/v2\/media\/12797"}],"wp:attachment":[{"href":"https:\/\/www.pr-neu.de\/newsroom\/wp-json\/wp\/v2\/media?parent=5040"}],"wp:term":[{"taxonomy":"category","embeddable":true,"href":"https:\/\/www.pr-neu.de\/newsroom\/wp-json\/wp\/v2\/categories?post=5040"},{"taxonomy":"post_tag","embeddable":true,"href":"https:\/\/www.pr-neu.de\/newsroom\/wp-json\/wp\/v2\/tags?post=5040"}],"curies":[{"name":"wp","href":"https:\/\/api.w.org\/{rel}","templated":true}]}}