{"id":5017,"date":"2017-03-16T14:07:52","date_gmt":"2017-03-16T14:07:52","guid":{"rendered":"http:\/\/www.pr-nord.de\/newsroom\/?p=5017"},"modified":"2020-05-28T15:46:20","modified_gmt":"2020-05-28T13:46:20","slug":"jalousiekasten-fuer-nichtbrennbare-daemmsysteme","status":"publish","type":"post","link":"https:\/\/www.pr-neu.de\/newsroom\/jalousiekasten-fuer-nichtbrennbare-daemmsysteme\/","title":{"rendered":"Jalousiekasten f\u00fcr nichtbrennbare D\u00e4mmsysteme"},"content":{"rendered":"<table border=\"0\" width=\"520\" cellspacing=\"0\" cellpadding=\"0\">\n<tbody>\n<tr>\n<td><u>StoElement JAK-A: Perfekt, sicher, rationell<\/u><\/p>\n<p><strong>Jalousiekasten f\u00fcr nichtbrennbare D\u00e4mmsysteme <\/strong><\/p>\n<p><strong>Damit die Einbindung von Jalousiek\u00e4sten in W\u00e4rmed\u00e4mm-Verbundsysteme einfach und sicher abl\u00e4uft, bietet Sto passende Systembauteile an \u2013 mit dem StoElement JAK-A nun auch in nichtbrennbarer Ausf\u00fchrung.<\/strong><\/p>\n<p>In der Vergangenheit erwies sich der Einbau von Jalousien in WDV-Systeme aufgrund der Gewerketrennung immer wieder als Herausforderung. Aus diesem Grund bietet Sto vorgefertigte Jalousiek\u00e4sten an, die sich schnell und sicher in die Systeme einbinden lassen. Das neue \u201eStoElement JAK-A\u201c aus Foamglas erweitert die Palette jetzt um eine nichtbrennbare Variante.<\/p>\n<p><strong>Optimale Lastabtragung<\/strong><\/p>\n<p>Sto-Jalousiek\u00e4sten sind generell mit zwei werkseitig mechanisch verbundenen Tr\u00e4gerplatten ausgestattet, in diesem Fall aus nichtbrennbarem Aluminium. Die K\u00e4sten werden verklebt und an der oberen Tr\u00e4gerplatte zus\u00e4tzlich mit Metallwinkeln befestigt. Diese Konstruktion sorgt f\u00fcr optimale Lastabtragung \u2013 von den Jalousien wie von den Zugspannungen der Jalousieseile. (Diese Kr\u00e4fte werden in der Praxis oft untersch\u00e4tzt \u2013 sie erreichen bis zu 450 N Zugkraft pro Seil und bis zu 100 N\/m Gewichtslast f\u00fcr Jalousie und Antrieb.)<\/p>\n<p>Die vordere Sch\u00fcrze besteht ebenso aus einer nichtbrennbaren und stabilen 20 Millimeter dicken Putztr\u00e4gerplatte. Das verleiht dem Element eine hohe Stabilit\u00e4t und erh\u00f6ht die Sicherheit bei h\u00f6her beanspruchten Anwendungsf\u00e4llen wie in Schulen. Zwei luftdichte Kabeldurchf\u00fchrungen erm\u00f6glichen zudem einfach die nachtr\u00e4gliche Montage eines Antriebmotors \u2013 links oder rechts. Das StoElement JAK-A (Innenschachtbreite 120 Millimeter f\u00fcr Jalousielamellenbreite 80 Millimeter) passt in D\u00e4mmsystemen ab 180 Millimetern D\u00e4mmst\u00e4rke. Es wird werksseitig auf Ma\u00df konfektioniert und kann daher sofort inklusive aller Putzanschl\u00fcsse verarbeitet werden.<\/p>\n<hr noshade=\"noshade\" size=\"1\" \/>\n<p><strong><br \/>\nSto bietet Jalousiek\u00e4sten in vier Varianten: <\/strong><\/p>\n<ul>\n<li><strong>StoElement JAK <\/strong>aus EPS mit umlaufend geschlossenem Jalousieschacht aus Kunststoff, optional mit VIP-Paneelen an der Wandseite.<\/li>\n<li><strong>StoElement JAS<\/strong> aus EPS als Jalousiesch\u00fcrze mit Kunststoffinnenverkleidung ohne Mauerwerksd\u00e4mmung.<\/li>\n<li><strong> StoElement JAK-P \/ JAS-P<\/strong> aus EPS als Jalousiesch\u00fcrze oder als geschlossener Jalousiekasten mit 20 Millimeter dicker Putztr\u00e4gerplatte. Optional mit Vakuumisolationspaneelen.<\/li>\n<li><strong>StoElement JAK-A \/ JAS-A<\/strong> (Nichtbrennbar) aus Foamglas als Sch\u00fcrze oder geschlossener Jalousiekasten mit 20 Millimeter dicker Putztr\u00e4gerplatte.<\/li>\n<\/ul>\n<p>&nbsp;<\/p>\n<hr noshade=\"noshade\" size=\"1\" \/>\n<p>&nbsp;<\/p>\n<table border=\"0\" width=\"520\" cellspacing=\"0\" cellpadding=\"0\">\n<tbody>\n<tr>\n<td valign=\"top\" width=\"370\" height=\"25\"><a href=\"http:\/\/www.pr-neu.de\/newsroom\/wordpress\/wp-content\/uploads\/2017\/03\/17-13-Skizze-JAK-A_K.jpg\"><img loading=\"lazy\" decoding=\"async\" class=\"aligncenter size-medium wp-image-12860\" src=\"http:\/\/www.pr-neu.de\/newsroom\/wordpress\/wp-content\/uploads\/2017\/03\/17-13-Skizze-JAK-A_K-227x300.jpg\" alt=\"\" width=\"227\" height=\"300\" srcset=\"https:\/\/www.pr-neu.de\/newsroom\/wordpress\/wp-content\/uploads\/2017\/03\/17-13-Skizze-JAK-A_K-227x300.jpg 227w, https:\/\/www.pr-neu.de\/newsroom\/wordpress\/wp-content\/uploads\/2017\/03\/17-13-Skizze-JAK-A_K-83x110.jpg 83w, https:\/\/www.pr-neu.de\/newsroom\/wordpress\/wp-content\/uploads\/2017\/03\/17-13-Skizze-JAK-A_K.jpg 272w\" sizes=\"auto, (max-width: 227px) 100vw, 227px\" \/><\/a><\/p>\n<p>&nbsp;<\/td>\n<td colspan=\"3\" valign=\"top\" height=\"21\">&nbsp;<\/p>\n<p>Prinzipskizze Jalousiekasten.<\/p>\n<p>Grafik: Sto SE &amp; Co. KGa<\/p>\n<p>&nbsp;<\/td>\n<\/tr>\n<tr>\n<td valign=\"top\" width=\"370\" height=\"25\"><a href=\"http:\/\/www.pr-neu.de\/newsroom\/wordpress\/wp-content\/uploads\/2017\/03\/17-13-JAK-A_1_K.jpg\"><img loading=\"lazy\" decoding=\"async\" class=\"aligncenter size-medium wp-image-12861\" src=\"http:\/\/www.pr-neu.de\/newsroom\/wordpress\/wp-content\/uploads\/2017\/03\/17-13-JAK-A_1_K-300x202.jpg\" alt=\"\" width=\"300\" height=\"202\" srcset=\"https:\/\/www.pr-neu.de\/newsroom\/wordpress\/wp-content\/uploads\/2017\/03\/17-13-JAK-A_1_K-300x202.jpg 300w, https:\/\/www.pr-neu.de\/newsroom\/wordpress\/wp-content\/uploads\/2017\/03\/17-13-JAK-A_1_K-110x74.jpg 110w, https:\/\/www.pr-neu.de\/newsroom\/wordpress\/wp-content\/uploads\/2017\/03\/17-13-JAK-A_1_K.jpg 360w\" sizes=\"auto, (max-width: 300px) 100vw, 300px\" \/><\/a><\/p>\n<p>&nbsp;<\/td>\n<td colspan=\"3\" valign=\"top\" height=\"21\">Einfach montiert inklusive Brandschutz: Der Jalousiekasten \u201eStoElement JAK-A\u201c ist aus Foamglas und daher nicht brennbar. Er ist auf die hohen Kr\u00e4fte einer Jalousie ausgelegt und eignet sich auch f\u00fcr Geb\u00e4ude mit erh\u00f6hten Brandschutzanforderungen wie Schulen.<\/p>\n<p>Bild: Sto SE &amp; Co. KGa<\/p>\n<p>&nbsp;<\/td>\n<\/tr>\n<tr>\n<td valign=\"top\" width=\"370\" height=\"25\"><a href=\"http:\/\/www.pr-neu.de\/newsroom\/wordpress\/wp-content\/uploads\/2017\/03\/17-13-JAK-A_2_K.jpg\"><img loading=\"lazy\" decoding=\"async\" class=\"aligncenter size-medium wp-image-12863\" src=\"http:\/\/www.pr-neu.de\/newsroom\/wordpress\/wp-content\/uploads\/2017\/03\/17-13-JAK-A_2_K-300x202.jpg\" alt=\"\" width=\"300\" height=\"202\" srcset=\"https:\/\/www.pr-neu.de\/newsroom\/wordpress\/wp-content\/uploads\/2017\/03\/17-13-JAK-A_2_K-300x202.jpg 300w, https:\/\/www.pr-neu.de\/newsroom\/wordpress\/wp-content\/uploads\/2017\/03\/17-13-JAK-A_2_K-110x74.jpg 110w, https:\/\/www.pr-neu.de\/newsroom\/wordpress\/wp-content\/uploads\/2017\/03\/17-13-JAK-A_2_K.jpg 360w\" sizes=\"auto, (max-width: 300px) 100vw, 300px\" \/><\/a><\/p>\n<p>&nbsp;<\/td>\n<td colspan=\"3\" valign=\"top\" height=\"21\">Einfach montiert inklusive Brandschutz: Der Jalousiekasten \u201eStoElement JAK-A\u201c ist aus Foamglas und daher nicht brennbar. Er ist auf die hohen Kr\u00e4fte einer Jalousie ausgelegt und eignet sich auch f\u00fcr Geb\u00e4ude mit erh\u00f6hten Brandschutzanforderungen wie Schulen.<\/p>\n<p>Bild: Sto SE &amp; Co. KGa<\/p>\n<p>&nbsp;<\/td>\n<\/tr>\n<\/tbody>\n<\/table>\n<hr noshade=\"noshade\" size=\"1\" \/>\n<p>&nbsp;<\/p>\n<p>Abdruck honorarfrei<br \/>\nBelegexemplar erbeten<\/td>\n<\/tr>\n<\/tbody>\n<\/table>\n","protected":false},"excerpt":{"rendered":"<p>StoElement JAK-A: Perfekt, sicher, rationell Jalousiekasten f\u00fcr nichtbrennbare D\u00e4mmsysteme Damit die Einbindung von Jalousiek\u00e4sten in W\u00e4rmed\u00e4mm-Verbundsysteme einfach und sicher abl\u00e4uft, bietet Sto passende Systembauteile an \u2013 mit dem StoElement JAK-A nun auch in nichtbrennbarer Ausf\u00fchrung. In der Vergangenheit erwies sich der Einbau von Jalousien in WDV-Systeme aufgrund der Gewerketrennung immer wieder als Herausforderung. Aus diesem [&hellip;]<\/p>\n","protected":false},"author":6,"featured_media":12861,"comment_status":"closed","ping_status":"open","sticky":false,"template":"","format":"standard","meta":{"footnotes":""},"categories":[3,15],"tags":[],"class_list":["post-5017","post","type-post","status-publish","format-standard","has-post-thumbnail","hentry","category-kundenmeldungen","category-sto"],"_links":{"self":[{"href":"https:\/\/www.pr-neu.de\/newsroom\/wp-json\/wp\/v2\/posts\/5017","targetHints":{"allow":["GET"]}}],"collection":[{"href":"https:\/\/www.pr-neu.de\/newsroom\/wp-json\/wp\/v2\/posts"}],"about":[{"href":"https:\/\/www.pr-neu.de\/newsroom\/wp-json\/wp\/v2\/types\/post"}],"author":[{"embeddable":true,"href":"https:\/\/www.pr-neu.de\/newsroom\/wp-json\/wp\/v2\/users\/6"}],"replies":[{"embeddable":true,"href":"https:\/\/www.pr-neu.de\/newsroom\/wp-json\/wp\/v2\/comments?post=5017"}],"version-history":[{"count":4,"href":"https:\/\/www.pr-neu.de\/newsroom\/wp-json\/wp\/v2\/posts\/5017\/revisions"}],"predecessor-version":[{"id":12867,"href":"https:\/\/www.pr-neu.de\/newsroom\/wp-json\/wp\/v2\/posts\/5017\/revisions\/12867"}],"wp:featuredmedia":[{"embeddable":true,"href":"https:\/\/www.pr-neu.de\/newsroom\/wp-json\/wp\/v2\/media\/12861"}],"wp:attachment":[{"href":"https:\/\/www.pr-neu.de\/newsroom\/wp-json\/wp\/v2\/media?parent=5017"}],"wp:term":[{"taxonomy":"category","embeddable":true,"href":"https:\/\/www.pr-neu.de\/newsroom\/wp-json\/wp\/v2\/categories?post=5017"},{"taxonomy":"post_tag","embeddable":true,"href":"https:\/\/www.pr-neu.de\/newsroom\/wp-json\/wp\/v2\/tags?post=5017"}],"curies":[{"name":"wp","href":"https:\/\/api.w.org\/{rel}","templated":true}]}}