{"id":5008,"date":"2017-03-08T10:39:22","date_gmt":"2017-03-08T10:39:22","guid":{"rendered":"http:\/\/www.pr-nord.de\/newsroom\/?p=5008"},"modified":"2020-05-19T13:41:47","modified_gmt":"2020-05-19T11:41:47","slug":"farbe-in-architektur-und-kommunikation","status":"publish","type":"post","link":"https:\/\/www.pr-neu.de\/newsroom\/farbe-in-architektur-und-kommunikation\/","title":{"rendered":"Farbe in Architektur und Kommunikation"},"content":{"rendered":"<table border=\"0\" width=\"520\" cellspacing=\"0\" cellpadding=\"0\">\n<tbody>\n<tr>\n<td><u>Architektur-Symposium \u201ecolourID\u201c in Berlin<\/u><\/p>\n<p><strong>Farbe in Architektur und Kommunikation<\/strong><\/p>\n<p><strong>Am 24. M\u00e4rz 2017, 10 bis 17 Uhr, l\u00e4dt das Institut f\u00fcr Architektur Media Management der Hochschule Bochum gemeinsam mit Sto zum Architektur-Symposium \u201ecolourID\u201c ein. Im ANCB Aedes Network Campus Berlin diskutieren Architekten, Wissenschaftler, K\u00fcnstler und Kommunikationsexperten \u00fcber die Bedeutung von Farbe als strategisches Werkzeug.<\/strong><\/p>\n<p>Im Zentrum des Symposiums stehen Fragen der kulturellen Bedeutung und des r\u00e4umlichen Potentials von Farbe. Referenten sind Louisa Hutton (Sauerbruch Hutton Architekten, Berlin), Peter L. Wilson (Bolles + Wilson, M\u00fcnster), Dr. Eva-Maria Barkhofen (Akademie der K\u00fcnste, Berlin), Astrid Bornheim (Astrid Bornheim Architektur, Berlin\/Hochschule Bochum), Prof. Heike Klussmann (Uni Kassel), Martin Fr\u00f6hlich (AFF Architekten, Berlin), Bernd J\u00fcnger (Leiter Abteilung Szenenbild WDR, K\u00f6ln) und Dr. Robert Miesner (ESA \u2013 European Space Agency). Prof. Jan R. Krause, Leiter des Fachbereichs Architektur an der Hochschule Bochum und Leiter Strategisches Marketing bei der Sto SE &amp; Co. KGaA, moderiert. Anmeldung:<a href=\"http:\/\/www.amm-colourid.de\"> www.amm-colourid.de<\/a>.<\/p>\n<hr noshade=\"noshade\" size=\"1\" \/>\n<p>&nbsp;<\/p>\n<p>Abdruck honorarfrei<br \/>\nBelegexemplar erbeten<\/td>\n<\/tr>\n<\/tbody>\n<\/table>\n","protected":false},"excerpt":{"rendered":"<p>Am 24. M\u00e4rz 2017, 10 bis 17 Uhr, l\u00e4dt das Institut f\u00fcr Architektur Media Management der Hochschule Bochum gemeinsam mit Sto zum Architektur-Symposium \u201ecolourID\u201c ein. Im ANCB Aedes Network Campus Berlin diskutieren Architekten, Wissenschaftler, K\u00fcnstler und Kommunikationsexperten \u00fcber die Bedeutung von Farbe als strategisches Werkzeug.<\/p>\n<tbody>\n<tr>\n<td><!-- AddThis Button BEGIN --><\/p>\n<div class=\"addthis_toolbox addthis_default_style\">\n<div><a class=\"addthis_button_compact\" href=\"http:\/\/www.addthis.com\/bookmark.php?v=250&amp;username=xa-4bcef6844aa77bdd\">Share<\/a><span class=\"addthis_separator\">|<\/span><a class=\"addthis_button_facebook\"><\/a><a class=\"addthis_button_myspace\"><\/a><a class=\"addthis_button_google\"><\/a><a class=\"addthis_button_twitter\"><\/a><\/div>\n<\/div>\n<p><script src=\"http:\/\/s7.addthis.com\/js\/250\/addthis_widget.js#username=xa-4bcef6844aa77bdd\" type=\"text\/javascript\"><\/script><!-- AddThis Button END --><\/td>\n<\/tr>\n<\/tbody>\n<\/table>\n","protected":false},"author":6,"featured_media":0,"comment_status":"closed","ping_status":"open","sticky":false,"template":"","format":"standard","meta":{"footnotes":""},"categories":[3,15],"tags":[],"class_list":["post-5008","post","type-post","status-publish","format-standard","hentry","category-kundenmeldungen","category-sto"],"_links":{"self":[{"href":"https:\/\/www.pr-neu.de\/newsroom\/wp-json\/wp\/v2\/posts\/5008","targetHints":{"allow":["GET"]}}],"collection":[{"href":"https:\/\/www.pr-neu.de\/newsroom\/wp-json\/wp\/v2\/posts"}],"about":[{"href":"https:\/\/www.pr-neu.de\/newsroom\/wp-json\/wp\/v2\/types\/post"}],"author":[{"embeddable":true,"href":"https:\/\/www.pr-neu.de\/newsroom\/wp-json\/wp\/v2\/users\/6"}],"replies":[{"embeddable":true,"href":"https:\/\/www.pr-neu.de\/newsroom\/wp-json\/wp\/v2\/comments?post=5008"}],"version-history":[{"count":2,"href":"https:\/\/www.pr-neu.de\/newsroom\/wp-json\/wp\/v2\/posts\/5008\/revisions"}],"predecessor-version":[{"id":11891,"href":"https:\/\/www.pr-neu.de\/newsroom\/wp-json\/wp\/v2\/posts\/5008\/revisions\/11891"}],"wp:attachment":[{"href":"https:\/\/www.pr-neu.de\/newsroom\/wp-json\/wp\/v2\/media?parent=5008"}],"wp:term":[{"taxonomy":"category","embeddable":true,"href":"https:\/\/www.pr-neu.de\/newsroom\/wp-json\/wp\/v2\/categories?post=5008"},{"taxonomy":"post_tag","embeddable":true,"href":"https:\/\/www.pr-neu.de\/newsroom\/wp-json\/wp\/v2\/tags?post=5008"}],"curies":[{"name":"wp","href":"https:\/\/api.w.org\/{rel}","templated":true}]}}