{"id":4987,"date":"2017-02-23T11:10:31","date_gmt":"2017-02-23T11:10:31","guid":{"rendered":"http:\/\/www.pr-nord.de\/newsroom\/?p=4987"},"modified":"2020-05-28T15:52:10","modified_gmt":"2020-05-28T13:52:10","slug":"schultafel-lack-wird-bunt","status":"publish","type":"post","link":"https:\/\/www.pr-neu.de\/newsroom\/schultafel-lack-wird-bunt\/","title":{"rendered":"Schultafel\u2013Lack wird bunt"},"content":{"rendered":"<table border=\"0\" width=\"520\" cellspacing=\"0\" cellpadding=\"0\">\n<tbody>\n<tr>\n<td><u> Neu: \u201eAquaVision Schultafel-Lack\u201c von S\u00fcdwest <\/u><\/p>\n<p><strong>Schultafel\u2013Lack wird bunt<\/strong><\/p>\n<p><strong>Spielraum f\u00fcr Kreativit\u00e4t: S\u00fcdwest (B\u00f6hl-Iggelheim) hat den bew\u00e4hrten Schultafel-Lack weiterentwickelt. Der wasserbasierende Speziallack ist f\u00fcr Oberfl\u00e4chen konzipiert, die bunt mit Kreide oder Kreidemarkern beschriftet werden k\u00f6nnen und ist jetzt t\u00f6nbar in 20 trendigen Farbt\u00f6nen \u00fcber das All-Color AquaMix-System. <\/strong><\/p>\n<p>Mit Kreide an der Wand malen, feucht abwischen und neu beschriften: Was jeder aus der Schule kennt, ist jetzt mit dem \u201eAquaVision Schultafel-Lack\u201c von S\u00fcdwest \u00fcberall m\u00f6glich. So k\u00f6nnen beispielsweise Men\u00fcs einfach an die Restaurantwand oder Tafeln geschrieben, Sonderangebote im Einzelhandel beworben werden, es entstehen Kreativecken in Kinderzimmer oder KiTa-Gruppe, eine Planungswand im B\u00fcro, Konferenzraum oder in der WG. Die Wand wird im wahrsten Sinne des Wortes zum \u201ekreativen Spiel-Raum\u201c.<\/p>\n<p>Urspr\u00fcnglich in den klassischen Tafel-Farben gr\u00fcn und schwarz verf\u00fcgbar, ist die neue Generation jetzt zus\u00e4tzlich in attraktiven RAL Farbt\u00f6nen \u00fcber das S\u00fcdwest-All-Color AquaMix-System verf\u00fcgbar. Die Oberfl\u00e4chen lassen sich mit Kreide oder Kreidemarkern beschriften. Der Lack eignet sich f\u00fcr die Sanierung wie f\u00fcr neue Fl\u00e4chen, f\u00fcr innen und au\u00dfen. Er ist matt, geruchsmild, hoch deckend, l\u00e4sst sich leicht verarbeiten und trocknet schnell. Beschichtete Fl\u00e4chen sind \u00e4u\u00dferst robust, einfach zu reinigen und reflektieren nicht. Als Untergrund eignen sich grundierte, glatte Fl\u00e4chen aus Metall, Kunststoff oder MDF-Platten sowie tragf\u00e4hige Altbeschichtungen. Auch die Instandsetzung alter Tafeln ist m\u00f6glich. Der Lack entspricht zudem der EN 71-3 (Sicherheit von Kinderspielzeug) und ist so ideal f\u00fcr den Einsatz in sensiblen R\u00e4umen (Kinderg\u00e4rten, Schulen etc.), Tagungsr\u00e4umen, in der Gastronomie und im Einzelhandel geeignet.<\/p>\n<hr noshade=\"noshade\" size=\"1\" \/>\n<table border=\"0\" width=\"520\">\n<tbody>\n<tr>\n<td width=\"370\"><a href=\"http:\/\/www.pr-neu.de\/newsroom\/wordpress\/wp-content\/uploads\/2017\/02\/17-03-Schultafel-Lack_K.jpg\"><img loading=\"lazy\" decoding=\"async\" class=\"size-medium wp-image-12885\" src=\"http:\/\/www.pr-neu.de\/newsroom\/wordpress\/wp-content\/uploads\/2017\/02\/17-03-Schultafel-Lack_K-300x300.jpg\" alt=\"\" width=\"300\" height=\"300\" srcset=\"https:\/\/www.pr-neu.de\/newsroom\/wordpress\/wp-content\/uploads\/2017\/02\/17-03-Schultafel-Lack_K-300x300.jpg 300w, https:\/\/www.pr-neu.de\/newsroom\/wordpress\/wp-content\/uploads\/2017\/02\/17-03-Schultafel-Lack_K-150x150.jpg 150w, https:\/\/www.pr-neu.de\/newsroom\/wordpress\/wp-content\/uploads\/2017\/02\/17-03-Schultafel-Lack_K-250x250.jpg 250w, https:\/\/www.pr-neu.de\/newsroom\/wordpress\/wp-content\/uploads\/2017\/02\/17-03-Schultafel-Lack_K-125x125.jpg 125w, https:\/\/www.pr-neu.de\/newsroom\/wordpress\/wp-content\/uploads\/2017\/02\/17-03-Schultafel-Lack_K-110x110.jpg 110w, https:\/\/www.pr-neu.de\/newsroom\/wordpress\/wp-content\/uploads\/2017\/02\/17-03-Schultafel-Lack_K.jpg 360w\" sizes=\"auto, (max-width: 300px) 100vw, 300px\" \/><\/a><\/td>\n<td valign=\"top\">Der neue \u201eAquaVision Schultafel-Lack\u201c l\u00e4sst Fl\u00e4chen entstehen, die mit Kreide beschreibbar sind.<\/p>\n<p>Bild: S\u00fcdwest<\/td>\n<\/tr>\n<tr>\n<td width=\"370\"><a href=\"http:\/\/www.pr-neu.de\/newsroom\/wordpress\/wp-content\/uploads\/2017\/02\/17-03-Schultafel-Lack_Brosch_K.jpg\"><img loading=\"lazy\" decoding=\"async\" class=\"size-medium wp-image-12886\" src=\"http:\/\/www.pr-neu.de\/newsroom\/wordpress\/wp-content\/uploads\/2017\/02\/17-03-Schultafel-Lack_Brosch_K-213x300.jpg\" alt=\"\" width=\"213\" height=\"300\" srcset=\"https:\/\/www.pr-neu.de\/newsroom\/wordpress\/wp-content\/uploads\/2017\/02\/17-03-Schultafel-Lack_Brosch_K-213x300.jpg 213w, https:\/\/www.pr-neu.de\/newsroom\/wordpress\/wp-content\/uploads\/2017\/02\/17-03-Schultafel-Lack_Brosch_K-78x110.jpg 78w, https:\/\/www.pr-neu.de\/newsroom\/wordpress\/wp-content\/uploads\/2017\/02\/17-03-Schultafel-Lack_Brosch_K.jpg 255w\" sizes=\"auto, (max-width: 213px) 100vw, 213px\" \/><\/a><\/td>\n<td valign=\"top\">Eine neue Brosch\u00fcre stellt den Schultafel-Lack vor \u2013 kostenlos zu beziehen \u00fcber <a href=\"&#109;&#x61;&#x69;l&#116;&#x6f;:&#105;&#x6e;&#x66;o&#64;&#x73;u&#101;&#x64;&#x77;e&#115;&#x74;&#46;&#100;&#x65;\">info&#64;suedwest&#46;de<\/a> oder als Download von der Website <a href=\"http:\/\/www.suedwest.de\" target=\"_blank\" rel=\"noopener noreferrer\">www.suedwest.de<\/a>.<\/p>\n<p>Bild: S\u00fcdwest<\/td>\n<\/tr>\n<\/tbody>\n<\/table>\n<hr align=\"left\" size=\"1\" \/>\n<p><strong>S\u00fcdwest<\/strong> entwickelt und produziert seit mehr als 90 Jahren Lacke und Farben f\u00fcr die unterschiedlichsten Anwendungen. Erg\u00e4nzt werden die Kernsortimente noch um ein malerfreundliches W\u00e4rmed\u00e4mmverbundsystem und Putze. Sie stehen f\u00fcr Top Qualit\u00e4t, hohe Funktionalit\u00e4t, zeitgem\u00e4\u00dfe Wirtschaftlichkeit und zukunftsweisende Umweltvertr\u00e4glichkeit. Im Mittelpunkt stehen dabei die speziellen Bed\u00fcrfnissen und Anforderungen des professionellen Verarbeiters: Die N\u00e4he zum Handwerk charakterisiert das Selbstverst\u00e4ndnis des Mittelst\u00e4ndlers. Dazu z\u00e4hlt Kundenn\u00e4he mit einer \u201eGeht-nicht-gibt\u2019s-nicht-Mentalit\u00e4t\u201c. S\u00dcDWEST Produkte sind die Summe aus jahrzehntelanger Erfahrung, fundiertem Know-How und hoher an den Marktbed\u00fcrfnissen orientierter Innovationskraft. Gemeinsam mit den Partnern im Handel sorgt S\u00fcdwest f\u00fcr einen stets funktionierenden 24-Stunden-Lieferservice und bietet zus\u00e4tzliche Services \u2013 beispielsweise Technische Beratung, Design-Studio und Abt\u00f6nservice.<\/p>\n<hr noshade=\"noshade\" size=\"1\" \/>\n<p>Abdruck honorarfrei, Belegexemplar erbeten<\/td>\n<\/tr>\n<\/tbody>\n<\/table>\n","protected":false},"excerpt":{"rendered":"<p>Neu: \u201eAquaVision Schultafel-Lack\u201c von S\u00fcdwest Schultafel\u2013Lack wird bunt Spielraum f\u00fcr Kreativit\u00e4t: S\u00fcdwest (B\u00f6hl-Iggelheim) hat den bew\u00e4hrten Schultafel-Lack weiterentwickelt. Der wasserbasierende Speziallack ist f\u00fcr Oberfl\u00e4chen konzipiert, die bunt mit Kreide oder Kreidemarkern beschriftet werden k\u00f6nnen und ist jetzt t\u00f6nbar in 20 trendigen Farbt\u00f6nen \u00fcber das All-Color AquaMix-System. Mit Kreide an der Wand malen, feucht abwischen und [&hellip;]<\/p>\n","protected":false},"author":6,"featured_media":12885,"comment_status":"closed","ping_status":"open","sticky":false,"template":"","format":"standard","meta":{"footnotes":""},"categories":[3,17],"tags":[],"class_list":["post-4987","post","type-post","status-publish","format-standard","has-post-thumbnail","hentry","category-kundenmeldungen","category-sudwest"],"_links":{"self":[{"href":"https:\/\/www.pr-neu.de\/newsroom\/wp-json\/wp\/v2\/posts\/4987","targetHints":{"allow":["GET"]}}],"collection":[{"href":"https:\/\/www.pr-neu.de\/newsroom\/wp-json\/wp\/v2\/posts"}],"about":[{"href":"https:\/\/www.pr-neu.de\/newsroom\/wp-json\/wp\/v2\/types\/post"}],"author":[{"embeddable":true,"href":"https:\/\/www.pr-neu.de\/newsroom\/wp-json\/wp\/v2\/users\/6"}],"replies":[{"embeddable":true,"href":"https:\/\/www.pr-neu.de\/newsroom\/wp-json\/wp\/v2\/comments?post=4987"}],"version-history":[{"count":4,"href":"https:\/\/www.pr-neu.de\/newsroom\/wp-json\/wp\/v2\/posts\/4987\/revisions"}],"predecessor-version":[{"id":12888,"href":"https:\/\/www.pr-neu.de\/newsroom\/wp-json\/wp\/v2\/posts\/4987\/revisions\/12888"}],"wp:featuredmedia":[{"embeddable":true,"href":"https:\/\/www.pr-neu.de\/newsroom\/wp-json\/wp\/v2\/media\/12885"}],"wp:attachment":[{"href":"https:\/\/www.pr-neu.de\/newsroom\/wp-json\/wp\/v2\/media?parent=4987"}],"wp:term":[{"taxonomy":"category","embeddable":true,"href":"https:\/\/www.pr-neu.de\/newsroom\/wp-json\/wp\/v2\/categories?post=4987"},{"taxonomy":"post_tag","embeddable":true,"href":"https:\/\/www.pr-neu.de\/newsroom\/wp-json\/wp\/v2\/tags?post=4987"}],"curies":[{"name":"wp","href":"https:\/\/api.w.org\/{rel}","templated":true}]}}