{"id":4985,"date":"2017-02-23T09:50:29","date_gmt":"2017-02-23T09:50:29","guid":{"rendered":"http:\/\/www.pr-nord.de\/newsroom\/?p=4985"},"modified":"2020-05-28T15:53:12","modified_gmt":"2020-05-28T13:53:12","slug":"stosilent-modular-300-gewinnt-german-design-award-2017","status":"publish","type":"post","link":"https:\/\/www.pr-neu.de\/newsroom\/stosilent-modular-300-gewinnt-german-design-award-2017\/","title":{"rendered":"StoSilent Modular 300 gewinnt German Design Award 2017"},"content":{"rendered":"<table border=\"0\" width=\"520\" cellspacing=\"0\" cellpadding=\"0\">\n<tbody>\n<tr>\n<td><b>StoSilent Modular 300 gewinnt German Design Award 2017<\/b><\/p>\n<p><strong>Das variable Deckensegel StoSilent Modular 300 erhielt jetzt den German Design Award. Das schallabsorbierende Segel, das einfach und auch nachtr\u00e4glich zur Optimierung der Raumakustik an Wand oder Decke installiert werden kann, \u00fcberzeugte die Jury auch in gestalterischer Hinsicht. <\/strong><\/p>\n<p>Der German Design Award zeichnet innovative Produkte und Projekte, ihre Hersteller und Gestalter aus, die in der internationalen Designlandschaft wegweisend sind. StoSilent Modular 300 wirkt dank einer flexiblen Abh\u00e4ngung und der Variationsm\u00f6glichkeiten in Form und Farbe zus\u00e4tzlich als Gestaltungselement. Die acht Millimeter schlanke Absorberplatte aus Polyesterfasern ist mit einer drei Millimeter d\u00fcnnen, sichtbaren Aluminium-Profilkante auf zwei Millimeter Fuge abgesetzt. Diese gemeinsam mit dem Designstudio ID AID, Stuttgart, entwickelte edle Optik \u00fcberzeugte die Juroren, da sich \u201edas Paneelsystem mit vergleichsweise d\u00fcnner Polyester-Faserplatte und hochwertigen haptischen Oberfl\u00e4chen (&#8230;) sowohl in freien Formen und Gruppen wie auch in Rastern oder komplexeren freien Rasterfeldern anordnen\u201c l\u00e4sst.<\/p>\n<p>StoSilent Modular 300 spielt im StoSilent Portfolio, dort insbesondere bei den schallschluckenden Elementen StoSilent Modular, eine wichtige Rolle. Das Programm umfasst einfache, aber trotzdem hochwertige L\u00f6sungen, bis hin zu individuell am Bau erstellten Varianten f\u00fcr vielf\u00e4ltige Anforderungen.<\/p>\n<hr noshade=\"noshade\" size=\"1\" \/>\n<p>&nbsp;<\/p>\n<table border=\"0\" width=\"520\" cellspacing=\"0\" cellpadding=\"0\">\n<tbody>\n<tr>\n<td valign=\"top\" width=\"370\" height=\"25\"><a href=\"http:\/\/www.pr-neu.de\/newsroom\/wordpress\/wp-content\/uploads\/2017\/02\/17-17-Silent-GDA_2017_K.jpg\"><img loading=\"lazy\" decoding=\"async\" class=\"size-medium wp-image-12895\" src=\"http:\/\/www.pr-neu.de\/newsroom\/wordpress\/wp-content\/uploads\/2017\/02\/17-17-Silent-GDA_2017_K-300x200.jpg\" alt=\"\" width=\"300\" height=\"200\" srcset=\"https:\/\/www.pr-neu.de\/newsroom\/wordpress\/wp-content\/uploads\/2017\/02\/17-17-Silent-GDA_2017_K-300x200.jpg 300w, https:\/\/www.pr-neu.de\/newsroom\/wordpress\/wp-content\/uploads\/2017\/02\/17-17-Silent-GDA_2017_K-110x73.jpg 110w, https:\/\/www.pr-neu.de\/newsroom\/wordpress\/wp-content\/uploads\/2017\/02\/17-17-Silent-GDA_2017_K.jpg 360w\" sizes=\"auto, (max-width: 300px) 100vw, 300px\" \/><\/a><\/p>\n<p>&nbsp;<\/td>\n<td colspan=\"3\" valign=\"top\" height=\"21\">Francisco Javier Ramos Fernandez, Leiter des Gesch\u00e4ftsfeldes Innenraum bei Sto (links) und der Designer Sven von Boetticher vom Designstudio ID AID nahmen die Urkunde des German Design Award 2017 f\u00fcr StoSilent Modular entgegen.<\/p>\n<p>Foto: Rat f\u00fcr Formgebung<\/p>\n<p>&nbsp;<\/td>\n<\/tr>\n<\/tbody>\n<\/table>\n<hr noshade=\"noshade\" size=\"1\" \/>\n<p>&nbsp;<\/p>\n<p>Abdruck honorarfrei<br \/>\nBelegexemplar erbeten<\/td>\n<\/tr>\n<\/tbody>\n<\/table>\n","protected":false},"excerpt":{"rendered":"<p>StoSilent Modular 300 gewinnt German Design Award 2017 Das variable Deckensegel StoSilent Modular 300 erhielt jetzt den German Design Award. Das schallabsorbierende Segel, das einfach und auch nachtr\u00e4glich zur Optimierung der Raumakustik an Wand oder Decke installiert werden kann, \u00fcberzeugte die Jury auch in gestalterischer Hinsicht. Der German Design Award zeichnet innovative Produkte und Projekte, [&hellip;]<\/p>\n","protected":false},"author":6,"featured_media":12895,"comment_status":"closed","ping_status":"open","sticky":false,"template":"","format":"standard","meta":{"footnotes":""},"categories":[3,15],"tags":[],"class_list":["post-4985","post","type-post","status-publish","format-standard","has-post-thumbnail","hentry","category-kundenmeldungen","category-sto"],"_links":{"self":[{"href":"https:\/\/www.pr-neu.de\/newsroom\/wp-json\/wp\/v2\/posts\/4985","targetHints":{"allow":["GET"]}}],"collection":[{"href":"https:\/\/www.pr-neu.de\/newsroom\/wp-json\/wp\/v2\/posts"}],"about":[{"href":"https:\/\/www.pr-neu.de\/newsroom\/wp-json\/wp\/v2\/types\/post"}],"author":[{"embeddable":true,"href":"https:\/\/www.pr-neu.de\/newsroom\/wp-json\/wp\/v2\/users\/6"}],"replies":[{"embeddable":true,"href":"https:\/\/www.pr-neu.de\/newsroom\/wp-json\/wp\/v2\/comments?post=4985"}],"version-history":[{"count":3,"href":"https:\/\/www.pr-neu.de\/newsroom\/wp-json\/wp\/v2\/posts\/4985\/revisions"}],"predecessor-version":[{"id":12896,"href":"https:\/\/www.pr-neu.de\/newsroom\/wp-json\/wp\/v2\/posts\/4985\/revisions\/12896"}],"wp:featuredmedia":[{"embeddable":true,"href":"https:\/\/www.pr-neu.de\/newsroom\/wp-json\/wp\/v2\/media\/12895"}],"wp:attachment":[{"href":"https:\/\/www.pr-neu.de\/newsroom\/wp-json\/wp\/v2\/media?parent=4985"}],"wp:term":[{"taxonomy":"category","embeddable":true,"href":"https:\/\/www.pr-neu.de\/newsroom\/wp-json\/wp\/v2\/categories?post=4985"},{"taxonomy":"post_tag","embeddable":true,"href":"https:\/\/www.pr-neu.de\/newsroom\/wp-json\/wp\/v2\/tags?post=4985"}],"curies":[{"name":"wp","href":"https:\/\/api.w.org\/{rel}","templated":true}]}}