{"id":498,"date":"2011-03-25T14:07:42","date_gmt":"2011-03-25T13:07:42","guid":{"rendered":"http:\/\/www.pr-nord.de\/newsroom\/?p=498"},"modified":"2020-05-28T16:25:12","modified_gmt":"2020-05-28T14:25:12","slug":"fensterscheiben-mit-glucksfaktor","status":"publish","type":"post","link":"https:\/\/www.pr-neu.de\/newsroom\/fensterscheiben-mit-glucksfaktor\/","title":{"rendered":"Fensterscheiben mit Gl\u00fccksfaktor"},"content":{"rendered":"<p><span style=\"text-decoration: underline;\">EControl dimmbares Glas<\/span><\/p>\n<p>Sonne ohne Hitze genie\u00dfen \/ \u201eGlas als Antidepressivum\u201c<\/p>\n<p><strong>Plauen. Eine moderne Alternative zu Rollo oder Jalousie sind steuerbare Fensterscheiben. Diese lassen sich \u00fcber eine Schalteinheit in feinen Stufen \u201edimmen\u201c \u2013 und regeln so den Licht- und Sonnenenergieeintrag individuell. Der Bewohner bestimmt, wie viel und vor allem welchen Teil des Sonnenlichts er in seinem Geb\u00e4ude haben m\u00f6chte \u2013 ohne Verschattungsanlage, aber inklusive Blend- und \u00dcberhitzungsschutz. Das ist sogar gesund: W\u00e4hrend Rolll\u00e4den das Tageslicht komplett aussperren und herk\u00f6mmliches Sonnenschutzglas meist das gesamte Tageslichtspektrum reduziert, l\u00e4sst EControl-Glas das kalte bzw. blaue Licht weitgehend hindurch, selbst bei maximaler Dimmung. \u201eDieser blaue Anteil in den Sonnenstrahlen regt den Organismus an, macht wach und wirkt so positiv auf unser Wohlgef\u00fchl. Das Glas ist quasi ein Anti-Depressivum\u201c, sagt Dr. Hartmut Wittkopf, Gesch\u00e4ftsf\u00fchrer von EControl, mit Sitz in Plauen. <\/strong><\/p>\n<p>Sonnenschein ist \u201eNervennahrung\u201c. Er streichelt K\u00f6rper, Geist und Seele, weil er zum Beispiel die Produktion von Vitamin D anregt. Dieses \u201eSonnenvitamin\u201c ist ein Multitalent: es sch\u00fctzt Knochen und Z\u00e4hne, st\u00e4rkt Herz und Kreislauf \u2013 es macht wach und vital, weil es die Bildung von Melatonin, dem \u201eSchlafhormon\u201c, hemmt. Zugleich ist Vitamin D f\u00fcr eine Reihe von Hormonen notwendig, die das seelische Wohlbefinden in Harmonie halten. Eine Dosis Tageslicht macht also fit und fr\u00f6hlich und kann, gerade bei gro\u00dfen Fenstern, auch im Geb\u00e4ude genossen werden.<\/p>\n<p>Die meisten Menschen m\u00f6gen lichtdurchflutete R\u00e4ume \u2013 ob zuhause oder im B\u00fcro. Deshalb sind gro\u00dffl\u00e4chige Fenster popul\u00e4r. Damit die R\u00e4ume aber nicht \u00fcberhitzen und blendfreies Arbeiten immer m\u00f6glich ist, sorgen h\u00e4ufig Verschattungsanlagen daf\u00fcr, dass h\u00f6chstens diffuses Licht nach innen gelangt. \u201eWenn die Sonne also am sch\u00f6nsten scheint, heizen sich viele R\u00e4ume auf und sie wird als st\u00f6rend empfunden. Dann werden Rollos herunter gelassen \u2013 und auch das positiv nutzbare blaue Licht aus dem Spektrum der Sonnenstrahlen kommt nicht mehr nach innen\u201c, bringt Dr. Hartmut Wittkopf, Gesch\u00e4ftsf\u00fchrer von EControl, das Problem auf den Punkt.<\/p>\n<p>Die L\u00f6sung ist \u201edimmbares\u201c Glas, weil es das Sonnenlicht filtert. Es gelangt weiterhin viel vitalisierende Helligkeit und K\u00fchle in die R\u00e4ume und gleichzeitig sch\u00fctzt das Glas vor \u00dcberhitzung und starker Blendung \u2013 eine zus\u00e4tzliche Verschattung wird \u00fcberfl\u00fcssig. \u201eJe nach Sonneneinstrahlung, Jahreszeit und pers\u00f6nlichem Geschmack k\u00f6nnen die Scheiben abgedunkelt werden \u2013 oder eben nicht. Das erfolgt per Handschalter oder \u00fcber eine Automatik, falls gew\u00fcnscht, f\u00fcr jedem Raum individuell\u201c, erl\u00e4utert Wittkopf.<\/p>\n<p>Ideale Einsatzorte f\u00fcr das steuerbare Fensterglas sind alle Geb\u00e4ude, die (besonders auf der S\u00fcdseite) auf viel Glas setzen \u2013 Privath\u00e4user ebenso wie B\u00fcro- und Verwaltungsgeb\u00e4ude. Auch f\u00fcr Winterg\u00e4rten, Atrien und Dachfenster ist dieses neue Glas besonders geeignet, denn hier strahlt die Sommersonne besonders intensiv in die dahinter liegenden R\u00e4ume.<\/p>\n<p>Weitere Informationen im Internet unter <a href=\"http:\/\/www.econtrol-glas.de\" target=\"_blank\" rel=\"noopener noreferrer\">www.econtrol-glas.de<\/a>.<\/p>\n<hr noshade=\"noshade\" size=\"1\" \/>\n<table style=\"height: 703px;\" border=\"0\" width=\"617\" cellspacing=\"0\" cellpadding=\"0\">\n<tbody>\n<tr>\n<td valign=\"top\" width=\"370\" height=\"200\"><a href=\"http:\/\/www.pr-neu.de\/newsroom\/wordpress\/wp-content\/uploads\/2011\/03\/11-01_ungedimmt_G-1.jpg\"><img loading=\"lazy\" decoding=\"async\" class=\"aligncenter size-medium wp-image-13074\" src=\"http:\/\/www.pr-neu.de\/newsroom\/wordpress\/wp-content\/uploads\/2011\/03\/11-01_ungedimmt_G-1-300x228.jpg\" alt=\"\" width=\"300\" height=\"228\" srcset=\"https:\/\/www.pr-neu.de\/newsroom\/wordpress\/wp-content\/uploads\/2011\/03\/11-01_ungedimmt_G-1-300x228.jpg 300w, https:\/\/www.pr-neu.de\/newsroom\/wordpress\/wp-content\/uploads\/2011\/03\/11-01_ungedimmt_G-1-1024x777.jpg 1024w, https:\/\/www.pr-neu.de\/newsroom\/wordpress\/wp-content\/uploads\/2011\/03\/11-01_ungedimmt_G-1-768x583.jpg 768w, https:\/\/www.pr-neu.de\/newsroom\/wordpress\/wp-content\/uploads\/2011\/03\/11-01_ungedimmt_G-1-1536x1166.jpg 1536w, https:\/\/www.pr-neu.de\/newsroom\/wordpress\/wp-content\/uploads\/2011\/03\/11-01_ungedimmt_G-1-2048x1555.jpg 2048w, https:\/\/www.pr-neu.de\/newsroom\/wordpress\/wp-content\/uploads\/2011\/03\/11-01_ungedimmt_G-1-110x84.jpg 110w, https:\/\/www.pr-neu.de\/newsroom\/wordpress\/wp-content\/uploads\/2011\/03\/11-01_ungedimmt_G-1-420x319.jpg 420w, https:\/\/www.pr-neu.de\/newsroom\/wordpress\/wp-content\/uploads\/2011\/03\/11-01_ungedimmt_G-1-566x430.jpg 566w\" sizes=\"auto, (max-width: 300px) 100vw, 300px\" \/><\/a><\/td>\n<td colspan=\"3\" height=\"200\">Ganzj\u00e4hrig freie Durchsicht und gesundes Tageslicht f\u00fcr Winterg\u00e4rten und gro\u00dffl\u00e4chige Terrassenverglasungen \u2013 ohne \u00dcberhitzung.<\/p>\n<p>Im Bild: ungedimmt.<\/p>\n<p>Foto: EControl-Glas<\/td>\n<\/tr>\n<tr>\n<td valign=\"top\" width=\"370\" height=\"200\"><a href=\"http:\/\/www.pr-neu.de\/newsroom\/wordpress\/wp-content\/uploads\/2011\/03\/11-01_50und100prozent_G.jpg\"><img loading=\"lazy\" decoding=\"async\" class=\"aligncenter size-medium wp-image-13075\" src=\"http:\/\/www.pr-neu.de\/newsroom\/wordpress\/wp-content\/uploads\/2011\/03\/11-01_50und100prozent_G-300x228.jpg\" alt=\"\" width=\"300\" height=\"228\" srcset=\"https:\/\/www.pr-neu.de\/newsroom\/wordpress\/wp-content\/uploads\/2011\/03\/11-01_50und100prozent_G-300x228.jpg 300w, https:\/\/www.pr-neu.de\/newsroom\/wordpress\/wp-content\/uploads\/2011\/03\/11-01_50und100prozent_G-1024x777.jpg 1024w, https:\/\/www.pr-neu.de\/newsroom\/wordpress\/wp-content\/uploads\/2011\/03\/11-01_50und100prozent_G-768x583.jpg 768w, https:\/\/www.pr-neu.de\/newsroom\/wordpress\/wp-content\/uploads\/2011\/03\/11-01_50und100prozent_G-1536x1166.jpg 1536w, https:\/\/www.pr-neu.de\/newsroom\/wordpress\/wp-content\/uploads\/2011\/03\/11-01_50und100prozent_G-2048x1555.jpg 2048w, https:\/\/www.pr-neu.de\/newsroom\/wordpress\/wp-content\/uploads\/2011\/03\/11-01_50und100prozent_G-110x84.jpg 110w, https:\/\/www.pr-neu.de\/newsroom\/wordpress\/wp-content\/uploads\/2011\/03\/11-01_50und100prozent_G-420x319.jpg 420w, https:\/\/www.pr-neu.de\/newsroom\/wordpress\/wp-content\/uploads\/2011\/03\/11-01_50und100prozent_G-566x430.jpg 566w\" sizes=\"auto, (max-width: 300px) 100vw, 300px\" \/><\/a><\/td>\n<td colspan=\"3\" height=\"200\">Dimmung 50 Prozent und 100 Prozent.<\/p>\n<p>Foto: EControl-Glas<\/td>\n<\/tr>\n<tr>\n<td valign=\"top\" width=\"370\" height=\"200\"><a href=\"http:\/\/www.pr-neu.de\/newsroom\/wordpress\/wp-content\/uploads\/2011\/03\/11-01_100prozent_G.jpg\"><img loading=\"lazy\" decoding=\"async\" class=\"aligncenter size-medium wp-image-13076\" src=\"http:\/\/www.pr-neu.de\/newsroom\/wordpress\/wp-content\/uploads\/2011\/03\/11-01_100prozent_G-300x228.jpg\" alt=\"\" width=\"300\" height=\"228\" srcset=\"https:\/\/www.pr-neu.de\/newsroom\/wordpress\/wp-content\/uploads\/2011\/03\/11-01_100prozent_G-300x228.jpg 300w, https:\/\/www.pr-neu.de\/newsroom\/wordpress\/wp-content\/uploads\/2011\/03\/11-01_100prozent_G-1024x777.jpg 1024w, https:\/\/www.pr-neu.de\/newsroom\/wordpress\/wp-content\/uploads\/2011\/03\/11-01_100prozent_G-768x583.jpg 768w, https:\/\/www.pr-neu.de\/newsroom\/wordpress\/wp-content\/uploads\/2011\/03\/11-01_100prozent_G-1536x1166.jpg 1536w, https:\/\/www.pr-neu.de\/newsroom\/wordpress\/wp-content\/uploads\/2011\/03\/11-01_100prozent_G-2048x1555.jpg 2048w, https:\/\/www.pr-neu.de\/newsroom\/wordpress\/wp-content\/uploads\/2011\/03\/11-01_100prozent_G-110x84.jpg 110w, https:\/\/www.pr-neu.de\/newsroom\/wordpress\/wp-content\/uploads\/2011\/03\/11-01_100prozent_G-420x319.jpg 420w, https:\/\/www.pr-neu.de\/newsroom\/wordpress\/wp-content\/uploads\/2011\/03\/11-01_100prozent_G-566x430.jpg 566w\" sizes=\"auto, (max-width: 300px) 100vw, 300px\" \/><\/a><\/td>\n<td colspan=\"3\" height=\"200\">Das Glas beidseitig auf st\u00e4rkster \u201eDimm-Stufe\u201c.<\/p>\n<p>Foto: EControl-Glas<\/td>\n<\/tr>\n<\/tbody>\n<\/table>\n<hr noshade=\"noshade\" size=\"1\" \/>\n<p>Abdruck honorarfrei, Belegexemplar erbeten<\/p>\n<p><strong>R\u00fcckfragen beantwortet gern<\/strong><\/p>\n<table width=\"532\">\n<tbody>\n<tr>\n<td valign=\"top\" width=\"260\" height=\"25\"><strong>EControl-Glas<\/strong> GmbH &amp; Co. KG<br \/>\nNadine Witt<br \/>\nTel.: +49(0)3741\/14820-116<br \/>\nFax: +49(0)3741\/14820-150<br \/>\nE-Mail: <a href=\"&#109;&#x61;i&#x6c;&#x74;&#111;&#x3a;p&#114;&#x65;&#115;&#x73;e&#64;&#x65;c&#x6f;n&#116;&#x72;o&#x6c;&#x2d;&#103;&#x6c;a&#115;&#x2e;&#100;&#x65;\">pr&#101;&#115;&#115;&#x65;&#x40;&#x65;&#x63;&#x6f;nt&#114;&#111;&#108;&#x2d;&#x67;&#x6c;&#x61;&#x73;&#46;d&#101;<\/a><\/td>\n<td colspan=\"3\" valign=\"top\" width=\"260\" height=\"21\"><\/td>\n<\/tr>\n<\/tbody>\n<\/table>\n","protected":false},"excerpt":{"rendered":"<p>EControl dimmbares Glas Sonne ohne Hitze genie\u00dfen \/ \u201eGlas als Antidepressivum\u201c Plauen. Eine moderne Alternative zu Rollo oder Jalousie sind steuerbare Fensterscheiben. Diese lassen sich \u00fcber eine Schalteinheit in feinen Stufen \u201edimmen\u201c \u2013 und regeln so den Licht- und Sonnenenergieeintrag individuell. Der Bewohner bestimmt, wie viel und vor allem welchen Teil des Sonnenlichts er in [&hellip;]<\/p>\n","protected":false},"author":6,"featured_media":7900,"comment_status":"closed","ping_status":"open","sticky":false,"template":"","format":"standard","meta":{"footnotes":""},"categories":[25,3],"tags":[51,134,147,230,491,492],"class_list":["post-498","post","type-post","status-publish","format-standard","has-post-thumbnail","hentry","category-econtrol","category-kundenmeldungen","tag-antidepressivum","tag-dimmbar","tag-econtrol-2","tag-glas","tag-sonne","tag-sonnenschutz"],"_links":{"self":[{"href":"https:\/\/www.pr-neu.de\/newsroom\/wp-json\/wp\/v2\/posts\/498","targetHints":{"allow":["GET"]}}],"collection":[{"href":"https:\/\/www.pr-neu.de\/newsroom\/wp-json\/wp\/v2\/posts"}],"about":[{"href":"https:\/\/www.pr-neu.de\/newsroom\/wp-json\/wp\/v2\/types\/post"}],"author":[{"embeddable":true,"href":"https:\/\/www.pr-neu.de\/newsroom\/wp-json\/wp\/v2\/users\/6"}],"replies":[{"embeddable":true,"href":"https:\/\/www.pr-neu.de\/newsroom\/wp-json\/wp\/v2\/comments?post=498"}],"version-history":[{"count":4,"href":"https:\/\/www.pr-neu.de\/newsroom\/wp-json\/wp\/v2\/posts\/498\/revisions"}],"predecessor-version":[{"id":13077,"href":"https:\/\/www.pr-neu.de\/newsroom\/wp-json\/wp\/v2\/posts\/498\/revisions\/13077"}],"wp:featuredmedia":[{"embeddable":true,"href":"https:\/\/www.pr-neu.de\/newsroom\/wp-json\/wp\/v2\/media\/7900"}],"wp:attachment":[{"href":"https:\/\/www.pr-neu.de\/newsroom\/wp-json\/wp\/v2\/media?parent=498"}],"wp:term":[{"taxonomy":"category","embeddable":true,"href":"https:\/\/www.pr-neu.de\/newsroom\/wp-json\/wp\/v2\/categories?post=498"},{"taxonomy":"post_tag","embeddable":true,"href":"https:\/\/www.pr-neu.de\/newsroom\/wp-json\/wp\/v2\/tags?post=498"}],"curies":[{"name":"wp","href":"https:\/\/api.w.org\/{rel}","templated":true}]}}