{"id":4967,"date":"2017-02-13T11:14:00","date_gmt":"2017-02-13T11:14:00","guid":{"rendered":"http:\/\/www.pr-nord.de\/newsroom\/?p=4967"},"modified":"2020-05-28T15:55:38","modified_gmt":"2020-05-28T13:55:38","slug":"viel-mehr-als-funktion-3","status":"publish","type":"post","link":"https:\/\/www.pr-neu.de\/newsroom\/viel-mehr-als-funktion-3\/","title":{"rendered":"Viel mehr als Funktion"},"content":{"rendered":"<p><span style=\"text-decoration: underline;\">Moderne Garagentore:<\/span><\/p>\n<p><strong>Die Anspr\u00fcche an ein Garagentor sind hinsichtlich \u00c4sthetik und Funktion in den vergangenen Jahren erheblich gestiegen: Schutz vor Einbruch, dauerhafte und komfortable Funktion, architektonisch zum Eigenheim passend \u2013 das z\u00e4hlt heute zu den Standards. Mit CarTeck-Garagentoren lassen sich diese Vorgaben einfach erf\u00fcllen. Sie bieten breite Wahlm\u00f6glichkeiten und Sicherheit Made in Germany. Zudem f\u00fchrt der Hersteller (Teckentrup\/Verl) in diesem Jahr eine neue Tor-Zarge ein, die den Einbau vereinfacht und damit Wirtschaftlichkeit und Sicherheit zus\u00e4tzlich verbessert.<\/strong><\/p>\n<p>Eigenheimbesitzer entdecken die Garage: Neben der Funktion als Unterstellplatz f\u00fcrs Auto wird der Raum vielerorts l\u00e4ngst als Lager oder Werkstatt genutzt. Bauherren verlangen heute oft ein sch\u00f6nes Tor, das zum Stil des Hauses passt. Schutz vor Wind und Wetter, noch wichtiger vor Einbruch, und repr\u00e4sentative Optik sind die Grundanforderungen an ein modernes Garagentor. Auch der Komfort soll nicht zu kurz kommen: Elektrisch angetrieben und per Fernbedienung steuerbar geh\u00f6rt mittlerweile zum Standard. Dieser Eigenschaften-Mix gilt umso mehr, wenn das Tor der einzige Zugang zur Garage ist.<\/p>\n<p>Dieses Profil erf\u00fcllen die modernen CarTeck-Tore (von Teckentrup, Verl). Beispiel Einbruchschutz: Der Hersteller produziert seine Tore gem\u00e4\u00df T\u00dcV-Siegel-Anforderungen f\u00fcr hohen Diebstahlschutz, zudem wirkt der elektrische Antrieb als Aufschubsicherung. \u201eAuch das Einfangen des Funksignals ist nicht mehr m\u00f6glich: Mit dem \u201aRolling Code-Verfahren\u2019 bleibt es stets verschl\u00fcsselt, die Funkverbindung vom Sender zum Antrieb ist vor Zugriffen Dritter gesch\u00fctzt\u201c, erkl\u00e4rt Ekkehard Grohs, Leiter Entwicklung und Konstruktion Tore bei Teckentrup.<\/p>\n<p>Um die Unfallgefahr zu minimieren, setzt Teckentrup Federkan\u00e4le ein, die unter der Decke verlaufen. Zwischen den Torabschnitten sorgt ein Klemmschutz daf\u00fcr, dass keine Finger dazwischen geraten und gequetscht werden. L\u00e4uft das Tor auf ein Hindernis, f\u00e4hrt es sofort wieder hoch. Mit einer Lichtschranke l\u00e4sst sich ein Kontakt sogar ganz vermeiden. F\u00fcr den W\u00e4rmeschutz verf\u00fcgen Tore heutzutage \u00fcber einen D\u00e4mmkern, der die Garage vor dem Ausk\u00fchlen sch\u00fctzt. Das freut vor allem Bastler, die sich viel in ihrer Garage aufhalten. Und die Zeiten des tristen Grau (oder Braun) des Tors sind auch l\u00e4ngst vorbei \u2013 bei Farbt\u00f6nen gibt es kaum Grenzen. Individuell w\u00e4hlbare Verglasungen erweitern den gestalterischen Spielraum. Ein optisch passendes Tor l\u00e4sst sich so leicht finden.<\/p>\n<p>Die neu entwickelte Zarge vereinfacht jetzt zudem die Montage. \u201eSchnellerer Einbau spart Arbeitszeit und dem Bauherren somit Geld\u201c, res\u00fcmiert Grohs. Ein Fachbetrieb baut Tor und Zarge in wenigen Stunden komplett ein (und entsorgt das alte.<\/p>\n<hr noshade=\"noshade\" size=\"1\" \/>\n<p><strong> Garagentore online finden <\/strong><\/p>\n<p>Seit kurzem lassen sich Teckentrup-Tore mit ein paar Clicks online konfigurieren und bestellen. Nach der Eingabe seiner Postleitzahl w\u00e4hlt sich der Surfer einen H\u00e4ndler vor Ort. Dann bestellt und gestaltet er in nur f\u00fcnf Schritten (z.B. Einzel- oder Doppelgarage, Farbe, Oberfl\u00e4chenstruktur) sein Garagentor online. Den Preis sieht er bereits w\u00e4hrend der Auswahl. Im ersten Schritt ist eine Pilotregion um den Firmensitz ange\u00adschlossen. Bis Ende April ist ein bundesweites Netzwerk von H\u00e4ndlern angeschlossen. Bis dahin kann auch direkt bei Teckentrup bestellt werden. Das Unternehmen vermittelt dann einen Anbieter vor Ort.<\/p>\n<p><a href=\"https:\/\/shop.teckentrup.biz\">https:\/\/shop.teckentrup.biz<\/a><\/p>\n<hr noshade=\"noshade\" size=\"1\" \/>\n<table style=\"height: 399px;\" border=\"0\" width=\"630\" cellspacing=\"0\" cellpadding=\"0\">\n<tbody>\n<tr>\n<td valign=\"top\" width=\"380\"><a href=\"http:\/\/www.pr-neu.de\/newsroom\/wordpress\/wp-content\/uploads\/2017\/02\/17-02-Garagentor-2017_K.jpg\"><img loading=\"lazy\" decoding=\"async\" class=\"size-medium wp-image-12906\" src=\"http:\/\/www.pr-neu.de\/newsroom\/wordpress\/wp-content\/uploads\/2017\/02\/17-02-Garagentor-2017_K-300x251.jpg\" alt=\"\" width=\"300\" height=\"251\" srcset=\"https:\/\/www.pr-neu.de\/newsroom\/wordpress\/wp-content\/uploads\/2017\/02\/17-02-Garagentor-2017_K-300x250.jpg 300w, https:\/\/www.pr-neu.de\/newsroom\/wordpress\/wp-content\/uploads\/2017\/02\/17-02-Garagentor-2017_K-110x92.jpg 110w, https:\/\/www.pr-neu.de\/newsroom\/wordpress\/wp-content\/uploads\/2017\/02\/17-02-Garagentor-2017_K.jpg 360w\" sizes=\"auto, (max-width: 300px) 100vw, 300px\" \/><\/a><\/td>\n<td>\n<p align=\"left\">Moderne Garagentore lassen sich noch individueller gestalten. Mit Glaseinl\u00e4ssen wie bei diesem Tor der CarTeck-Serie bekommt das Tor eine besonders \u00e4sthetische Note \u2013 und die Garage Licht.<\/p>\n<p align=\"left\">Foto: Teckentrup<\/p>\n<\/td>\n<\/tr>\n<tr>\n<td valign=\"top\" width=\"380\"><a href=\"http:\/\/www.pr-neu.de\/newsroom\/wordpress\/wp-content\/uploads\/2017\/02\/17-02-CarTeck-Familie_K.jpg\"><img loading=\"lazy\" decoding=\"async\" class=\"size-medium wp-image-12907\" src=\"http:\/\/www.pr-neu.de\/newsroom\/wordpress\/wp-content\/uploads\/2017\/02\/17-02-CarTeck-Familie_K-200x300.jpg\" alt=\"\" width=\"200\" height=\"300\" srcset=\"https:\/\/www.pr-neu.de\/newsroom\/wordpress\/wp-content\/uploads\/2017\/02\/17-02-CarTeck-Familie_K-200x300.jpg 200w, https:\/\/www.pr-neu.de\/newsroom\/wordpress\/wp-content\/uploads\/2017\/02\/17-02-CarTeck-Familie_K-73x110.jpg 73w, https:\/\/www.pr-neu.de\/newsroom\/wordpress\/wp-content\/uploads\/2017\/02\/17-02-CarTeck-Familie_K.jpg 240w\" sizes=\"auto, (max-width: 200px) 100vw, 200px\" \/><\/a><\/td>\n<td>\n<p align=\"left\">Attraktive Garagentore unterstreichen den Stil des Eigenheims. Bei der Wahl des Tores sollte zudem auf Sicherheitsaspekte geachtet werden \u2013 wie ein Fingerklemmschutz zwischen den einzelnen Tor-Sektionen.<\/p>\n<p align=\"left\">Foto: Teckentrup<\/p>\n<\/td>\n<\/tr>\n<\/tbody>\n<\/table>\n<hr noshade=\"noshade\" size=\"1\" \/>\n<p>Abdruck honorarfrei, Belegexemplar erbeten.<\/p>\n","protected":false},"excerpt":{"rendered":"<p>Moderne Garagentore: Die Anspr\u00fcche an ein Garagentor sind hinsichtlich \u00c4sthetik und Funktion in den vergangenen Jahren erheblich gestiegen: Schutz vor Einbruch, dauerhafte und komfortable Funktion, architektonisch zum Eigenheim passend \u2013 das z\u00e4hlt heute zu den Standards. Mit CarTeck-Garagentoren lassen sich diese Vorgaben einfach erf\u00fcllen. Sie bieten breite Wahlm\u00f6glichkeiten und Sicherheit Made in Germany. Zudem f\u00fchrt [&hellip;]<\/p>\n","protected":false},"author":6,"featured_media":7660,"comment_status":"closed","ping_status":"open","sticky":false,"template":"","format":"standard","meta":{"footnotes":""},"categories":[3,18],"tags":[],"class_list":["post-4967","post","type-post","status-publish","format-standard","has-post-thumbnail","hentry","category-kundenmeldungen","category-teckentrup"],"_links":{"self":[{"href":"https:\/\/www.pr-neu.de\/newsroom\/wp-json\/wp\/v2\/posts\/4967","targetHints":{"allow":["GET"]}}],"collection":[{"href":"https:\/\/www.pr-neu.de\/newsroom\/wp-json\/wp\/v2\/posts"}],"about":[{"href":"https:\/\/www.pr-neu.de\/newsroom\/wp-json\/wp\/v2\/types\/post"}],"author":[{"embeddable":true,"href":"https:\/\/www.pr-neu.de\/newsroom\/wp-json\/wp\/v2\/users\/6"}],"replies":[{"embeddable":true,"href":"https:\/\/www.pr-neu.de\/newsroom\/wp-json\/wp\/v2\/comments?post=4967"}],"version-history":[{"count":4,"href":"https:\/\/www.pr-neu.de\/newsroom\/wp-json\/wp\/v2\/posts\/4967\/revisions"}],"predecessor-version":[{"id":12910,"href":"https:\/\/www.pr-neu.de\/newsroom\/wp-json\/wp\/v2\/posts\/4967\/revisions\/12910"}],"wp:featuredmedia":[{"embeddable":true,"href":"https:\/\/www.pr-neu.de\/newsroom\/wp-json\/wp\/v2\/media\/7660"}],"wp:attachment":[{"href":"https:\/\/www.pr-neu.de\/newsroom\/wp-json\/wp\/v2\/media?parent=4967"}],"wp:term":[{"taxonomy":"category","embeddable":true,"href":"https:\/\/www.pr-neu.de\/newsroom\/wp-json\/wp\/v2\/categories?post=4967"},{"taxonomy":"post_tag","embeddable":true,"href":"https:\/\/www.pr-neu.de\/newsroom\/wp-json\/wp\/v2\/tags?post=4967"}],"curies":[{"name":"wp","href":"https:\/\/api.w.org\/{rel}","templated":true}]}}