{"id":4808,"date":"2017-01-26T09:19:47","date_gmt":"2017-01-26T08:19:47","guid":{"rendered":"http:\/\/www.pr-nord.de\/newsroom\/?p=4808"},"modified":"2021-12-22T12:24:04","modified_gmt":"2021-12-22T11:24:04","slug":"einbau-vereinfacht-sicherheit-erhoeht-vertrieb-digitalisiert-2","status":"publish","type":"post","link":"https:\/\/www.pr-neu.de\/newsroom\/einbau-vereinfacht-sicherheit-erhoeht-vertrieb-digitalisiert-2\/","title":{"rendered":"Einbau vereinfacht, Sicherheit erh\u00f6ht, Vertrieb digitalisiert"},"content":{"rendered":"<p><span style=\"text-decoration: underline;\">Teckentrup: Neue Garagentor-Zarge zur BAU<\/span><\/p>\n<p><strong>Eine Zarge, die sowohl den Einbau vereinfacht als auch Wirtschaftlichkeit und Sicherheit optimiert, war das Messe-Highlight im Segment Garagentore bei Teckentrup (Verl). So weitet das Unternehmen die kundenzentrierte Entwicklung auch auf die Produktsparte \u201eHome\u201c und die CarTeck-Garagentore aus. Zudem erweitert eine neue Holzoptik den gestalterischen Spielraum. Mit dem neu konzipierten Garagentor-Konfigurator \u2013 jetzt als Web-Shop, der von den Teckentrup-Partnerunternehmen betrieben wird und Bauherren interaktiv und einfach zum neuen Garagentor f\u00fchrt \u2013 pr\u00e4sentierte Teckentrup dar\u00fcber hinaus, wie der Bauherren-Dialog modern, einfach und effizient gef\u00fchrt werden kann.<\/strong><\/p>\n<p>\u201eSchnell, einfach und sicher \u2013 das ist unsere neue Garagentor-Zarge\u201c, erkl\u00e4rt Ronny-Gnichwitz, Technik-Experte von Teckentrup, \u201edies gilt vor allem mit Blick auf die Montage\u201c. Das verbesserte Design des Zargen-Grundk\u00f6rpers kommt jetzt optional ohne Stanzungen auf der Fronseite aus. Dadurch entf\u00e4llt gegebenenfalls das zeit- und kostenintensive Verblenden, das spart Montage- und Materialkosten. Auch der Einbau selbst wird leichter: Kleine Tore kommen jetzt ohne Haltewinkel und mit nur einer Deckenabh\u00e4ngung aus, bei gr\u00f6\u00dferen Toren (&gt; 2.500 mm) ersetzen Clips die bislang \u00fcblichen Verschraubungen.<\/p>\n<p>Auch die Laufschiene stellt sich deutlich montagefreundliche dar: Die Verschraubung erfolgt jetzt von vorn und ist so auch bei beengtem Platz einfach m\u00f6glich. Der Bogen ist kurz gehalten, die Stahl-Laufschiene ist geknickt, wodurch die Verbindung zwischen horizontaler und vertikaler Zarge deutlich stabiler wird. Das wiederum f\u00fchrt dazu, dass die Zarge mit weniger Abh\u00e4ngungen auskommt. Da die innovative Seileinh\u00e4ngung kein Pressklemmensystem ben\u00f6tigt, entfallen die Tabellen zur Federspannung \u2013 die Justage erfolgt schnell und intuitiv und ohne K\u00fcrzen der Stellschraube.<\/p>\n<p><strong>Konstruktiv zu mehr Sicherheit<\/strong><\/p>\n<p>Um die Sicherheit bei Federbruch zu erh\u00f6hen, sind die neuen Tore mit Federkanalb\u00fcgel und verst\u00e4rkter Endkappe ausgestattet. Alle Detailverbesserungen beschleunigen den Einbau, es wird also in der gleichen Zeit mehr geschafft \u2013 er dauert nur wenige Stunden. \u201eVorteilhaft ist auch, dass konstruktionsbedingt einige Fehlerquellen nun ausgeschlossen sind\u201c, res\u00fcmiert Gnichwitz.<\/p>\n<p>Mit einer neuen Holz-Optik sowie individuell w\u00e4hlbaren Verglasungsm\u00f6glichkeiten steigt zudem der gestalterische Spielraum bei CarTeck-Toren. Besonders elegant sind die fl\u00e4chenb\u00fcndigen Glaseinl\u00e4sse.<\/p>\n<hr noshade=\"noshade\" size=\"1\" \/>\n<table style=\"height: 1232px;\" border=\"0\" width=\"696\" cellspacing=\"0\" cellpadding=\"0\">\n<tbody>\n<tr>\n<td valign=\"top\" width=\"380\"><a href=\"http:\/\/www.pr-neu.de\/newsroom\/wordpress\/wp-content\/uploads\/2017\/01\/17-03_Zarge_gesamt_K.jpg\"><img loading=\"lazy\" decoding=\"async\" class=\"size-medium wp-image-12945\" src=\"http:\/\/www.pr-neu.de\/newsroom\/wordpress\/wp-content\/uploads\/2017\/01\/17-03_Zarge_gesamt_K-300x255.jpg\" alt=\"\" width=\"300\" height=\"255\" srcset=\"https:\/\/www.pr-neu.de\/newsroom\/wordpress\/wp-content\/uploads\/2017\/01\/17-03_Zarge_gesamt_K-300x255.jpg 300w, https:\/\/www.pr-neu.de\/newsroom\/wordpress\/wp-content\/uploads\/2017\/01\/17-03_Zarge_gesamt_K-110x94.jpg 110w, https:\/\/www.pr-neu.de\/newsroom\/wordpress\/wp-content\/uploads\/2017\/01\/17-03_Zarge_gesamt_K.jpg 360w\" sizes=\"auto, (max-width: 300px) 100vw, 300px\" \/><\/a><\/td>\n<td>Montagefreundliche Zarge: Die neuen Haltewinkel ben\u00f6tigen weniger Schrauben als konventionelle L\u00f6sungen und sparen Anschlagbreite. Die kompakte Federbefestigung ohne lange Justageschraube spart Bautiefe und durch eine zus\u00e4tzliche Befestigung der Endkappe am Federkanal erh\u00f6ht sich die Sicherheit, dass sich bei einem Federbruch die Endkappe vom Federkanal l\u00f6sen kann. Die Abdeckung l\u00e4sst sich leichter montieren (s. Detail-Bild).<\/p>\n<p>Foto: Teckentrup<\/td>\n<\/tr>\n<tr>\n<td valign=\"top\" width=\"380\"><a href=\"http:\/\/www.pr-neu.de\/newsroom\/wordpress\/wp-content\/uploads\/2017\/01\/17-03_Zarge_Abdeckung_K.jpg\"><img loading=\"lazy\" decoding=\"async\" class=\"size-medium wp-image-12944\" src=\"http:\/\/www.pr-neu.de\/newsroom\/wordpress\/wp-content\/uploads\/2017\/01\/17-03_Zarge_Abdeckung_K-300x213.jpg\" alt=\"\" width=\"300\" height=\"213\" srcset=\"https:\/\/www.pr-neu.de\/newsroom\/wordpress\/wp-content\/uploads\/2017\/01\/17-03_Zarge_Abdeckung_K-300x213.jpg 300w, https:\/\/www.pr-neu.de\/newsroom\/wordpress\/wp-content\/uploads\/2017\/01\/17-03_Zarge_Abdeckung_K-110x78.jpg 110w, https:\/\/www.pr-neu.de\/newsroom\/wordpress\/wp-content\/uploads\/2017\/01\/17-03_Zarge_Abdeckung_K.jpg 360w\" sizes=\"auto, (max-width: 300px) 100vw, 300px\" \/><\/a><\/td>\n<td>Montagefreundliche Zarge: Die neuen Haltewinkel ben\u00f6tigen weniger Schrauben als konventionelle L\u00f6sungen und sparen Anschlagbreite. Die kompakte Federbefestigung ohne lange Justageschraube spart Bautiefe und durch eine zus\u00e4tzliche Befestigung der Endkappe am Federkanal erh\u00f6ht sich die Sicherheit, dass sich bei einem Federbruch die Endkappe vom Federkanal l\u00f6sen kann. Die Abdeckung l\u00e4sst sich leichter montieren (s. Detail-Bild).<\/p>\n<p>Foto: Teckentrup<\/td>\n<\/tr>\n<tr>\n<td valign=\"top\" width=\"380\"><a href=\"http:\/\/www.pr-neu.de\/newsroom\/wordpress\/wp-content\/uploads\/2017\/01\/17-03-Garagentor-2017_K.jpg\"><img loading=\"lazy\" decoding=\"async\" class=\"size-medium wp-image-12943\" src=\"http:\/\/www.pr-neu.de\/newsroom\/wordpress\/wp-content\/uploads\/2017\/01\/17-03-Garagentor-2017_K-300x251.jpg\" alt=\"\" width=\"300\" height=\"251\" srcset=\"https:\/\/www.pr-neu.de\/newsroom\/wordpress\/wp-content\/uploads\/2017\/01\/17-03-Garagentor-2017_K-300x250.jpg 300w, https:\/\/www.pr-neu.de\/newsroom\/wordpress\/wp-content\/uploads\/2017\/01\/17-03-Garagentor-2017_K-110x92.jpg 110w, https:\/\/www.pr-neu.de\/newsroom\/wordpress\/wp-content\/uploads\/2017\/01\/17-03-Garagentor-2017_K.jpg 360w\" sizes=\"auto, (max-width: 300px) 100vw, 300px\" \/><\/a><\/td>\n<td>Garagentor-\u00c4sthetik 2017: Mit fl\u00e4chenb\u00fcndigen Glaseinl\u00e4ssen erhalten Bauherren individuelle Tore.<\/p>\n<p>Foto: Teckentrup<\/td>\n<\/tr>\n<\/tbody>\n<\/table>\n<hr noshade=\"noshade\" size=\"1\" \/>\n<p>Abdruck honorarfrei, Belegexemplar erbeten.<\/p>\n","protected":false},"excerpt":{"rendered":"<p>Teckentrup: Neue Garagentor-Zarge zur BAU Eine Zarge, die sowohl den Einbau vereinfacht als auch Wirtschaftlichkeit und Sicherheit optimiert, war das Messe-Highlight im Segment Garagentore bei Teckentrup (Verl). So weitet das Unternehmen die kundenzentrierte Entwicklung auch auf die Produktsparte \u201eHome\u201c und die CarTeck-Garagentore aus. Zudem erweitert eine neue Holzoptik den gestalterischen Spielraum. Mit dem neu konzipierten [&hellip;]<\/p>\n","protected":false},"author":6,"featured_media":7657,"comment_status":"closed","ping_status":"open","sticky":false,"template":"","format":"standard","meta":{"footnotes":""},"categories":[6,18],"tags":[],"class_list":["post-4808","post","type-post","status-publish","format-standard","has-post-thumbnail","hentry","category-messen","category-teckentrup"],"_links":{"self":[{"href":"https:\/\/www.pr-neu.de\/newsroom\/wp-json\/wp\/v2\/posts\/4808","targetHints":{"allow":["GET"]}}],"collection":[{"href":"https:\/\/www.pr-neu.de\/newsroom\/wp-json\/wp\/v2\/posts"}],"about":[{"href":"https:\/\/www.pr-neu.de\/newsroom\/wp-json\/wp\/v2\/types\/post"}],"author":[{"embeddable":true,"href":"https:\/\/www.pr-neu.de\/newsroom\/wp-json\/wp\/v2\/users\/6"}],"replies":[{"embeddable":true,"href":"https:\/\/www.pr-neu.de\/newsroom\/wp-json\/wp\/v2\/comments?post=4808"}],"version-history":[{"count":4,"href":"https:\/\/www.pr-neu.de\/newsroom\/wp-json\/wp\/v2\/posts\/4808\/revisions"}],"predecessor-version":[{"id":12948,"href":"https:\/\/www.pr-neu.de\/newsroom\/wp-json\/wp\/v2\/posts\/4808\/revisions\/12948"}],"wp:featuredmedia":[{"embeddable":true,"href":"https:\/\/www.pr-neu.de\/newsroom\/wp-json\/wp\/v2\/media\/7657"}],"wp:attachment":[{"href":"https:\/\/www.pr-neu.de\/newsroom\/wp-json\/wp\/v2\/media?parent=4808"}],"wp:term":[{"taxonomy":"category","embeddable":true,"href":"https:\/\/www.pr-neu.de\/newsroom\/wp-json\/wp\/v2\/categories?post=4808"},{"taxonomy":"post_tag","embeddable":true,"href":"https:\/\/www.pr-neu.de\/newsroom\/wp-json\/wp\/v2\/tags?post=4808"}],"curies":[{"name":"wp","href":"https:\/\/api.w.org\/{rel}","templated":true}]}}