{"id":4688,"date":"2017-01-16T13:51:36","date_gmt":"2017-01-16T13:51:36","guid":{"rendered":"http:\/\/www.pr-nord.de\/newsroom\/?p=4688"},"modified":"2020-05-28T16:06:53","modified_gmt":"2020-05-28T14:06:53","slug":"energetische-gebaeudesanierung-mit-econtrol","status":"publish","type":"post","link":"https:\/\/www.pr-neu.de\/newsroom\/energetische-gebaeudesanierung-mit-econtrol\/","title":{"rendered":"Energetische Geb\u00e4udesanierung mit ECONTROL"},"content":{"rendered":"<p><span style=\"text-decoration: underline;\">Dimmbares Glas f\u00fcr Forschungsinstitut \u201eIMBA\u201c, Wien<\/span><\/p>\n<p><strong> Das dimmbare Sonnenschutzglas der Firma EControl-Glas (Plauen) macht Verschattung, ohne dabei das Tageslicht auszusperren und sorgt mit g-Werten unter 10 Prozent gleichzeitig f\u00fcr einen echten sommerlichen W\u00e4rmeschutz. Dies gilt sowohl f\u00fcr den Neubau als auch f\u00fcr die (energetische) Geb\u00e4udesanierung. F\u00fcr die Forschungsanstalt \u201eIMBA\u201c (Wien) war es demnach 2015 an der Zeit, die Einfachverglasung der S\u00fcdfassade gegen das dimmbare Glas ECONTROL (Isolierglas-Typ 45\/8) auszutauschen.<\/strong><\/p>\n<p>Gro\u00dfe Fensterfronten und Ganzglasfassaden sind nicht nur von au\u00dfen h\u00fcbsch anzusehen. Von innen bieten sie beeindruckende Ausblicke, schaffen lichtdurchflutete R\u00e4ume und steigern somit das Wohlbefinden der Menschen. Nachteil gro\u00dfer Glasfl\u00e4chen: Der solare Energieeintrag ist auch trotz herk\u00f6mmlicher Sonnenschutzverglasung oft so hoch, dass zus\u00e4tzliche mechanische Verschattung ben\u00f6tigt wird, um eine \u00dcberhitzung der R\u00e4umlichkeiten zu verhindern. Raffstoren oder Jalousien versperren wiederum die freie Sicht nach drau\u00dfen.<\/p>\n<p><strong>ECONTROL f\u00fcr angenehme Raumtemperaturen <\/strong><\/p>\n<p>Die Nachteile der sommerlichen Aufheizung bekamen auch die Mitarbeiter des in Wien ans\u00e4ssigen Instituts f\u00fcr molekulare Biotechnologie, kurz \u201eIMBA\u201c, zu sp\u00fcren. Hinter dem 1-fach-verglasten Glasvorbau der S\u00fcdfassade heizten sich die R\u00e4ume im Sommer derartig auf, dass ein konzentriertes Arbeiten unm\u00f6glich wurde. Eine M\u00f6glichkeit zur Verschattung gab es nicht, im Winter bot die 1-fach-Verglasung wiederum kaum W\u00e4rmeschutz. So wurde es 2015, bereits rund 10 Jahre nach der Neuerrichtung des Geb\u00e4udes, Zeit f\u00fcr eine energetische Fassadensanierung. Ziel war es hierbei, das gl\u00e4serne Atrium und damit den Blick nach drau\u00dfen zu erhalten. Geplant wurde der Umbau von den Architekten von ATP Wien.<\/p>\n<p>Hierbei fiel die Entscheidung auf 770 Quadratmeter des dimmbaren Glases ECONTROL smart, das die raumaufheizende Sonnenenergie je nach Bedarf und Witterung ins Geb\u00e4udeinnere hineinl\u00e4sst oder sie aussperrt. Im Dreifachaufbau variiert seine Tageslichttransmission zwischen 45 (ungedimmt) und 9 Prozent (gedimmt), sodass jederzeit gen\u00fcgend Tageslicht ins Geb\u00e4ude gelangt. Im Winter vermindert es durch seinen sehr guten Ug-Wert (0,5 W\/m\u00b2K im Dreifachaufbau) winterliche Heizw\u00e4rmeverluste. So schafft es ein ganzj\u00e4hrig angenehmes Raumklima.<\/p>\n<hr noshade=\"noshade\" size=\"1\" \/>\n<p><span style=\"text-decoration: underline;\"><strong>Bautafel:<\/strong><\/span><\/p>\n<p><strong>Projekt:<\/strong><br \/>\nIMBA Institut f\u00fcr Molekulare Biotechnologie<\/p>\n<p><strong>Objektadresse:<\/strong><br \/>\nIMBA, Dr.-Bohr-Gasse 3, 1030 Wien<\/p>\n<p><strong>Bauherr:<\/strong><br \/>\nIMBA und GMI (Gregor Mendel Institut)<\/p>\n<p><strong>Metallbauer:<\/strong><br \/>\nIng.\u00a0A. Sauritschnig Alu-Stahl-Glas GmbH, Industriestra\u00dfe 2, 9300 St. Veit\/Glan<\/p>\n<p><strong>Gesamtplanung:<\/strong><br \/>\nATP architekten ingenieure Wien<\/p>\n<p><strong>Produkt:<\/strong><br \/>\nECONTROL Typ smart\u00ae 45\/8<\/p>\n<p><strong>Fl\u00e4che:<\/strong><br \/>\nca. 770 Quadratmeter<\/p>\n<hr noshade=\"noshade\" size=\"1\" \/>\n<table style=\"height: 603px;\" border=\"0\" width=\"731\" cellspacing=\"0\" cellpadding=\"0\">\n<tbody>\n<tr>\n<td valign=\"top\" width=\"370\" height=\"200\"><a href=\"http:\/\/www.pr-neu.de\/newsroom\/wordpress\/wp-content\/uploads\/2017\/01\/15-11_IMBA_2_K.jpg\"><img loading=\"lazy\" decoding=\"async\" class=\"size-medium wp-image-12970\" src=\"http:\/\/www.pr-neu.de\/newsroom\/wordpress\/wp-content\/uploads\/2017\/01\/15-11_IMBA_2_K-200x300.jpg\" alt=\"\" width=\"200\" height=\"300\" srcset=\"https:\/\/www.pr-neu.de\/newsroom\/wordpress\/wp-content\/uploads\/2017\/01\/15-11_IMBA_2_K-200x300.jpg 200w, https:\/\/www.pr-neu.de\/newsroom\/wordpress\/wp-content\/uploads\/2017\/01\/15-11_IMBA_2_K-73x110.jpg 73w, https:\/\/www.pr-neu.de\/newsroom\/wordpress\/wp-content\/uploads\/2017\/01\/15-11_IMBA_2_K.jpg 240w\" sizes=\"auto, (max-width: 200px) 100vw, 200px\" \/><\/a><\/td>\n<td colspan=\"3\" height=\"200\">Das dimmbare Glas ECONTROL smart sorgt im Glasvorbau des IMBA-Forschungszentrums f\u00fcr Sonnenschutz, Verschattung und jede Menge Tageslicht. Es schafft so ein ganzj\u00e4hrig angenehmes Raumklima.<\/p>\n<p>Foto: IMBA Institut f\u00fcr Molekular- und Biotechnologie \/ EControl-Glas GmbH &amp; Co. KG \/ Fotograf \u00a9 Kurt Kuball<\/td>\n<\/tr>\n<tr>\n<td valign=\"top\" width=\"370\" height=\"200\"><a href=\"http:\/\/www.pr-neu.de\/newsroom\/wordpress\/wp-content\/uploads\/2017\/01\/15-11_IMBA_3_K.jpg\"><img loading=\"lazy\" decoding=\"async\" class=\"size-medium wp-image-12969\" src=\"http:\/\/www.pr-neu.de\/newsroom\/wordpress\/wp-content\/uploads\/2017\/01\/15-11_IMBA_3_K-300x200.jpg\" alt=\"\" width=\"300\" height=\"200\" srcset=\"https:\/\/www.pr-neu.de\/newsroom\/wordpress\/wp-content\/uploads\/2017\/01\/15-11_IMBA_3_K-300x200.jpg 300w, https:\/\/www.pr-neu.de\/newsroom\/wordpress\/wp-content\/uploads\/2017\/01\/15-11_IMBA_3_K-110x73.jpg 110w, https:\/\/www.pr-neu.de\/newsroom\/wordpress\/wp-content\/uploads\/2017\/01\/15-11_IMBA_3_K.jpg 360w\" sizes=\"auto, (max-width: 300px) 100vw, 300px\" \/><\/a><\/td>\n<td colspan=\"3\" height=\"200\">Das dimmbare Glas ECONTROL smart sorgt im Glasvorbau des IMBA-Forschungszentrums f\u00fcr Sonnenschutz, Verschattung und jede Menge Tageslicht. Es schafft so ein ganzj\u00e4hrig angenehmes Raumklima.<\/p>\n<p>Foto: IMBA Institut f\u00fcr Molekular- und Biotechnologie \/ EControl-Glas GmbH &amp; Co. KG \/ Fotograf \u00a9 Kurt Kuball<\/td>\n<\/tr>\n<\/tbody>\n<\/table>\n<hr noshade=\"noshade\" size=\"1\" \/>\n<p>Abdruck honorarfrei, Belegexemplar erbeten<\/p>\n<p><strong>R\u00fcckfragen beantwortet gern<\/strong><\/p>\n<table width=\"532\">\n<tbody>\n<tr>\n<td valign=\"top\" width=\"260\" height=\"25\"><strong>EControl-Glas<\/strong> GmbH &amp; Co. KG<br \/>\nNadine Witt<br \/>\nTel.: +49(0)3741\/14820-116<br \/>\nFax: +49(0)3741\/14820-150<br \/>\nE-Mail: <a href=\"&#109;&#97;&#x69;l&#116;&#x6f;&#x3a;p&#114;&#x65;&#x73;s&#101;&#x40;e&#99;&#x6f;&#x6e;t&#114;&#x6f;&#x6c;-&#103;&#x6c;a&#115;&#x2e;&#x64;e\">&#x70;&#114;&#101;s&#x73;&#x65;&#64;e&#x63;&#x6f;&#110;tr&#x6f;&#108;&#45;g&#x6c;&#x61;&#115;&#46;&#x64;&#x65;<\/a><\/td>\n<td colspan=\"3\" valign=\"top\" width=\"260\" height=\"21\"><\/td>\n<\/tr>\n<\/tbody>\n<\/table>\n","protected":false},"excerpt":{"rendered":"<p>Dimmbares Glas f\u00fcr Forschungsinstitut \u201eIMBA\u201c, Wien Das dimmbare Sonnenschutzglas der Firma EControl-Glas (Plauen) macht Verschattung, ohne dabei das Tageslicht auszusperren und sorgt mit g-Werten unter 10 Prozent gleichzeitig f\u00fcr einen echten sommerlichen W\u00e4rmeschutz. Dies gilt sowohl f\u00fcr den Neubau als auch f\u00fcr die (energetische) Geb\u00e4udesanierung. F\u00fcr die Forschungsanstalt \u201eIMBA\u201c (Wien) war es demnach 2015 an [&hellip;]<\/p>\n","protected":false},"author":6,"featured_media":7751,"comment_status":"closed","ping_status":"open","sticky":false,"template":"","format":"standard","meta":{"footnotes":""},"categories":[25,3],"tags":[],"class_list":["post-4688","post","type-post","status-publish","format-standard","has-post-thumbnail","hentry","category-econtrol","category-kundenmeldungen"],"_links":{"self":[{"href":"https:\/\/www.pr-neu.de\/newsroom\/wp-json\/wp\/v2\/posts\/4688","targetHints":{"allow":["GET"]}}],"collection":[{"href":"https:\/\/www.pr-neu.de\/newsroom\/wp-json\/wp\/v2\/posts"}],"about":[{"href":"https:\/\/www.pr-neu.de\/newsroom\/wp-json\/wp\/v2\/types\/post"}],"author":[{"embeddable":true,"href":"https:\/\/www.pr-neu.de\/newsroom\/wp-json\/wp\/v2\/users\/6"}],"replies":[{"embeddable":true,"href":"https:\/\/www.pr-neu.de\/newsroom\/wp-json\/wp\/v2\/comments?post=4688"}],"version-history":[{"count":4,"href":"https:\/\/www.pr-neu.de\/newsroom\/wp-json\/wp\/v2\/posts\/4688\/revisions"}],"predecessor-version":[{"id":12973,"href":"https:\/\/www.pr-neu.de\/newsroom\/wp-json\/wp\/v2\/posts\/4688\/revisions\/12973"}],"wp:featuredmedia":[{"embeddable":true,"href":"https:\/\/www.pr-neu.de\/newsroom\/wp-json\/wp\/v2\/media\/7751"}],"wp:attachment":[{"href":"https:\/\/www.pr-neu.de\/newsroom\/wp-json\/wp\/v2\/media?parent=4688"}],"wp:term":[{"taxonomy":"category","embeddable":true,"href":"https:\/\/www.pr-neu.de\/newsroom\/wp-json\/wp\/v2\/categories?post=4688"},{"taxonomy":"post_tag","embeddable":true,"href":"https:\/\/www.pr-neu.de\/newsroom\/wp-json\/wp\/v2\/tags?post=4688"}],"curies":[{"name":"wp","href":"https:\/\/api.w.org\/{rel}","templated":true}]}}