{"id":4637,"date":"2017-01-16T08:05:52","date_gmt":"2017-01-16T08:05:52","guid":{"rendered":"http:\/\/www.pr-nord.de\/newsroom\/?p=4637"},"modified":"2020-05-28T16:10:15","modified_gmt":"2020-05-28T14:10:15","slug":"gross-auch-im-detail","status":"publish","type":"post","link":"https:\/\/www.pr-neu.de\/newsroom\/gross-auch-im-detail\/","title":{"rendered":"Gro\u00df auch im Detail"},"content":{"rendered":"<p><u>BAU: sedak unterstreicht Glaskompetenz mit schlankem Isolierglas mit U-Wert bis 0,23 W\/m\u00b2KK<\/u><\/p>\n<p><strong>Mit der Produktlinie \u201esedak isomax\u201c baut sedak (Gersthofen) seine f\u00fchrende Position bei gro\u00dfformatigen Premium-Isolier- und Sicherheitsgl\u00e4sern aus: Die 2- und 3-fach-Gl\u00e4ser erreichen trotz ihres schlanken Aufbaus mit einem U-Wert bis 0,23 W\/m\u00b2K ein neues D\u00e4mm-Niveau \u2013 und sind bis zu einer Gr\u00f6\u00dfe von 3,2 x 16 Metern erh\u00e4ltlich. Daneben stellte der Glasveredler auf der BAU vor allem Exponate mit besonders anspruchsvollen Detail-L\u00f6sungen vor. Dazu z\u00e4hlte eine hinterleuchtete, im hochaufl\u00f6senden keramischen Digitaldruck veredelte Scheibe, eine Glasfin-Fassaden-Konstruktion mit minimalen Verbindungselementen sowie ein laminationsgebogenes 3-fach-Verbundsicherheitsglas. <\/strong><\/p>\n<p>Mit der neuen Isolierglas-Produktlinie \u201esedak isomax\u201c festigt sedak seine Position als Innovationsf\u00fchrer f\u00fcr Gro\u00dfformate und Sonderl\u00f6sungen. Die Scheiben bis zur \u00dcbergr\u00f6\u00dfe 3,2 x 16 Meter erreichen \u00fcber ein Vakuumisolationspaneel D\u00e4mmwerte bis 0,23 W\/m\u00b2K. Dennoch bleiben sie schlank wie konventionelles Isolierglas und lassen sich mit herk\u00f6mmlichen Fassadensystemen kombinieren.<\/p>\n<p><strong>Transparente Details<\/strong><\/p>\n<p>Unter dem Messe-Motto \u201eGr\u00f6\u00dfe im Detail\u201c zeigte der Spezialist f\u00fcr Glas im Gro\u00dfformat mit drei weiteren Exponaten, welche M\u00f6glichkeiten der moderne Baustoff bietet. Herausragende L\u00f6sungen im Detail sind dabei die Voraussetzung, um das Einsatzspektrum zu erweitern.<\/p>\n<ul>\n<li>F\u00fcr eine gro\u00dfe Fassade mit maximaler Transparenz muss auch die Tragkonstruktion aus Glas sein. sedak demonstrierte hier technische Brillanz und eine ihrer Kernkompetenzen \u2013 mit einem sechs Meter hohen Glasfin, an das zwei Fassadenelemente \u00fcber einlaminierte, kaum sichtbare Titaninserts angeschlossen waren. So konnte eine filigrane Fugenl\u00f6sung erreicht werden. Die Titanteile werden bereits werkseitig in das Mehrfachlaminat hochpr\u00e4zise eingearbeitet; dies erleichtert die Montage vor Ort.<\/li>\n<li>Druckkompetenz mit einer Aufl\u00f6sung von 1024 dpi, in einem keramischen Verfahren aufgetragen auf bis zu 16 Meter gro\u00dfen Scheiben: Derart produzierte Gl\u00e4ser strahlen selbst bei Hinterleuchtung Farbbrillanz und Detailtiefe aus. Durch das Einbrennen im ESG-Ofen ist der Druck UV-best\u00e4ndig und hoch widerstandsf\u00e4hig. Das Messe-Exponat \u2013 5,5 mal 2,6 Meter gro\u00df \u2013 beeindruckte die Standbesucher.<\/li>\n<li>Der Trend, gebogenes Glas in der Architektur einzusetzen, verlangt neue Produktionsmethoden. F\u00fcr perfekte Scheiben in optischer Brillanz entwickelte sedak das Kaltbiegen von Mehrfachlaminaten weiter. Dabei schmelzen w\u00e4hrend der Lamination im Autoklaven nur die Folien zwischen den Glasschichten. Das Glas bleibt nach dem Abk\u00fchlen weiter in perfekter Qualit\u00e4t ohne optische Irritationen wie z.B. Rollerwaves. Voraussetzung zur Herstellung ist absolute Pr\u00e4zision und Ma\u00dfhaltigkeit. Exemplarisch zeigte sedak ein elliptisches, 20 Millimeter starkes 3-fach-Laminat in einer Gr\u00f6\u00dfe von 1,28 x 3,68 Meter, wie es auf einer Mega-Yacht verbaut wurde. Die Biegelinie verl\u00e4uft diagonal mit einem Stich von 120 Millimetern.<\/li>\n<\/ul>\n<hr noshade=\"noshade\" size=\"1\" \/>\n<table style=\"height: 1181px;\" border=\"0\" width=\"727\" cellspacing=\"0\" cellpadding=\"0\">\n<tbody>\n<tr>\n<td valign=\"top\" width=\"370\"><a href=\"http:\/\/www.pr-neu.de\/newsroom\/wordpress\/wp-content\/uploads\/2017\/01\/17-01-BAU_Messestand_04_K.jpg\"><img loading=\"lazy\" decoding=\"async\" class=\"aligncenter size-medium wp-image-12990\" src=\"http:\/\/www.pr-neu.de\/newsroom\/wordpress\/wp-content\/uploads\/2017\/01\/17-01-BAU_Messestand_04_K-300x200.jpg\" alt=\"\" width=\"300\" height=\"200\" srcset=\"https:\/\/www.pr-neu.de\/newsroom\/wordpress\/wp-content\/uploads\/2017\/01\/17-01-BAU_Messestand_04_K-300x200.jpg 300w, https:\/\/www.pr-neu.de\/newsroom\/wordpress\/wp-content\/uploads\/2017\/01\/17-01-BAU_Messestand_04_K-110x73.jpg 110w, https:\/\/www.pr-neu.de\/newsroom\/wordpress\/wp-content\/uploads\/2017\/01\/17-01-BAU_Messestand_04_K.jpg 360w\" sizes=\"auto, (max-width: 300px) 100vw, 300px\" \/><\/a><\/td>\n<td valign=\"top\">Auf der BAU belegte die sedak ihre Kompetenz als Glasveredler f\u00fcr Gro\u00dfformate \u2013 unter anderem mit einem kaltgebogenen, elliptischen Dreifachlaminat. \u00dcber die gesamte Messe stie\u00df der Stand auf hohes Interesse bei den Fachbesuchern.<\/p>\n<p>Foto: sedak GmbH &amp; Co. KG<\/td>\n<\/tr>\n<tr>\n<td valign=\"top\" width=\"370\"><a href=\"http:\/\/www.pr-neu.de\/newsroom\/wordpress\/wp-content\/uploads\/2017\/01\/17-01-BAU_Messestand_02_K.jpg\"><img loading=\"lazy\" decoding=\"async\" class=\"aligncenter size-medium wp-image-12988\" src=\"http:\/\/www.pr-neu.de\/newsroom\/wordpress\/wp-content\/uploads\/2017\/01\/17-01-BAU_Messestand_02_K-300x203.jpg\" alt=\"\" width=\"300\" height=\"203\" srcset=\"https:\/\/www.pr-neu.de\/newsroom\/wordpress\/wp-content\/uploads\/2017\/01\/17-01-BAU_Messestand_02_K-300x203.jpg 300w, https:\/\/www.pr-neu.de\/newsroom\/wordpress\/wp-content\/uploads\/2017\/01\/17-01-BAU_Messestand_02_K-110x74.jpg 110w, https:\/\/www.pr-neu.de\/newsroom\/wordpress\/wp-content\/uploads\/2017\/01\/17-01-BAU_Messestand_02_K.jpg 360w\" sizes=\"auto, (max-width: 300px) 100vw, 300px\" \/><\/a><\/td>\n<td valign=\"top\">Einblick in das Innenleben der neuen Isolierglasscheibe \u201esedak isomax\u201c: Die opaken Teile sind mit einer Vakuumisolationspaneele ged\u00e4mmt, so erreicht die Scheibe D\u00e4mmwerte bis Ug = 0,23 W\/m\u00b2K. \u00dcber ein spezielles Qualit\u00e4tskontrollsystem l\u00e4sst sich der Innendruck und somit die Funktionsf\u00e4higkeit der Scheibe pr\u00fcfen.<\/p>\n<p>Foto: sedak GmbH &amp; Co. KG<\/td>\n<\/tr>\n<tr>\n<td valign=\"top\" width=\"370\"><a href=\"http:\/\/www.pr-neu.de\/newsroom\/wordpress\/wp-content\/uploads\/2017\/01\/17-01-BAU_Messestand_03_K.jpg\"><img loading=\"lazy\" decoding=\"async\" class=\"aligncenter size-medium wp-image-12989\" src=\"http:\/\/www.pr-neu.de\/newsroom\/wordpress\/wp-content\/uploads\/2017\/01\/17-01-BAU_Messestand_03_K-300x200.jpg\" alt=\"\" width=\"300\" height=\"200\" srcset=\"https:\/\/www.pr-neu.de\/newsroom\/wordpress\/wp-content\/uploads\/2017\/01\/17-01-BAU_Messestand_03_K-300x200.jpg 300w, https:\/\/www.pr-neu.de\/newsroom\/wordpress\/wp-content\/uploads\/2017\/01\/17-01-BAU_Messestand_03_K-110x73.jpg 110w, https:\/\/www.pr-neu.de\/newsroom\/wordpress\/wp-content\/uploads\/2017\/01\/17-01-BAU_Messestand_03_K.jpg 360w\" sizes=\"auto, (max-width: 300px) 100vw, 300px\" \/><\/a><\/td>\n<td valign=\"top\">D\u00e4mmt deutlich besser als konventionelles Isolierglas: sedak isomax erreicht einen Ug-Wert von = 0,23 W\/m\u00b2K. Die Scheibe ist frei gestaltbar und in Gr\u00f6\u00dfen bis 16 x 3,2 Meter verf\u00fcgbar.<\/p>\n<p>Foto: sedak GmbH &amp; Co. KG<\/td>\n<\/tr>\n<tr>\n<td valign=\"top\" width=\"370\"><a href=\"http:\/\/www.pr-neu.de\/newsroom\/wordpress\/wp-content\/uploads\/2017\/01\/17-01-isomax-Fertigung_K.jpg\"><img loading=\"lazy\" decoding=\"async\" class=\"size-medium wp-image-12987\" src=\"http:\/\/www.pr-neu.de\/newsroom\/wordpress\/wp-content\/uploads\/2017\/01\/17-01-isomax-Fertigung_K-300x225.jpg\" alt=\"\" width=\"300\" height=\"225\" srcset=\"https:\/\/www.pr-neu.de\/newsroom\/wordpress\/wp-content\/uploads\/2017\/01\/17-01-isomax-Fertigung_K-300x225.jpg 300w, https:\/\/www.pr-neu.de\/newsroom\/wordpress\/wp-content\/uploads\/2017\/01\/17-01-isomax-Fertigung_K-110x83.jpg 110w, https:\/\/www.pr-neu.de\/newsroom\/wordpress\/wp-content\/uploads\/2017\/01\/17-01-isomax-Fertigung_K.jpg 360w\" sizes=\"auto, (max-width: 300px) 100vw, 300px\" \/><\/a><\/td>\n<td valign=\"top\">D\u00e4mmwert minimal, Format maximal: Die neue Isolierglas-Produktlinie \u201esedak isomax\u201c ist als 2-fach oder 3-fach-Aufbau bis zu einer Gr\u00f6\u00dfe von 3,2 mal 16 Meter und einem U-Wert bis 0,23 W\/m\u00b2K verf\u00fcgbar.<\/p>\n<p>Foto: sedak GmbH &amp; Co. KG<\/td>\n<\/tr>\n<\/tbody>\n<\/table>\n<hr noshade=\"noshade\" size=\"1\" \/>\n<p><strong>R\u00fcckfragen beantwortet gern<\/strong><\/p>\n<table>\n<tbody>\n<tr>\n<td valign=\"top\" width=\"260\" height=\"25\"><strong>sedak GmbH &amp; Co. KG<br \/>\n<\/strong>Tatjana Vinkovic<br \/>\nTel.: +49(0)821\/2494-823<br \/>\nFax: +49(0)821\/2494-777<br \/>\nE-Mail: <a href=\"m&#97;&#x69;&#x6c;t&#111;&#58;&#x74;&#x61;t&#106;&#97;&#x6e;&#x61;&#46;&#118;&#x69;&#x6e;&#x6b;o&#118;&#x69;&#x63;&#64;&#115;&#101;&#x64;&#x61;k&#46;&#99;&#x6f;&#x6d;\">tatjan&#97;&#46;&#118;&#105;&#110;&#107;&#111;&#x76;&#x69;&#x63;&#x40;&#x73;&#x65;&#x64;&#x61;&#x6b;&#x2e;&#x63;&#x6f;m<\/a><\/td>\n<td colspan=\"3\" valign=\"top\" width=\"260\" height=\"21\"><\/td>\n<\/tr>\n<\/tbody>\n<\/table>\n<p>Abdruck honorarfrei, Belegexemplar erbeten<\/p>\n<hr noshade=\"noshade\" size=\"1\" \/>\n<p><u>sedak GmbH &amp; Co. KG<\/u><\/p>\n<p><strong> Leading glass<\/strong><\/p>\n<p>Der Glasveredler sedak (Gersthofen), gegr\u00fcndet 2007, ist mit rund 150 Mitarbeitern der weltweit f\u00fchrende Hersteller f\u00fcr Isolier- und Sicherheitsgl\u00e4ser in \u00dcbergr\u00f6\u00dfe. Die Scheiben reichen bis 3,2 x 16 Meter \u2013 bearbeitet, vorgespannt, laminiert, bedruckt, beschichtet und laminationsgebogen. Kernkompetenzen sind Glaslamination, Kantenbearbeitung und das Knowhow bei der Produktion von Glasbauteilen mit zus\u00e4tzlichen funktionalen und dekorativen Elementen. Die Fertigung ist auf die extremen Glasgr\u00f6\u00dfen optimiert, s\u00e4mtliche Veredelungsschritte erfolgen inhouse \u2013 z. B. mit der neuen, voll automatisierten Isolierglaslinie. Als weltweit einziger Full-Supplier f\u00fcr Gl\u00e4ser dieser Gr\u00f6\u00dfe versteht sich sedak als Partner f\u00fcr Architekten, Planer und Fassadenbauer. Herausragende Referenzen sind u. a. der Apple-Cube New York, das Lincoln Center Canopies, New York, das St\u00e4del-Museum, Frankfurt und die Tottenham Court Road Station, London.<\/p>\n<p><strong> Anwendungsgebiete<\/strong><\/p>\n<ul>\n<li>Glasfassaden<\/li>\n<li>Glasd\u00e4cher<\/li>\n<li>Glastreppen<\/li>\n<li>Glasbr\u00fcstungen<\/li>\n<li>Schiffsbau<\/li>\n<li>Sicherheitsverglasungen<\/li>\n<li>Ganzglaskonstruktionen<\/li>\n<li>Innenarchitektur<\/li>\n<li>Sonderanfertigungen<\/li>\n<\/ul>\n","protected":false},"excerpt":{"rendered":"<p>BAU: sedak unterstreicht Glaskompetenz mit schlankem Isolierglas mit U-Wert bis 0,23 W\/m\u00b2KK Mit der Produktlinie \u201esedak isomax\u201c baut sedak (Gersthofen) seine f\u00fchrende Position bei gro\u00dfformatigen Premium-Isolier- und Sicherheitsgl\u00e4sern aus: Die 2- und 3-fach-Gl\u00e4ser erreichen trotz ihres schlanken Aufbaus mit einem U-Wert bis 0,23 W\/m\u00b2K ein neues D\u00e4mm-Niveau \u2013 und sind bis zu einer Gr\u00f6\u00dfe von [&hellip;]<\/p>\n","protected":false},"author":6,"featured_media":12990,"comment_status":"closed","ping_status":"open","sticky":false,"template":"","format":"standard","meta":{"footnotes":""},"categories":[3,12],"tags":[],"class_list":["post-4637","post","type-post","status-publish","format-standard","has-post-thumbnail","hentry","category-kundenmeldungen","category-sedak"],"_links":{"self":[{"href":"https:\/\/www.pr-neu.de\/newsroom\/wp-json\/wp\/v2\/posts\/4637","targetHints":{"allow":["GET"]}}],"collection":[{"href":"https:\/\/www.pr-neu.de\/newsroom\/wp-json\/wp\/v2\/posts"}],"about":[{"href":"https:\/\/www.pr-neu.de\/newsroom\/wp-json\/wp\/v2\/types\/post"}],"author":[{"embeddable":true,"href":"https:\/\/www.pr-neu.de\/newsroom\/wp-json\/wp\/v2\/users\/6"}],"replies":[{"embeddable":true,"href":"https:\/\/www.pr-neu.de\/newsroom\/wp-json\/wp\/v2\/comments?post=4637"}],"version-history":[{"count":5,"href":"https:\/\/www.pr-neu.de\/newsroom\/wp-json\/wp\/v2\/posts\/4637\/revisions"}],"predecessor-version":[{"id":12994,"href":"https:\/\/www.pr-neu.de\/newsroom\/wp-json\/wp\/v2\/posts\/4637\/revisions\/12994"}],"wp:featuredmedia":[{"embeddable":true,"href":"https:\/\/www.pr-neu.de\/newsroom\/wp-json\/wp\/v2\/media\/12990"}],"wp:attachment":[{"href":"https:\/\/www.pr-neu.de\/newsroom\/wp-json\/wp\/v2\/media?parent=4637"}],"wp:term":[{"taxonomy":"category","embeddable":true,"href":"https:\/\/www.pr-neu.de\/newsroom\/wp-json\/wp\/v2\/categories?post=4637"},{"taxonomy":"post_tag","embeddable":true,"href":"https:\/\/www.pr-neu.de\/newsroom\/wp-json\/wp\/v2\/tags?post=4637"}],"curies":[{"name":"wp","href":"https:\/\/api.w.org\/{rel}","templated":true}]}}