{"id":4585,"date":"2017-01-16T08:00:49","date_gmt":"2017-01-16T08:00:49","guid":{"rendered":"http:\/\/www.pr-nord.de\/newsroom\/?p=4585"},"modified":"2020-05-28T16:18:52","modified_gmt":"2020-05-28T14:18:52","slug":"stosystain-r-klett-statt-kleber","status":"publish","type":"post","link":"https:\/\/www.pr-neu.de\/newsroom\/stosystain-r-klett-statt-kleber\/","title":{"rendered":"StoSystain R: Klett statt Kleber"},"content":{"rendered":"<p><span style=\"text-decoration: underline;\">Wiederverwendbares Fassadend\u00e4mmsystem<\/span><\/p>\n<p><strong>Das recycelbare Fassadend\u00e4mmsystem StoSystain R kann dank einer innovativen Kletttechnologie einfach r\u00fcckgebaut, nahezu sortenrein getrennt und gr\u00f6\u00dftenteils wiederverwendet werden. \u00dcber dem frei w\u00e4hlbaren D\u00e4mmstoff werden Putztr\u00e4gerplatten aus recyceltem Altglas mit hochwertigen Klettverschl\u00fcssen befestigt und anschlie\u00dfend mit individuellen Putzoberfl\u00e4chen beschichtet.<\/strong><\/p>\n<p>Fassaden sind Witterungsschutz und \u201eVisitenkarten\u201c eines Hauses. Daneben haben sie eine wichtige Aufgabe im Bereich der Geb\u00e4udeenergieeffizienz. K\u00fcnftig sollen sie zudem weitestgehend wiederverwertet werden; denn gem\u00e4\u00df der Forderungen der EU m\u00fcssen 70 Prozent aller eingesetzten Baustoffe in wenigen Jahren recycelbar sein.<\/p>\n<p>Ein gemeinsames Forschungsprojekt des Instituts f\u00fcr Architekturtechnologie der Technischen Universit\u00e4t Graz sowie der Forschungsabteilung von Sto zielte darum auf ein gr\u00f6\u00dftenteils wiederverwendbares beziehungsweise m\u00f6glichst vollst\u00e4ndig recyclierbares Fassadend\u00e4mmsystem. Nach vier Jahren Forschung und Entwicklung pr\u00e4sentierten die Partner 2015 die Studie \u201efacade4zeroWaste\u201c, in deren Rahmen vier Patente angemeldet wurden. Die Forscher verfolgten die Vision eines D\u00e4mmsystems, bei dem kein Kleber zum Einsatz kommt, sondern Befestigungselemente mit Klettverschl\u00fcssen die Haupttragkomponenten des Fassadensystems verbinden. Das vereinfacht Montage und Demontage und sorgt am Ende der Lebensdauer einer Fassade daf\u00fcr, dass die einzelnen Bestandteile leicht, l\u00e4rm- und staubarm voneinander getrennt und der Kreislaufwirtschaft zugef\u00fchrt werden k\u00f6nnen.<\/p>\n<p>Bereits diese Produktstudie hatte gro\u00dfe Erwartungen geweckt und wurde sowohl mit dem europ\u00e4ischen \u201eBaustoff-Recycling-Award 2015\u201c ausgezeichnet als auch unter die Top 10 der Kategorie \u201eBauen &amp; Wohnen\u201c bei den GreenTec Awards 2016 gew\u00e4hlt. Sie diente nun als Grundlage f\u00fcr das v\u00f6llig neuartige Fassadend\u00e4mmsystem StoSystain R, das 2017 bei mehreren Pilotvorhaben dem Praxistest auf realen Baustellen in Deutschland und \u00d6sterreich unterzogen wird. Dabei wird das recycelbare Fassadend\u00e4mmsystem StoSystain R neben seinen Vorz\u00fcgen im Bereich der Nachhaltigkeit auch Systembesonderheiten wie das Thema \u201efreie anforderungsbezogene D\u00e4mmstoffwahl\u201c und auch seine Eignung im Bereich des (tempor\u00e4ren) denkmalschutzbedingten Geb\u00e4udeschutzes unter Beweis stellen.<\/p>\n<p>&nbsp;<\/p>\n<hr noshade=\"noshade\" size=\"1\" \/>\n<p>&nbsp;<\/p>\n<table style=\"height: 915px;\" border=\"0\" width=\"635\" cellspacing=\"0\" cellpadding=\"0\">\n<tbody>\n<tr>\n<td valign=\"top\" width=\"370\" height=\"25\"><a href=\"http:\/\/www.pr-neu.de\/newsroom\/wordpress\/wp-content\/uploads\/2017\/01\/17-06-stosystain_01_K.jpg\"><img loading=\"lazy\" decoding=\"async\" class=\"size-medium wp-image-13036\" src=\"http:\/\/www.pr-neu.de\/newsroom\/wordpress\/wp-content\/uploads\/2017\/01\/17-06-stosystain_01_K-300x169.jpg\" alt=\"\" width=\"300\" height=\"169\" srcset=\"https:\/\/www.pr-neu.de\/newsroom\/wordpress\/wp-content\/uploads\/2017\/01\/17-06-stosystain_01_K-300x169.jpg 300w, https:\/\/www.pr-neu.de\/newsroom\/wordpress\/wp-content\/uploads\/2017\/01\/17-06-stosystain_01_K-110x62.jpg 110w, https:\/\/www.pr-neu.de\/newsroom\/wordpress\/wp-content\/uploads\/2017\/01\/17-06-stosystain_01_K.jpg 360w\" sizes=\"auto, (max-width: 300px) 100vw, 300px\" \/><\/a><\/td>\n<td colspan=\"3\" valign=\"top\" height=\"21\">\u00dcber dem frei w\u00e4hlbaren D\u00e4mmstoff wird eine Tr\u00e4gerplatte aus recyceltem Altglas mittels Klettverschluss fixiert und anschlie\u00dfend fugenlos verputzt.<\/p>\n<p>Bild: Sto SE &amp; Co. KGaA<\/td>\n<\/tr>\n<tr>\n<td valign=\"top\" width=\"370\" height=\"25\"><a href=\"http:\/\/www.pr-neu.de\/newsroom\/wordpress\/wp-content\/uploads\/2017\/01\/17-06-stosystain_02_K.jpg\"><img loading=\"lazy\" decoding=\"async\" class=\"aligncenter size-medium wp-image-13037\" src=\"http:\/\/www.pr-neu.de\/newsroom\/wordpress\/wp-content\/uploads\/2017\/01\/17-06-stosystain_02_K-300x300.jpg\" alt=\"\" width=\"300\" height=\"300\" srcset=\"https:\/\/www.pr-neu.de\/newsroom\/wordpress\/wp-content\/uploads\/2017\/01\/17-06-stosystain_02_K-300x300.jpg 300w, https:\/\/www.pr-neu.de\/newsroom\/wordpress\/wp-content\/uploads\/2017\/01\/17-06-stosystain_02_K-150x150.jpg 150w, https:\/\/www.pr-neu.de\/newsroom\/wordpress\/wp-content\/uploads\/2017\/01\/17-06-stosystain_02_K-250x250.jpg 250w, https:\/\/www.pr-neu.de\/newsroom\/wordpress\/wp-content\/uploads\/2017\/01\/17-06-stosystain_02_K-125x125.jpg 125w, https:\/\/www.pr-neu.de\/newsroom\/wordpress\/wp-content\/uploads\/2017\/01\/17-06-stosystain_02_K-110x110.jpg 110w, https:\/\/www.pr-neu.de\/newsroom\/wordpress\/wp-content\/uploads\/2017\/01\/17-06-stosystain_02_K.jpg 360w\" sizes=\"auto, (max-width: 300px) 100vw, 300px\" \/><\/a><\/td>\n<td colspan=\"3\" valign=\"top\" height=\"21\">Hochwertige Pilz-Schlaufen-Kletttechnologie sorgt f\u00fcr Sicherheit und Langlebigkeit.<\/p>\n<p>Bild: STEP-ANI-MOTION, K\u00f6ln<\/td>\n<\/tr>\n<tr>\n<td valign=\"top\" width=\"370\" height=\"25\"><a href=\"http:\/\/www.pr-neu.de\/newsroom\/wordpress\/wp-content\/uploads\/2017\/01\/17-06-stosystain_03_K.jpg\"><img loading=\"lazy\" decoding=\"async\" class=\"size-medium wp-image-13035\" src=\"http:\/\/www.pr-neu.de\/newsroom\/wordpress\/wp-content\/uploads\/2017\/01\/17-06-stosystain_03_K-300x202.jpg\" alt=\"\" width=\"300\" height=\"202\" srcset=\"https:\/\/www.pr-neu.de\/newsroom\/wordpress\/wp-content\/uploads\/2017\/01\/17-06-stosystain_03_K-300x202.jpg 300w, https:\/\/www.pr-neu.de\/newsroom\/wordpress\/wp-content\/uploads\/2017\/01\/17-06-stosystain_03_K-110x74.jpg 110w, https:\/\/www.pr-neu.de\/newsroom\/wordpress\/wp-content\/uploads\/2017\/01\/17-06-stosystain_03_K.jpg 360w\" sizes=\"auto, (max-width: 300px) 100vw, 300px\" \/><\/a><\/td>\n<td colspan=\"3\" valign=\"top\" height=\"21\">Die Befestigungselemente (D\u00fcbel) tragen eine Oberfl\u00e4che aus pilzf\u00f6rmigen Haken, die mit dem auf der R\u00fcckseite der Putztr\u00e4gerplatten aufkaschierten Schlaufenmaterial eine kraftschl\u00fcssige, aber reversible Verbindung eingehen.<\/p>\n<p>Bild: Sto SE &amp; Co. KGaA<\/td>\n<\/tr>\n<\/tbody>\n<\/table>\n<p>&nbsp;<\/p>\n<hr noshade=\"noshade\" size=\"1\" \/>\n<p>&nbsp;<\/p>\n<p>Abdruck honorarfrei, Belegexemplar erbeten<\/p>\n<p>&nbsp;<\/p>\n","protected":false},"excerpt":{"rendered":"<p>Wiederverwendbares Fassadend\u00e4mmsystem Das recycelbare Fassadend\u00e4mmsystem StoSystain R kann dank einer innovativen Kletttechnologie einfach r\u00fcckgebaut, nahezu sortenrein getrennt und gr\u00f6\u00dftenteils wiederverwendet werden. \u00dcber dem frei w\u00e4hlbaren D\u00e4mmstoff werden Putztr\u00e4gerplatten aus recyceltem Altglas mit hochwertigen Klettverschl\u00fcssen befestigt und anschlie\u00dfend mit individuellen Putzoberfl\u00e4chen beschichtet. Fassaden sind Witterungsschutz und \u201eVisitenkarten\u201c eines Hauses. Daneben haben sie eine wichtige Aufgabe im [&hellip;]<\/p>\n","protected":false},"author":6,"featured_media":8145,"comment_status":"closed","ping_status":"open","sticky":false,"template":"","format":"standard","meta":{"footnotes":""},"categories":[3,15],"tags":[],"class_list":["post-4585","post","type-post","status-publish","format-standard","has-post-thumbnail","hentry","category-kundenmeldungen","category-sto"],"_links":{"self":[{"href":"https:\/\/www.pr-neu.de\/newsroom\/wp-json\/wp\/v2\/posts\/4585","targetHints":{"allow":["GET"]}}],"collection":[{"href":"https:\/\/www.pr-neu.de\/newsroom\/wp-json\/wp\/v2\/posts"}],"about":[{"href":"https:\/\/www.pr-neu.de\/newsroom\/wp-json\/wp\/v2\/types\/post"}],"author":[{"embeddable":true,"href":"https:\/\/www.pr-neu.de\/newsroom\/wp-json\/wp\/v2\/users\/6"}],"replies":[{"embeddable":true,"href":"https:\/\/www.pr-neu.de\/newsroom\/wp-json\/wp\/v2\/comments?post=4585"}],"version-history":[{"count":4,"href":"https:\/\/www.pr-neu.de\/newsroom\/wp-json\/wp\/v2\/posts\/4585\/revisions"}],"predecessor-version":[{"id":13041,"href":"https:\/\/www.pr-neu.de\/newsroom\/wp-json\/wp\/v2\/posts\/4585\/revisions\/13041"}],"wp:featuredmedia":[{"embeddable":true,"href":"https:\/\/www.pr-neu.de\/newsroom\/wp-json\/wp\/v2\/media\/8145"}],"wp:attachment":[{"href":"https:\/\/www.pr-neu.de\/newsroom\/wp-json\/wp\/v2\/media?parent=4585"}],"wp:term":[{"taxonomy":"category","embeddable":true,"href":"https:\/\/www.pr-neu.de\/newsroom\/wp-json\/wp\/v2\/categories?post=4585"},{"taxonomy":"post_tag","embeddable":true,"href":"https:\/\/www.pr-neu.de\/newsroom\/wp-json\/wp\/v2\/tags?post=4585"}],"curies":[{"name":"wp","href":"https:\/\/api.w.org\/{rel}","templated":true}]}}