{"id":4578,"date":"2017-01-16T08:00:34","date_gmt":"2017-01-16T08:00:34","guid":{"rendered":"http:\/\/www.pr-nord.de\/newsroom\/?p=4578"},"modified":"2020-05-28T16:22:58","modified_gmt":"2020-05-28T14:22:58","slug":"innendaemmsysteme-fuer-alle-faelle","status":"publish","type":"post","link":"https:\/\/www.pr-neu.de\/newsroom\/innendaemmsysteme-fuer-alle-faelle\/","title":{"rendered":"Innend\u00e4mmsysteme f\u00fcr alle F\u00e4lle"},"content":{"rendered":"<p><span style=\"text-decoration: underline;\"> Effizient, \u00f6kologisch und wirtschaftlich<\/span><\/p>\n<p><strong>Wenn eine Au\u00dfend\u00e4mmung an der Fassade nicht m\u00f6glich ist, schl\u00e4gt die Stunde der Innend\u00e4mmung. Unabh\u00e4ngig von Jahreszeit und Witterung k\u00f6nnen R\u00e4ume auf diese Weise energetisch saniert werden. Die drei Innend\u00e4mmsystem-Varianten von Sto werden unterschiedlichen Anforderungen gerecht. <\/strong><\/p>\n<p>Viele Geb\u00e4ude \u00e4lteren Baujahres geben unseren St\u00e4dten ihr unverwechselbares Gesicht. Diese Bauwerke verpflichten uns, sie f\u00fcr kommende Generationen zu erhalten. Doch daf\u00fcr m\u00fcssen sie wirtschaftlich nutzbar sein. Eine wesentliche Voraussetzung daf\u00fcr ist es, die Bauten unter energetischen Gesichtspunkten fit f\u00fcr die Zukunft zu machen. In der Vergangenheit war diese Aufgabe oft kaum zu l\u00f6sen, da eine Fassadend\u00e4mmung nicht in Frage kam und eine Innend\u00e4mmung kritisch bewertet wurde. Heute ist dieses Dilemma dank diffusionsoffener D\u00e4mmsysteme und wissenschaftlich verbesserter Bewertungsm\u00f6glichkeiten \u00fcberwunden. Eine Innend\u00e4mmung ist in den meisten F\u00e4llen problemlos machbar.<\/p>\n<p><strong> Extrem schlank<\/strong><\/p>\n<p>Superschlanke D\u00e4mmsysteme auf der Basis von h\u00f6chstd\u00e4mmenden Aerogelen fanden sich fr\u00fcher haupts\u00e4chlich im Flugzeugbau. Doch das Hightech-Material aus Siliziumdioxid steht auch f\u00fcr das Bauen und Sanieren von Geb\u00e4uden zur Verf\u00fcgung. So spart das Innend\u00e4mmsystem StoTherm In Aevero Heizkosten und schafft Behaglichkeit in Geb\u00e4uden, ohne viele Platz zu verbrauchen. Grundlage dieser Leistung ist die Sto-Aevero-Innend\u00e4mmplatte mit einem Bemessungswert der W\u00e4rmeleitf\u00e4higkeit von nur 0,017 W\/mK. Die Platten k\u00f6nnen mit einem Cutter-Messer oder Fuchsschwanz zugeschnitten werden. StoTherm In Aevero ist diffusionsoffen und ben\u00f6tigt keine Dampfsperre. Die Qualit\u00e4ten dieses Hightech-Systems wurden durch intensive Untersuchungen der Braunschweiger Materialpr\u00fcfanstalt f\u00fcr das Bauwesen belegt, deren Abschlussbericht dem Gesamtsystem \u201ebauphysikalisch einwandfreies Funktionieren\u201c attestiert. Der Bundesarbeitskreis Altbauerneuerung (BAKA) hat das Innend\u00e4mmsystem schon 2013 f\u00fcr seinen \u201ehohen Innovationscharakter insbesondere f\u00fcr die Anwendung beim Bauen im Bestand\u201c ausgezeichnet .<\/p>\n<p><strong>Ganz nat\u00fcrlich <\/strong><\/p>\n<p>Beste D\u00e4mmeigenschaften f\u00fcr nahezu alle Anwendungen bietet StoTherm In Comfort \u2013 und das besonders umweltvertr\u00e4glich und gesundheitlich unbedenklich. Daf\u00fcr steht das natureplus-Siegel, das dem nicht brennbaren System verliehen wurde. Das komplette System \u2013 vom Kleber bis zur Endbeschichtung \u2013 ist abgestimmt auf sein Herzst\u00fcck, eine Perlite-D\u00e4mmplatte mit einer W\u00e4rmeleitf\u00e4higkeit von 0,045 W\/mK. Diese ist rein mineralisch und basiert auf dem vulkanischen Glasgestein Obsidian. Ihre bauphysikalischen Eigenschaften erm\u00f6glichen ein Innend\u00e4mmsystem, das diffusionsoffen und kapillaraktiv ist und ganz bewusst auf eine Dampfsperre verzichtet \u2013 selbst in Fachwerkgeb\u00e4ude.<\/p>\n<p><strong>Hoch wirtschaftlich <\/strong><\/p>\n<p>Effektive D\u00e4mmung und ein hervorragendes Preis-Leistungs-Verh\u00e4ltnis kombiniert StoTherm In SiMo. Das auf einer hochd\u00e4mmenden EPS-Platte (0,032 W\/mK) fu\u00dfende System \u00fcberzeugt durch Effizienz und Wirtschaftlichkeit. Es ist einfach und sicher zu verarbeiten und vielseitig einsetzbar; das belegen intensive Untersuchungen des Instituts f\u00fcr Bauklimatik an der TU Dresden. Das diffusionsbremsende System verzichtet ebenfalls auf eine Dampfsperre.<\/p>\n<p><strong>Von der Freiheit zu kombinieren <\/strong><\/p>\n<p>Keine Bauaufgabe ist wie die andere, daher hat Sto verschiedene Innend\u00e4mmsysteme f\u00fcr unterschiedliche Schwerpunkte entwickelt. Und die Zahl der Varianten wird weiter erh\u00f6ht, da die Systeme untereinander kombinierbar sind. Hat man sich beispielsweise f\u00fcr die \u00f6kologischen St\u00e4rken von StoTherm In Comfort entschieden, kann man dennoch in engen Fensterlaibungen das platzsparende StoTherm In Aevero einsetzen. Die Verarbeitung \u00fcber die Systeme hinweg ist nahezu identisch und auch die Systemkomponenten sind sehr \u00e4hnlich. Lediglich beim Klebe- und Armierungsm\u00f6rtel ist auf die Systemzugeh\u00f6rigkeit zu achten. Die m\u00f6glichen Systemkombinationen lassen sich einheitlich mit Produkten des Sto-Innenraumsortiments beschichten.<\/p>\n<p>&nbsp;<\/p>\n<hr noshade=\"noshade\" size=\"1\" \/>\n<p>&nbsp;<\/p>\n<table style=\"height: 1863px;\" border=\"0\" width=\"675\" cellspacing=\"0\" cellpadding=\"0\">\n<tbody>\n<tr>\n<td valign=\"top\" width=\"370\" height=\"25\"><a href=\"http:\/\/www.pr-neu.de\/newsroom\/wordpress\/wp-content\/uploads\/2017\/01\/17-09-Innendaemm_01_K.jpg\"><img loading=\"lazy\" decoding=\"async\" class=\"size-medium wp-image-13062\" src=\"http:\/\/www.pr-neu.de\/newsroom\/wordpress\/wp-content\/uploads\/2017\/01\/17-09-Innendaemm_01_K-197x300.jpg\" alt=\"\" width=\"197\" height=\"300\" srcset=\"https:\/\/www.pr-neu.de\/newsroom\/wordpress\/wp-content\/uploads\/2017\/01\/17-09-Innendaemm_01_K-197x300.jpg 197w, https:\/\/www.pr-neu.de\/newsroom\/wordpress\/wp-content\/uploads\/2017\/01\/17-09-Innendaemm_01_K-72x110.jpg 72w, https:\/\/www.pr-neu.de\/newsroom\/wordpress\/wp-content\/uploads\/2017\/01\/17-09-Innendaemm_01_K.jpg 236w\" sizes=\"auto, (max-width: 197px) 100vw, 197px\" \/><\/a><\/td>\n<td colspan=\"3\" valign=\"top\" height=\"21\">H\u00e4ufig werden die Innend\u00e4mmsysteme StoTherm In Comfort und StoTherm In Aevero kombiniert, wobei letzteres in den Fensterlaibungen zum Einsatz kommt. Um die Luftdichtigkeit sicherzustellen, wird zuerst das diffusionsoffene Klebeband \u201eStoSeal Band BK\u201c mit r\u00fcckseitiger Vlieskaschierung angebracht.<\/p>\n<p>Foto: Wolfgang Oberle, M\u00fcnchen \/ Sto SE &amp; Co.KGaA<\/td>\n<\/tr>\n<tr>\n<td valign=\"top\" width=\"370\" height=\"25\"><a href=\"http:\/\/www.pr-neu.de\/newsroom\/wordpress\/wp-content\/uploads\/2017\/01\/17-09-Innendaemm_02_K.jpg\"><img loading=\"lazy\" decoding=\"async\" class=\"size-medium wp-image-13063\" src=\"http:\/\/www.pr-neu.de\/newsroom\/wordpress\/wp-content\/uploads\/2017\/01\/17-09-Innendaemm_02_K-196x300.jpg\" alt=\"\" width=\"196\" height=\"300\" srcset=\"https:\/\/www.pr-neu.de\/newsroom\/wordpress\/wp-content\/uploads\/2017\/01\/17-09-Innendaemm_02_K-196x300.jpg 196w, https:\/\/www.pr-neu.de\/newsroom\/wordpress\/wp-content\/uploads\/2017\/01\/17-09-Innendaemm_02_K-72x110.jpg 72w, https:\/\/www.pr-neu.de\/newsroom\/wordpress\/wp-content\/uploads\/2017\/01\/17-09-Innendaemm_02_K.jpg 235w\" sizes=\"auto, (max-width: 196px) 100vw, 196px\" \/><\/a><\/td>\n<td colspan=\"3\" valign=\"top\" height=\"21\">Es folgt das elastische, geschlossenzellige \u201eSto-Sidings-Profil-band\u201c zur Entkoppelung der Baustoffe.<\/p>\n<p>Foto: Wolfgang Oberle, M\u00fcnchen \/ Sto SE &amp; Co.KGaA<\/td>\n<\/tr>\n<tr>\n<td valign=\"top\" width=\"370\" height=\"25\"><a href=\"http:\/\/www.pr-neu.de\/newsroom\/wordpress\/wp-content\/uploads\/2017\/01\/17-09-Innendaemm_03_K.jpg\"><img loading=\"lazy\" decoding=\"async\" class=\"size-medium wp-image-13064\" src=\"http:\/\/www.pr-neu.de\/newsroom\/wordpress\/wp-content\/uploads\/2017\/01\/17-09-Innendaemm_03_K-199x300.jpg\" alt=\"\" width=\"199\" height=\"300\" srcset=\"https:\/\/www.pr-neu.de\/newsroom\/wordpress\/wp-content\/uploads\/2017\/01\/17-09-Innendaemm_03_K-199x300.jpg 199w, https:\/\/www.pr-neu.de\/newsroom\/wordpress\/wp-content\/uploads\/2017\/01\/17-09-Innendaemm_03_K-73x110.jpg 73w, https:\/\/www.pr-neu.de\/newsroom\/wordpress\/wp-content\/uploads\/2017\/01\/17-09-Innendaemm_03_K.jpg 239w\" sizes=\"auto, (max-width: 199px) 100vw, 199px\" \/><\/a><\/td>\n<td colspan=\"3\" valign=\"top\" height=\"21\">Die Sto-Aevero-Innend\u00e4mmplatte wird mit dem mineralischen Funktionsklebe- und Armierungsm\u00f6rtel \u201eStoLevell In Aevero\u201c an der Wand befestigt. Die Kleberschichtdicke ist dabei abh\u00e4ngig von der D\u00e4mmstoffdicke.<\/p>\n<p>Foto: Wolfgang Oberle, M\u00fcnchen \/ Sto SE &amp; Co.KGaA<\/td>\n<\/tr>\n<tr>\n<td valign=\"top\" width=\"370\" height=\"25\"><a href=\"http:\/\/www.pr-neu.de\/newsroom\/wordpress\/wp-content\/uploads\/2017\/01\/17-09-Innendaemm_04_K.jpg\"><img loading=\"lazy\" decoding=\"async\" class=\"size-medium wp-image-13065\" src=\"http:\/\/www.pr-neu.de\/newsroom\/wordpress\/wp-content\/uploads\/2017\/01\/17-09-Innendaemm_04_K-199x300.jpg\" alt=\"\" width=\"199\" height=\"300\" srcset=\"https:\/\/www.pr-neu.de\/newsroom\/wordpress\/wp-content\/uploads\/2017\/01\/17-09-Innendaemm_04_K-199x300.jpg 199w, https:\/\/www.pr-neu.de\/newsroom\/wordpress\/wp-content\/uploads\/2017\/01\/17-09-Innendaemm_04_K-73x110.jpg 73w, https:\/\/www.pr-neu.de\/newsroom\/wordpress\/wp-content\/uploads\/2017\/01\/17-09-Innendaemm_04_K.jpg 239w\" sizes=\"auto, (max-width: 199px) 100vw, 199px\" \/><\/a><\/td>\n<td colspan=\"3\" valign=\"top\" height=\"21\">Die nun auf der Innenseite der Fassade applizierte Sto-Perlite-Innend\u00e4mmplatte \u00fcberlappt die Laibungsplatte.<\/p>\n<p>Foto: Wolfgang Oberle, M\u00fcnchen \/ Sto SE &amp; Co.KGaA<\/td>\n<\/tr>\n<tr>\n<td valign=\"top\" width=\"370\" height=\"25\"><a href=\"http:\/\/www.pr-neu.de\/newsroom\/wordpress\/wp-content\/uploads\/2017\/01\/17-09-Innendaemm_05_K.jpg\"><img loading=\"lazy\" decoding=\"async\" class=\"size-medium wp-image-13061\" src=\"http:\/\/www.pr-neu.de\/newsroom\/wordpress\/wp-content\/uploads\/2017\/01\/17-09-Innendaemm_05_K-198x300.jpg\" alt=\"\" width=\"198\" height=\"300\" srcset=\"https:\/\/www.pr-neu.de\/newsroom\/wordpress\/wp-content\/uploads\/2017\/01\/17-09-Innendaemm_05_K-198x300.jpg 198w, https:\/\/www.pr-neu.de\/newsroom\/wordpress\/wp-content\/uploads\/2017\/01\/17-09-Innendaemm_05_K-72x110.jpg 72w, https:\/\/www.pr-neu.de\/newsroom\/wordpress\/wp-content\/uploads\/2017\/01\/17-09-Innendaemm_05_K.jpg 237w\" sizes=\"auto, (max-width: 198px) 100vw, 198px\" \/><\/a><\/td>\n<td colspan=\"3\" valign=\"top\" height=\"21\">Das Zusammenspiel der beiden D\u00e4mmplattentypen nach dem Verspachteln der St\u00f6\u00dfe und vor dem abschlie\u00dfenden Verputzen.<\/p>\n<p>Foto: Wolfgang Oberle, M\u00fcnchen \/ Sto SE &amp; Co.KGaA<\/td>\n<\/tr>\n<\/tbody>\n<\/table>\n<p>&nbsp;<\/p>\n<hr noshade=\"noshade\" size=\"1\" \/>\n<p>&nbsp;<\/p>\n<p>Abdruck honorarfrei, Belegexemplar erbeten<\/p>\n<p>&nbsp;<\/p>\n","protected":false},"excerpt":{"rendered":"<p>Effizient, \u00f6kologisch und wirtschaftlich Wenn eine Au\u00dfend\u00e4mmung an der Fassade nicht m\u00f6glich ist, schl\u00e4gt die Stunde der Innend\u00e4mmung. Unabh\u00e4ngig von Jahreszeit und Witterung k\u00f6nnen R\u00e4ume auf diese Weise energetisch saniert werden. Die drei Innend\u00e4mmsystem-Varianten von Sto werden unterschiedlichen Anforderungen gerecht. Viele Geb\u00e4ude \u00e4lteren Baujahres geben unseren St\u00e4dten ihr unverwechselbares Gesicht. Diese Bauwerke verpflichten uns, sie [&hellip;]<\/p>\n","protected":false},"author":6,"featured_media":8124,"comment_status":"closed","ping_status":"open","sticky":false,"template":"","format":"standard","meta":{"footnotes":""},"categories":[3,15],"tags":[],"class_list":["post-4578","post","type-post","status-publish","format-standard","has-post-thumbnail","hentry","category-kundenmeldungen","category-sto"],"_links":{"self":[{"href":"https:\/\/www.pr-neu.de\/newsroom\/wp-json\/wp\/v2\/posts\/4578","targetHints":{"allow":["GET"]}}],"collection":[{"href":"https:\/\/www.pr-neu.de\/newsroom\/wp-json\/wp\/v2\/posts"}],"about":[{"href":"https:\/\/www.pr-neu.de\/newsroom\/wp-json\/wp\/v2\/types\/post"}],"author":[{"embeddable":true,"href":"https:\/\/www.pr-neu.de\/newsroom\/wp-json\/wp\/v2\/users\/6"}],"replies":[{"embeddable":true,"href":"https:\/\/www.pr-neu.de\/newsroom\/wp-json\/wp\/v2\/comments?post=4578"}],"version-history":[{"count":4,"href":"https:\/\/www.pr-neu.de\/newsroom\/wp-json\/wp\/v2\/posts\/4578\/revisions"}],"predecessor-version":[{"id":13071,"href":"https:\/\/www.pr-neu.de\/newsroom\/wp-json\/wp\/v2\/posts\/4578\/revisions\/13071"}],"wp:featuredmedia":[{"embeddable":true,"href":"https:\/\/www.pr-neu.de\/newsroom\/wp-json\/wp\/v2\/media\/8124"}],"wp:attachment":[{"href":"https:\/\/www.pr-neu.de\/newsroom\/wp-json\/wp\/v2\/media?parent=4578"}],"wp:term":[{"taxonomy":"category","embeddable":true,"href":"https:\/\/www.pr-neu.de\/newsroom\/wp-json\/wp\/v2\/categories?post=4578"},{"taxonomy":"post_tag","embeddable":true,"href":"https:\/\/www.pr-neu.de\/newsroom\/wp-json\/wp\/v2\/tags?post=4578"}],"curies":[{"name":"wp","href":"https:\/\/api.w.org\/{rel}","templated":true}]}}