{"id":4571,"date":"2017-01-16T08:00:52","date_gmt":"2017-01-16T08:00:52","guid":{"rendered":"http:\/\/www.pr-nord.de\/newsroom\/?p=4571"},"modified":"2020-05-28T16:16:20","modified_gmt":"2020-05-28T14:16:20","slug":"perfektion-fuer-auge-und-ohr","status":"publish","type":"post","link":"https:\/\/www.pr-neu.de\/newsroom\/perfektion-fuer-auge-und-ohr\/","title":{"rendered":"Perfektion f\u00fcr Auge und Ohr"},"content":{"rendered":"<p><span style=\"text-decoration: underline;\"> Akustikdeckensystem gewinnt German Design Award 2017<\/span><\/p>\n<p><strong>R\u00e4ume wirken \u2013 manchmal bewusst, oft unbewusst. Es geht um \u00c4sthetik, Proportionen, Bel\u00fcftung und Belichtung, thermische Behaglichkeit und auch um das akustische Wohlbefinden. Mit vier bew\u00e4hrten Systemen bietet das StoSilent-Programm Akustikl\u00f6sungen f\u00fcr nahezu jeden Raum \u2013 ob B\u00fcro, Restaurant oder Ruhezone. Und auch die Optik stimmt: Die Variante StoSilent Modular 300 wurde aktuell als Gewinner des German Design Award 2017 ausgezeichnet.<\/strong><\/p>\n<p>Das StoSilent-Programm bietet ein umfassendes Sortiment an schallabsorbierenden Produkten f\u00fcr vier zentrale Systemvarianten. Neben dem technischen Nutzen steht immer der gestalterische Aspekt im Vordergrund. Qualit\u00e4tsvolle Schlussbeschichtungen erm\u00f6glichen eine hochwertige architektonische Gestaltung im Einklang mit einer gut konzipierten Raumakustik.<\/p>\n<p>Das variable Deckensegelprogramm StoSilent Modular verbessert die Akustik und ist ideal f\u00fcr die nachtr\u00e4gliche Montage in bereits genutzten R\u00e4umen. Auch f\u00fcr Geb\u00e4ude mit Betonkern-Aktivierung eignen sich die vielf\u00e4ltigen Systemvarianten, deren Schallabsorption je nach Oberfl\u00e4che, Abh\u00e4ngh\u00f6he und Format variiert. Dank der flexiblen Abh\u00e4ngung und der Variationsm\u00f6glichkeiten in Form und Farbe wirken die Segel zus\u00e4tzlich als Gestaltungselement. Vor allem die Variante StoSilent Modular 300 wird besonderen gestalterischen Anspr\u00fcchen gerecht. Die gerade mal acht Millimeter schlanke Absorberplatte aus Polyesterfasern ist mit einer drei Millimeter d\u00fcnnen, sichtbaren Aluminium-Profilkante eingefasst und wurde mit dem German Design Award 2017 ausgezeichnet. Die gemeinsam mit dem Designstudio ID AID, Stuttgart, entwickelte edle Optik \u00fcberzeugte die Juroren, da sich \u201edas Paneelsystem mit vergleichsweise d\u00fcnner Polyester-Faserplatte und hochwertigen haptischen Oberfl\u00e4chen (&#8230;) sowohl in freien Formen und Gruppen wie auch in Rastern oder komplexeren freien Rasterfeldern anordnen\u201c l\u00e4sst.<\/p>\n<p>Das abgeh\u00e4ngte verputze Plattensystem StoSilent Distance sorgt f\u00fcr fugenlose Decken- oder Wandfl\u00e4chen bis zu 200 Quadratmetern. Das System kann sowohl in schwerentflammbaren wie auch nichtbrennbaren Varianten ausgef\u00fchrt werden. Es erm\u00f6glicht Schallabsorptionswerte von \u03b1w = 0,35 \u2013 0,80. Je nach Beschichtungssystem lassen sich sehr glatte oder fein strukturierte Oberfl\u00e4chen in vielen Farbt\u00f6nen verwirklichen.<\/p>\n<p>F\u00fcr eine einfache direkte Montage an W\u00e4nden und Decken eignet sich StoSilent Direct. Das System kann sowohl fugenlos als auch fugenbetont ausgef\u00fchrt werden. Seine Sandwichplatten aus Steinwolle und Bl\u00e4hglasgranulat punkten mit hoher Schallabsorption (je nach Beschichtung: \u03b1w = 0,60 \u2013 1,00) bei geringer Aufbauh\u00f6he. Putze mit verschiedenen Korngr\u00f6\u00dfen stehen als Beschichtung zur Verf\u00fcgung. Eine Variante kann mit der photokatalytisch aktiven Innenraumfarbe StoColor Climasan kombiniert werden, die aktiv Ger\u00fcche und organische Schadstoffe abbaut.<\/p>\n<p>Eine L\u00f6sung f\u00fcr R\u00e4ume, in denen abgeh\u00e4ngte Verkleidungen nicht m\u00f6glich sind, bieten formflexible Akustikputzsysteme. StoSilent Compact Sil (schwer entflammbar) zeigt eine feine Putzstruktur. Das System ist vorrangig f\u00fcr ebene Fl\u00e4chen geeignet und erreicht Absorptionswerte von bis zu \u03b1w = 0,45 (MH). F\u00fcr gekr\u00fcmmte Fl\u00e4chen wie Kuppeln oder Gew\u00f6lbe empfiehlt sich der mehrlagige Spritzputz StoSilent Compact Miral (nicht brennbar), dessen raue und por\u00f6se Struktur Ger\u00e4usche d\u00e4mpft und den Nachhall reduziert (\u03b1w = abh\u00e4ngig von der Materialst\u00e4rke).<\/p>\n<p>&nbsp;<\/p>\n<hr noshade=\"noshade\" size=\"1\" \/>\n<p>&nbsp;<\/p>\n<table style=\"height: 2195px;\" border=\"0\" width=\"605\" cellspacing=\"0\" cellpadding=\"0\">\n<tbody>\n<tr>\n<td valign=\"top\" width=\"370\" height=\"25\"><a href=\"http:\/\/www.pr-neu.de\/newsroom\/wordpress\/wp-content\/uploads\/2017\/01\/17-10-Akustik_01_K.jpg\"><img loading=\"lazy\" decoding=\"async\" class=\"size-medium wp-image-13017\" src=\"http:\/\/www.pr-neu.de\/newsroom\/wordpress\/wp-content\/uploads\/2017\/01\/17-10-Akustik_01_K-300x180.jpg\" alt=\"\" width=\"300\" height=\"180\" srcset=\"https:\/\/www.pr-neu.de\/newsroom\/wordpress\/wp-content\/uploads\/2017\/01\/17-10-Akustik_01_K-300x180.jpg 300w, https:\/\/www.pr-neu.de\/newsroom\/wordpress\/wp-content\/uploads\/2017\/01\/17-10-Akustik_01_K-110x66.jpg 110w, https:\/\/www.pr-neu.de\/newsroom\/wordpress\/wp-content\/uploads\/2017\/01\/17-10-Akustik_01_K.jpg 360w\" sizes=\"auto, (max-width: 300px) 100vw, 300px\" \/><\/a><\/td>\n<td colspan=\"3\" valign=\"top\" height=\"21\">Der German Design Award 2017 ging an das abgeh\u00e4ngte Akustikdeckensegel StoSilent Modular 300. Es verbindet hohe Funktionalit\u00e4t mit exquisiter Gestaltung.<\/p>\n<p>Bild: Rat f\u00fcr Formgebung<\/td>\n<\/tr>\n<tr>\n<td valign=\"top\" width=\"370\" height=\"25\"><a href=\"http:\/\/www.pr-neu.de\/newsroom\/wordpress\/wp-content\/uploads\/2017\/01\/17-10-Akustik_02_K.jpg\"><img loading=\"lazy\" decoding=\"async\" class=\"size-medium wp-image-13018\" src=\"http:\/\/www.pr-neu.de\/newsroom\/wordpress\/wp-content\/uploads\/2017\/01\/17-10-Akustik_02_K-300x225.jpg\" alt=\"\" width=\"300\" height=\"225\" srcset=\"https:\/\/www.pr-neu.de\/newsroom\/wordpress\/wp-content\/uploads\/2017\/01\/17-10-Akustik_02_K-300x225.jpg 300w, https:\/\/www.pr-neu.de\/newsroom\/wordpress\/wp-content\/uploads\/2017\/01\/17-10-Akustik_02_K-110x83.jpg 110w, https:\/\/www.pr-neu.de\/newsroom\/wordpress\/wp-content\/uploads\/2017\/01\/17-10-Akustik_02_K.jpg 360w\" sizes=\"auto, (max-width: 300px) 100vw, 300px\" \/><\/a><\/td>\n<td colspan=\"3\" valign=\"top\" height=\"21\">Die nur acht Millimeter dicke Polyesterfaserplatte wird von einer Aluminium-Profilkante eingefasst.<\/p>\n<p>Bild: Sto SE &amp; Co. KGaA<\/td>\n<\/tr>\n<tr>\n<td valign=\"top\" width=\"370\" height=\"25\"><a href=\"http:\/\/www.pr-neu.de\/newsroom\/wordpress\/wp-content\/uploads\/2017\/01\/17-10-Akustik_03_K.jpg\"><img loading=\"lazy\" decoding=\"async\" class=\"size-medium wp-image-13019\" src=\"http:\/\/www.pr-neu.de\/newsroom\/wordpress\/wp-content\/uploads\/2017\/01\/17-10-Akustik_03_K-300x225.jpg\" alt=\"\" width=\"300\" height=\"225\" srcset=\"https:\/\/www.pr-neu.de\/newsroom\/wordpress\/wp-content\/uploads\/2017\/01\/17-10-Akustik_03_K-300x225.jpg 300w, https:\/\/www.pr-neu.de\/newsroom\/wordpress\/wp-content\/uploads\/2017\/01\/17-10-Akustik_03_K-110x83.jpg 110w, https:\/\/www.pr-neu.de\/newsroom\/wordpress\/wp-content\/uploads\/2017\/01\/17-10-Akustik_03_K.jpg 360w\" sizes=\"auto, (max-width: 300px) 100vw, 300px\" \/><\/a><\/td>\n<td colspan=\"3\" valign=\"top\" height=\"21\">Die nur acht Millimeter dicke Polyesterfaserplatte wird von einer Aluminium-Profilkante eingefasst.<\/p>\n<p>Bild: Sto SE &amp; Co. KGaA<\/td>\n<\/tr>\n<tr>\n<td valign=\"top\" width=\"370\" height=\"25\"><a href=\"http:\/\/www.pr-neu.de\/newsroom\/wordpress\/wp-content\/uploads\/2017\/01\/17-10-Akustik_04_K.jpg\"><img loading=\"lazy\" decoding=\"async\" class=\"size-medium wp-image-13020\" src=\"http:\/\/www.pr-neu.de\/newsroom\/wordpress\/wp-content\/uploads\/2017\/01\/17-10-Akustik_04_K-300x209.jpg\" alt=\"\" width=\"300\" height=\"209\" srcset=\"https:\/\/www.pr-neu.de\/newsroom\/wordpress\/wp-content\/uploads\/2017\/01\/17-10-Akustik_04_K-300x209.jpg 300w, https:\/\/www.pr-neu.de\/newsroom\/wordpress\/wp-content\/uploads\/2017\/01\/17-10-Akustik_04_K-110x77.jpg 110w, https:\/\/www.pr-neu.de\/newsroom\/wordpress\/wp-content\/uploads\/2017\/01\/17-10-Akustik_04_K.jpg 360w\" sizes=\"auto, (max-width: 300px) 100vw, 300px\" \/><\/a><\/td>\n<td colspan=\"3\" valign=\"top\" height=\"21\">StoSilent Modular 300 eignet sich auch f\u00fcr die Wandmontage.<\/p>\n<p>Bild: Sto SE &amp; Co. KGaA<\/td>\n<\/tr>\n<tr>\n<td valign=\"top\" width=\"370\" height=\"25\"><a href=\"http:\/\/www.pr-neu.de\/newsroom\/wordpress\/wp-content\/uploads\/2017\/01\/17-10-Akustik_05_K.jpg\"><img loading=\"lazy\" decoding=\"async\" class=\"size-medium wp-image-13022\" src=\"http:\/\/www.pr-neu.de\/newsroom\/wordpress\/wp-content\/uploads\/2017\/01\/17-10-Akustik_05_K-300x202.jpg\" alt=\"\" width=\"300\" height=\"202\" srcset=\"https:\/\/www.pr-neu.de\/newsroom\/wordpress\/wp-content\/uploads\/2017\/01\/17-10-Akustik_05_K-300x202.jpg 300w, https:\/\/www.pr-neu.de\/newsroom\/wordpress\/wp-content\/uploads\/2017\/01\/17-10-Akustik_05_K-110x74.jpg 110w, https:\/\/www.pr-neu.de\/newsroom\/wordpress\/wp-content\/uploads\/2017\/01\/17-10-Akustik_05_K.jpg 360w\" sizes=\"auto, (max-width: 300px) 100vw, 300px\" \/><\/a><\/td>\n<td colspan=\"3\" valign=\"top\" height=\"21\">StoSilent Distance: Das abgeh\u00e4ngte fugenlose System mit feinsten Oberfl\u00e4chen.<\/p>\n<p>Bild: Sto SE &amp; Co. KGaA<\/td>\n<\/tr>\n<tr>\n<td valign=\"top\" width=\"370\" height=\"25\"><a href=\"http:\/\/www.pr-neu.de\/newsroom\/wordpress\/wp-content\/uploads\/2017\/01\/17-10-Akustik_06_K.jpg\"><img loading=\"lazy\" decoding=\"async\" class=\"size-medium wp-image-13023\" src=\"http:\/\/www.pr-neu.de\/newsroom\/wordpress\/wp-content\/uploads\/2017\/01\/17-10-Akustik_06_K-300x228.jpg\" alt=\"\" width=\"300\" height=\"228\" srcset=\"https:\/\/www.pr-neu.de\/newsroom\/wordpress\/wp-content\/uploads\/2017\/01\/17-10-Akustik_06_K-300x228.jpg 300w, https:\/\/www.pr-neu.de\/newsroom\/wordpress\/wp-content\/uploads\/2017\/01\/17-10-Akustik_06_K-110x84.jpg 110w, https:\/\/www.pr-neu.de\/newsroom\/wordpress\/wp-content\/uploads\/2017\/01\/17-10-Akustik_06_K.jpg 360w\" sizes=\"auto, (max-width: 300px) 100vw, 300px\" \/><\/a><\/td>\n<td colspan=\"3\" valign=\"top\" height=\"21\">StoSilent Direct: Das einfache Direktsystem, das auch mit dem Climasan-Effekt kombiniert werden kann.<\/p>\n<p>Bild: Sto SE &amp; Co. KGaA<\/td>\n<\/tr>\n<tr>\n<td valign=\"top\" width=\"370\" height=\"25\"><a href=\"http:\/\/www.pr-neu.de\/newsroom\/wordpress\/wp-content\/uploads\/2017\/01\/17-10-Akustik_07_K.jpg\"><img loading=\"lazy\" decoding=\"async\" class=\"size-medium wp-image-13024\" src=\"http:\/\/www.pr-neu.de\/newsroom\/wordpress\/wp-content\/uploads\/2017\/01\/17-10-Akustik_07_K-300x202.jpg\" alt=\"\" width=\"300\" height=\"202\" srcset=\"https:\/\/www.pr-neu.de\/newsroom\/wordpress\/wp-content\/uploads\/2017\/01\/17-10-Akustik_07_K-300x202.jpg 300w, https:\/\/www.pr-neu.de\/newsroom\/wordpress\/wp-content\/uploads\/2017\/01\/17-10-Akustik_07_K-110x74.jpg 110w, https:\/\/www.pr-neu.de\/newsroom\/wordpress\/wp-content\/uploads\/2017\/01\/17-10-Akustik_07_K.jpg 360w\" sizes=\"auto, (max-width: 300px) 100vw, 300px\" \/><\/a><\/td>\n<td colspan=\"3\" valign=\"top\" height=\"21\">StoSilent Compact: Das formflexible Putzsystem (hier in der Variante \u201cMiral\u201d).<\/p>\n<p>Bild: Sto SE &amp; Co. KGaA<\/td>\n<\/tr>\n<tr>\n<td valign=\"top\" width=\"370\" height=\"25\"><a href=\"http:\/\/www.pr-neu.de\/newsroom\/wordpress\/wp-content\/uploads\/2017\/01\/17-10-Akustik_08_K.jpg\"><img loading=\"lazy\" decoding=\"async\" class=\"size-medium wp-image-13016\" src=\"http:\/\/www.pr-neu.de\/newsroom\/wordpress\/wp-content\/uploads\/2017\/01\/17-10-Akustik_08_K-300x228.jpg\" alt=\"\" width=\"300\" height=\"228\" srcset=\"https:\/\/www.pr-neu.de\/newsroom\/wordpress\/wp-content\/uploads\/2017\/01\/17-10-Akustik_08_K-300x228.jpg 300w, https:\/\/www.pr-neu.de\/newsroom\/wordpress\/wp-content\/uploads\/2017\/01\/17-10-Akustik_08_K-110x84.jpg 110w, https:\/\/www.pr-neu.de\/newsroom\/wordpress\/wp-content\/uploads\/2017\/01\/17-10-Akustik_08_K.jpg 360w\" sizes=\"auto, (max-width: 300px) 100vw, 300px\" \/><\/a><\/td>\n<td colspan=\"3\" valign=\"top\" height=\"21\">StoSilent Modular: Das variable Deckensegelsystem mit Standardformaten und individuellen L\u00f6sungen.<\/p>\n<p>Bild: Sto SE &amp; Co. KGaA<\/td>\n<\/tr>\n<\/tbody>\n<\/table>\n<p>&nbsp;<\/p>\n<hr noshade=\"noshade\" size=\"1\" \/>\n<p>&nbsp;<\/p>\n<p>Abdruck honorarfrei, Belegexemplar erbeten<\/p>\n<p>&nbsp;<\/p>\n","protected":false},"excerpt":{"rendered":"<p>Akustikdeckensystem gewinnt German Design Award 2017 R\u00e4ume wirken \u2013 manchmal bewusst, oft unbewusst. Es geht um \u00c4sthetik, Proportionen, Bel\u00fcftung und Belichtung, thermische Behaglichkeit und auch um das akustische Wohlbefinden. Mit vier bew\u00e4hrten Systemen bietet das StoSilent-Programm Akustikl\u00f6sungen f\u00fcr nahezu jeden Raum \u2013 ob B\u00fcro, Restaurant oder Ruhezone. Und auch die Optik stimmt: Die Variante StoSilent [&hellip;]<\/p>\n","protected":false},"author":6,"featured_media":8095,"comment_status":"closed","ping_status":"open","sticky":false,"template":"","format":"standard","meta":{"footnotes":""},"categories":[3,15],"tags":[],"class_list":["post-4571","post","type-post","status-publish","format-standard","has-post-thumbnail","hentry","category-kundenmeldungen","category-sto"],"_links":{"self":[{"href":"https:\/\/www.pr-neu.de\/newsroom\/wp-json\/wp\/v2\/posts\/4571","targetHints":{"allow":["GET"]}}],"collection":[{"href":"https:\/\/www.pr-neu.de\/newsroom\/wp-json\/wp\/v2\/posts"}],"about":[{"href":"https:\/\/www.pr-neu.de\/newsroom\/wp-json\/wp\/v2\/types\/post"}],"author":[{"embeddable":true,"href":"https:\/\/www.pr-neu.de\/newsroom\/wp-json\/wp\/v2\/users\/6"}],"replies":[{"embeddable":true,"href":"https:\/\/www.pr-neu.de\/newsroom\/wp-json\/wp\/v2\/comments?post=4571"}],"version-history":[{"count":4,"href":"https:\/\/www.pr-neu.de\/newsroom\/wp-json\/wp\/v2\/posts\/4571\/revisions"}],"predecessor-version":[{"id":13027,"href":"https:\/\/www.pr-neu.de\/newsroom\/wp-json\/wp\/v2\/posts\/4571\/revisions\/13027"}],"wp:featuredmedia":[{"embeddable":true,"href":"https:\/\/www.pr-neu.de\/newsroom\/wp-json\/wp\/v2\/media\/8095"}],"wp:attachment":[{"href":"https:\/\/www.pr-neu.de\/newsroom\/wp-json\/wp\/v2\/media?parent=4571"}],"wp:term":[{"taxonomy":"category","embeddable":true,"href":"https:\/\/www.pr-neu.de\/newsroom\/wp-json\/wp\/v2\/categories?post=4571"},{"taxonomy":"post_tag","embeddable":true,"href":"https:\/\/www.pr-neu.de\/newsroom\/wp-json\/wp\/v2\/tags?post=4571"}],"curies":[{"name":"wp","href":"https:\/\/api.w.org\/{rel}","templated":true}]}}