{"id":4557,"date":"2017-01-16T08:00:46","date_gmt":"2017-01-16T08:00:46","guid":{"rendered":"http:\/\/www.pr-nord.de\/newsroom\/?p=4557"},"modified":"2020-05-28T16:21:09","modified_gmt":"2020-05-28T14:21:09","slug":"sanierung-eines-wohnhauses-in-tilburg","status":"publish","type":"post","link":"https:\/\/www.pr-neu.de\/newsroom\/sanierung-eines-wohnhauses-in-tilburg\/","title":{"rendered":"Sanierung eines Wohnhauses in Tilburg"},"content":{"rendered":"<p><span style=\"text-decoration: underline;\"> Sto-Ecoshapes: vorgefertigte Putzelemente<\/span><\/p>\n<p><strong>Auch in den Niederlanden ist die energetische Sanierung von Bestandsgeb\u00e4uden ein Thema. Ein kleiner Backsteinbau aus den 1970er-Jahren in einer Wohnanlage in Tilburg wurde mit Fassadend\u00e4mmung, neuen Fenstern, neuer Heizung und L\u00fcftung sowie Photovoltaik f\u00fcr die n\u00e4chsten f\u00fcnfzig Jahre ger\u00fcstet.<\/strong><\/p>\n<p>\u201eNull auf dem Z\u00e4hler\u201c ist ein staatliches Programm, in dessen Rahmen erprobt werden soll, wie Geb\u00e4ude auf industrielle Art und Weise energetisch saniert werden k\u00f6nnen. Nach diesem Vorbild sanierte die Tilburger Wohnbaugesellschaft TBV Wonen den zweigeschossigen Flachbau in der Wohnanlage Zuringhof. Das Geb\u00e4ude mit vier Apartments dient als Pilotprojekt f\u00fcr Planung, Ausf\u00fchrung und Monitoring. Konstruktiv wurde nur wenig ver\u00e4ndert. Die Wand\u00f6ffnungen blieben erhalten, statt der Aluminiumfenster sind jetzt dreifach verglaste Kunststoffelemente eingebaut. Nur die halb eingezogenen Balkone stellten eine zu gro\u00dfe W\u00e4rmebr\u00fccke dar und wurden durch eine vor der Fassade stehende Aluminiumkonstruktion ersetzt. Die Au\u00dfenw\u00e4nde und das Dach wurden w\u00e4rmeged\u00e4mmt. Zudem wurde die Dachfl\u00e4che \u2013 von der Stra\u00dfe aus nicht sichtbar \u2013 mit Photovoltaikelementen bedeckt. Die auff\u00e4llige Fassade soll als Erkennungszeichen des Projekts wirken. Das D\u00e4mmmaterial ist daher mit vorgefertigten, gr\u00fcnen Putzelementen bekleidet. Au\u00dferdem ist es an den Ecken abgerundet, ebenso das Attikablech an Dach und Vordach sowie die Balkone samt ihren D\u00e4chern. Diese untergeordneten Elemente sind \u2013 wie auch die Fugen des Putzes \u2013 hellgrau gehalten.<\/p>\n<p>Die raue gr\u00fcne Putzoberfl\u00e4che mit richtungslosem Muster besteht aus vorgefertigten Putzelementen, die sich auch f\u00fcr einseitig gekr\u00fcmmte Fassaden eignen.<\/p>\n<p>&nbsp;<\/p>\n<hr noshade=\"noshade\" size=\"1\" \/>\n<p>&nbsp;<\/p>\n<p><span style=\"text-decoration: underline;\"><strong>Bautafel<\/strong><\/span><\/p>\n<p><strong>Bauherr:<\/strong><br \/>\nTBV Wonen, Tilburg, NL<\/p>\n<p><strong>Architekt:<\/strong><br \/>\nvan den hout &amp; kolen architecten, Tilburg, NL<\/p>\n<p><strong>Standort:<\/strong><br \/>\nZuringhof, Tilburg, NL<\/p>\n<p><strong>Sto-Kompetenzen:<\/strong><br \/>\nFassadend\u00e4mmsystem (StoTherm Classic) mit vorgefertigten Putzelementen (Sto-Ecoshapes)<\/p>\n<p><strong>Fachhandwerker:<\/strong><br \/>\nRemmers Bouwgroep BV, Tilburg, NL<\/p>\n<p>&nbsp;<\/p>\n<hr noshade=\"noshade\" size=\"1\" \/>\n<p>&nbsp;<\/p>\n<table style=\"height: 1860px;\" border=\"0\" width=\"638\" cellspacing=\"0\" cellpadding=\"0\">\n<tbody>\n<tr>\n<td valign=\"top\" width=\"370\" height=\"25\"><a href=\"http:\/\/www.pr-neu.de\/newsroom\/wordpress\/wp-content\/uploads\/2017\/01\/17-02_Ecoshapes_01_K.jpg\"><img loading=\"lazy\" decoding=\"async\" class=\"aligncenter size-medium wp-image-13047\" src=\"http:\/\/www.pr-neu.de\/newsroom\/wordpress\/wp-content\/uploads\/2017\/01\/17-02_Ecoshapes_01_K-300x200.jpg\" alt=\"\" width=\"300\" height=\"200\" srcset=\"https:\/\/www.pr-neu.de\/newsroom\/wordpress\/wp-content\/uploads\/2017\/01\/17-02_Ecoshapes_01_K-300x200.jpg 300w, https:\/\/www.pr-neu.de\/newsroom\/wordpress\/wp-content\/uploads\/2017\/01\/17-02_Ecoshapes_01_K-110x73.jpg 110w, https:\/\/www.pr-neu.de\/newsroom\/wordpress\/wp-content\/uploads\/2017\/01\/17-02_Ecoshapes_01_K.jpg 360w\" sizes=\"auto, (max-width: 300px) 100vw, 300px\" \/><\/a><\/td>\n<td colspan=\"3\" valign=\"top\" height=\"21\">Um die Energiebilanz zu verbessern, wurden die Balkone vom Wohnhaus entkoppelt.<\/p>\n<p>Bild: Ronald Tilleman, Rotterdam, NL \/ Sto SE &amp; Co. KGaA<\/td>\n<\/tr>\n<tr>\n<td valign=\"top\" width=\"370\" height=\"25\"><a href=\"http:\/\/www.pr-neu.de\/newsroom\/wordpress\/wp-content\/uploads\/2017\/01\/17-02_Ecoshapes_02_K.jpg\"><img loading=\"lazy\" decoding=\"async\" class=\"aligncenter size-medium wp-image-13048\" src=\"http:\/\/www.pr-neu.de\/newsroom\/wordpress\/wp-content\/uploads\/2017\/01\/17-02_Ecoshapes_02_K-300x200.jpg\" alt=\"\" width=\"300\" height=\"200\" srcset=\"https:\/\/www.pr-neu.de\/newsroom\/wordpress\/wp-content\/uploads\/2017\/01\/17-02_Ecoshapes_02_K-300x200.jpg 300w, https:\/\/www.pr-neu.de\/newsroom\/wordpress\/wp-content\/uploads\/2017\/01\/17-02_Ecoshapes_02_K-110x73.jpg 110w, https:\/\/www.pr-neu.de\/newsroom\/wordpress\/wp-content\/uploads\/2017\/01\/17-02_Ecoshapes_02_K.jpg 360w\" sizes=\"auto, (max-width: 300px) 100vw, 300px\" \/><\/a><\/td>\n<td colspan=\"3\" valign=\"top\" height=\"21\">Neue Fenster und die Aluminium-Attika pr\u00e4gen im Zusammenspiel mit der gr\u00fcnen Fassadengestaltung den Charakter des Wohnhauses.<\/p>\n<p>Bild: Ronald Tilleman, Rotterdam, NL \/ Sto SE &amp; Co. KGaA<\/td>\n<\/tr>\n<tr>\n<td valign=\"top\" width=\"370\" height=\"25\"><a href=\"http:\/\/www.pr-neu.de\/newsroom\/wordpress\/wp-content\/uploads\/2017\/01\/17-02_Ecoshapes_03_K.jpg\"><img loading=\"lazy\" decoding=\"async\" class=\"aligncenter size-medium wp-image-13049\" src=\"http:\/\/www.pr-neu.de\/newsroom\/wordpress\/wp-content\/uploads\/2017\/01\/17-02_Ecoshapes_03_K-300x200.jpg\" alt=\"\" width=\"300\" height=\"200\" srcset=\"https:\/\/www.pr-neu.de\/newsroom\/wordpress\/wp-content\/uploads\/2017\/01\/17-02_Ecoshapes_03_K-300x200.jpg 300w, https:\/\/www.pr-neu.de\/newsroom\/wordpress\/wp-content\/uploads\/2017\/01\/17-02_Ecoshapes_03_K-110x73.jpg 110w, https:\/\/www.pr-neu.de\/newsroom\/wordpress\/wp-content\/uploads\/2017\/01\/17-02_Ecoshapes_03_K.jpg 360w\" sizes=\"auto, (max-width: 300px) 100vw, 300px\" \/><\/a><\/td>\n<td colspan=\"3\" valign=\"top\" height=\"21\">Neue Fenster und die Aluminium-Attika pr\u00e4gen im Zusammenspiel mit der gr\u00fcnen Fassadengestaltung den Charakter des Wohnhauses.<\/p>\n<p>Bild: Ronald Tilleman, Rotterdam, NL \/ Sto SE &amp; Co. KGaA<\/td>\n<\/tr>\n<tr>\n<td valign=\"top\" width=\"370\" height=\"25\"><a href=\"http:\/\/www.pr-neu.de\/newsroom\/wordpress\/wp-content\/uploads\/2017\/01\/17-02_Ecoshapes_05_K.jpg\"><img loading=\"lazy\" decoding=\"async\" class=\"aligncenter size-medium wp-image-13051\" src=\"http:\/\/www.pr-neu.de\/newsroom\/wordpress\/wp-content\/uploads\/2017\/01\/17-02_Ecoshapes_05_K-300x202.jpg\" alt=\"\" width=\"300\" height=\"202\" srcset=\"https:\/\/www.pr-neu.de\/newsroom\/wordpress\/wp-content\/uploads\/2017\/01\/17-02_Ecoshapes_05_K-300x202.jpg 300w, https:\/\/www.pr-neu.de\/newsroom\/wordpress\/wp-content\/uploads\/2017\/01\/17-02_Ecoshapes_05_K-110x74.jpg 110w, https:\/\/www.pr-neu.de\/newsroom\/wordpress\/wp-content\/uploads\/2017\/01\/17-02_Ecoshapes_05_K.jpg 360w\" sizes=\"auto, (max-width: 300px) 100vw, 300px\" \/><\/a><\/td>\n<td colspan=\"3\" valign=\"top\" height=\"21\">Neue Fenster und die Aluminium-Attika pr\u00e4gen im Zusammenspiel mit der gr\u00fcnen Fassadengestaltung den Charakter des Wohnhauses.<\/p>\n<p>Bild: Ronald Tilleman, Rotterdam, NL \/ Sto SE &amp; Co. KGaA<\/td>\n<\/tr>\n<tr>\n<td valign=\"top\" width=\"370\" height=\"25\"><a href=\"http:\/\/www.pr-neu.de\/newsroom\/wordpress\/wp-content\/uploads\/2017\/01\/17-02_Ecoshapes_04_K.jpg\"><img loading=\"lazy\" decoding=\"async\" class=\"aligncenter size-medium wp-image-13050\" src=\"http:\/\/www.pr-neu.de\/newsroom\/wordpress\/wp-content\/uploads\/2017\/01\/17-02_Ecoshapes_04_K-300x200.jpg\" alt=\"\" width=\"300\" height=\"200\" srcset=\"https:\/\/www.pr-neu.de\/newsroom\/wordpress\/wp-content\/uploads\/2017\/01\/17-02_Ecoshapes_04_K-300x200.jpg 300w, https:\/\/www.pr-neu.de\/newsroom\/wordpress\/wp-content\/uploads\/2017\/01\/17-02_Ecoshapes_04_K-110x73.jpg 110w, https:\/\/www.pr-neu.de\/newsroom\/wordpress\/wp-content\/uploads\/2017\/01\/17-02_Ecoshapes_04_K.jpg 360w\" sizes=\"auto, (max-width: 300px) 100vw, 300px\" \/><\/a><\/td>\n<td colspan=\"3\" valign=\"top\" height=\"21\">Die Variabilit\u00e4t der Putzelemente zeigt sich besonders an der Eck-Ausbildung: Die Sto-Ecoshapes passen sich der Rundung an.<\/p>\n<p>Bild: Ronald Tilleman, Rotterdam, NL \/ Sto SE &amp; Co. KGaA<\/td>\n<\/tr>\n<tr>\n<td valign=\"top\" width=\"370\" height=\"25\"><a href=\"http:\/\/www.pr-neu.de\/newsroom\/wordpress\/wp-content\/uploads\/2017\/01\/17-02_Ecoshapes_06_K.jpg\"><img loading=\"lazy\" decoding=\"async\" class=\"aligncenter size-medium wp-image-13046\" src=\"http:\/\/www.pr-neu.de\/newsroom\/wordpress\/wp-content\/uploads\/2017\/01\/17-02_Ecoshapes_06_K-300x200.jpg\" alt=\"\" width=\"300\" height=\"200\" srcset=\"https:\/\/www.pr-neu.de\/newsroom\/wordpress\/wp-content\/uploads\/2017\/01\/17-02_Ecoshapes_06_K-300x200.jpg 300w, https:\/\/www.pr-neu.de\/newsroom\/wordpress\/wp-content\/uploads\/2017\/01\/17-02_Ecoshapes_06_K-110x73.jpg 110w, https:\/\/www.pr-neu.de\/newsroom\/wordpress\/wp-content\/uploads\/2017\/01\/17-02_Ecoshapes_06_K.jpg 360w\" sizes=\"auto, (max-width: 300px) 100vw, 300px\" \/><\/a><\/td>\n<td colspan=\"3\" valign=\"top\" height=\"21\">Die Variabilit\u00e4t der Putzelemente zeigt sich besonders an der Eck-Ausbildung: Die Sto-Ecoshapes passen sich der Rundung an.<\/p>\n<p>Bild: Ronald Tilleman, Rotterdam, NL \/ Sto SE &amp; Co. KGaA<\/td>\n<\/tr>\n<\/tbody>\n<\/table>\n<p>&nbsp;<\/p>\n<hr noshade=\"noshade\" size=\"1\" \/>\n<p>&nbsp;<\/p>\n<p>Abdruck honorarfrei, Belegexemplar erbeten<\/p>\n<p>&nbsp;<\/p>\n","protected":false},"excerpt":{"rendered":"<p>Sto-Ecoshapes: vorgefertigte Putzelemente Auch in den Niederlanden ist die energetische Sanierung von Bestandsgeb\u00e4uden ein Thema. Ein kleiner Backsteinbau aus den 1970er-Jahren in einer Wohnanlage in Tilburg wurde mit Fassadend\u00e4mmung, neuen Fenstern, neuer Heizung und L\u00fcftung sowie Photovoltaik f\u00fcr die n\u00e4chsten f\u00fcnfzig Jahre ger\u00fcstet. \u201eNull auf dem Z\u00e4hler\u201c ist ein staatliches Programm, in dessen Rahmen erprobt [&hellip;]<\/p>\n","protected":false},"author":6,"featured_media":8128,"comment_status":"closed","ping_status":"open","sticky":false,"template":"","format":"standard","meta":{"footnotes":""},"categories":[3,15],"tags":[],"class_list":["post-4557","post","type-post","status-publish","format-standard","has-post-thumbnail","hentry","category-kundenmeldungen","category-sto"],"_links":{"self":[{"href":"https:\/\/www.pr-neu.de\/newsroom\/wp-json\/wp\/v2\/posts\/4557","targetHints":{"allow":["GET"]}}],"collection":[{"href":"https:\/\/www.pr-neu.de\/newsroom\/wp-json\/wp\/v2\/posts"}],"about":[{"href":"https:\/\/www.pr-neu.de\/newsroom\/wp-json\/wp\/v2\/types\/post"}],"author":[{"embeddable":true,"href":"https:\/\/www.pr-neu.de\/newsroom\/wp-json\/wp\/v2\/users\/6"}],"replies":[{"embeddable":true,"href":"https:\/\/www.pr-neu.de\/newsroom\/wp-json\/wp\/v2\/comments?post=4557"}],"version-history":[{"count":4,"href":"https:\/\/www.pr-neu.de\/newsroom\/wp-json\/wp\/v2\/posts\/4557\/revisions"}],"predecessor-version":[{"id":13057,"href":"https:\/\/www.pr-neu.de\/newsroom\/wp-json\/wp\/v2\/posts\/4557\/revisions\/13057"}],"wp:featuredmedia":[{"embeddable":true,"href":"https:\/\/www.pr-neu.de\/newsroom\/wp-json\/wp\/v2\/media\/8128"}],"wp:attachment":[{"href":"https:\/\/www.pr-neu.de\/newsroom\/wp-json\/wp\/v2\/media?parent=4557"}],"wp:term":[{"taxonomy":"category","embeddable":true,"href":"https:\/\/www.pr-neu.de\/newsroom\/wp-json\/wp\/v2\/categories?post=4557"},{"taxonomy":"post_tag","embeddable":true,"href":"https:\/\/www.pr-neu.de\/newsroom\/wp-json\/wp\/v2\/tags?post=4557"}],"curies":[{"name":"wp","href":"https:\/\/api.w.org\/{rel}","templated":true}]}}