{"id":4537,"date":"2017-01-06T08:01:40","date_gmt":"2017-01-06T08:01:40","guid":{"rendered":"http:\/\/www.pr-nord.de\/newsroom\/?p=4537"},"modified":"2020-05-28T16:36:02","modified_gmt":"2020-05-28T14:36:02","slug":"schutzschirm-fuers-haus","status":"publish","type":"post","link":"https:\/\/www.pr-neu.de\/newsroom\/schutzschirm-fuers-haus\/","title":{"rendered":"Schutzschirm f\u00fcrs Haus"},"content":{"rendered":"<p><span style=\"text-decoration: underline;\"> Vorgeh\u00e4ngte hinterl\u00fcftete Fassadensysteme<\/span><\/p>\n<p><strong>Vorgeh\u00e4ngte hinterl\u00fcftete Fassadensysteme bestechen durch ihre W\u00e4rmed\u00e4mmleistung, ihren Schallschutz und ihre gestalterische Vielfalt. Die Bandbreite reicht von fugenlos verputzten Tr\u00e4gerplatten (StoVentec R) \u00fcber fugenbetonte Paneelfassaden aus Glas (StoVentec Glass) bis zu photovoltaisch aktiven Systemen (StoVentec ARTline).<\/strong><\/p>\n<p>Schon vor Jahrhunderten gab es in Skandinavien, den Alpen oder anderen Regionen Europas mit rauer Witterung \u201evorgeh\u00e4ngte Fassaden\u201c, die besonders gut vor Feuchtigkeit und Frost sch\u00fctzten. Diese auf Holzunterkonstruktionen befestigten Fassadenelemente aus Schindeln, Ziegeln oder Schieferplatten spannten sich wie ein sch\u00fctzender Schirm vor die tragende Bausubstanz. Heute nennen sich diese weiter entwickelten Schutzschirme \u201evorgeh\u00e4ngte hinterl\u00fcftete Fassaden (VHF)\u201c. Sie bilden zusammen mit der dahinter liegenden Au\u00dfenwand (Mauerwerk, Beton, Holzkonstruktionen) einen zweischaligen Wandaufbau, der Wetterschale und tragende Wand konstruktiv trennt. Der systembestimmende Hinterl\u00fcftungsspalt f\u00fchrt Feuchte aus der Wandkonstruktion ab und verbessert den W\u00e4rme- und Schallschutz.<br \/>\nWesentliche Bestandteile eines solchen Systems sind die m\u00f6glichst w\u00e4rmebr\u00fcckenarme Unterkonstruktion (UK), die W\u00e4rmed\u00e4mmung und die Bekleidung, f\u00fcr deren Gestaltung heute eine gro\u00dfe Auswahl unterschiedlicher Materialien zur Verf\u00fcgung steht. Die in unterschiedlichen Formaten ausf\u00fchrbaren Platten k\u00f6nnen sowohl fugenbetont als auch fugenlos angeordnet werden. F\u00fcr die fugenbetonte Ausf\u00fchrung sprechen die Revisionierbarkeit einzelner Paneele ebenso wie der hohe Vorfertigungsgrad, der f\u00fcr schnelle, saisonunabh\u00e4ngige Baustellenabl\u00e4ufe bei geringem Platzbedarf sorgt. Der Montageaufwand ist ebenso auf ein Minimum reduziert wie L\u00e4rm- und Staubemissionen. Ausladungen der Unterkonstruktion bis 600 Millimetern k\u00f6nnen auch gr\u00f6\u00dfere Unebenheiten ausgleichen und sind heutzutage Standard, aber auch gr\u00f6\u00dfere Abst\u00e4nde bis zu 1400 Millimetern wurden schon gemeistert.<\/p>\n<p><strong>Variantenreich und ausf\u00fchrungssicher<\/strong><\/p>\n<p>Die drei Bestandteile eines durch die DIN 18516 geregelten VHF-Aufbaus sollten stets aus einer Hersteller-Hand stammen, da dann gesichert ist, dass die einzelnen Systembestandteile aufeinander abgestimmt sind. Kommt es dennoch zu R\u00fcckfragen, wird nur ein Ansprechpartner ben\u00f6tigt. StoVentec-Systeme gibt es als fugenbetonte Paneel-Fassaden und als fugenlose Tr\u00e4gerplattenfassaden. Sie eignen sich aufgrund ihrer hohen Anpassungsf\u00e4higkeit sowohl f\u00fcr die energetisch optimierte Fassadengestaltung bei Neubauten wie auch bei der Sanierung.<br \/>\nKern der Bekleidung bei den meisten StoVentec-Systemen ist eine Putztr\u00e4gerplatte aus Bl\u00e4hglasgranulat, die beidseitig mit hochzugfestem Glasfasergewebe ausgestattet ist. Dieser Verbund erzeugt eine statische Lastabtragungscharakteristik, die mit der von Stahlbeton vergleichbar ist. Dennoch ist das Eigengewicht der zw\u00f6lf Millimeter d\u00fcnnen Platte mit 6 kg\/m2 sehr gering. Die Bekleidung erfolgt werkseitig mit Glasplatten oder Photovoltaik-Paneelen oder auf der Baustelle mit Putz, Natursteinfliesen, Klinker, Keramik, Glas oder Glasmosaik. F\u00e4llt die Entscheidung f\u00fcr eine verputzte Oberfl\u00e4che, lassen sich vielf\u00e4ltige Strukturen und Farbt\u00f6ne umsetzen, wobei keine Begrenzung des Hellbezugswertes zu beachten ist, also auch sehr dunkle Farbt\u00f6ne in Frage kommen. Die Kombination mit massiven plastischen Fassadenelementen geh\u00f6rt ebenfalls zum Standardrepertoire.<\/p>\n<p><strong>Thermische Effizienz dank zertifizierter Unterkonstruktion<\/strong><\/p>\n<p>Doch ganz gleich, welche Oberfl\u00e4che schlie\u00dflich zum Einsatz kommt, die technische Qualit\u00e4t eines Systems beginnt mit der Unterkonstruktion. Sie ist der Schl\u00fcssel zur einfachen Montage und einer \u2013 je nach Ausgestaltung \u2013 zertifizierten w\u00e4rmebr\u00fcckenarmen oder gar w\u00e4rmebr\u00fcckenfreien Funktion. Wandhalter aus Edelstahl sind bei VHF-Konstruktionen mit herk\u00f6mmlichen Produkten aus Aluminium deutlich \u00fcberlegen, da sie die W\u00e4rme zehn- bis dreizehnmal schlechter leiten. W\u00e4rmebr\u00fccken werden so erheblich verringert. Vor allem bei Passiv- oder Null-Energie-H\u00e4usern muss der Einfluss von W\u00e4rmebr\u00fccken auf ein Minimum reduziert werden, damit die hochged\u00e4mmte Konstruktion ihre Energieeffizienz-Ziele erreicht und die Wohnbehaglichkeit den Komfort anderer Haustypen deutlich \u00fcbersteigt. Das deutsche Passivhaus Institut Dr. Feist ist darum sehr anspruchsvoll bei der Auswahl der empfohlenen Bauelemente. Dennoch haben die Darmst\u00e4dter Bauphysiker einer Variante der StoVentec-Unterkonstruktionen mit Edelstahlwandhaltern bescheinigt, f\u00fcr einen \u201ew\u00e4rmebr\u00fcckenfreien Anschluss\u201c (\u2206UWB-Wert von \u2264 0,010 W\/m\u00b2K) zu sorgen.<\/p>\n<p><strong>Brand- und Schallschutz<\/strong><\/p>\n<p>Als D\u00e4mmmaterial dient nicht brennbare Stein- oder Glaswolle, deren Lage durch D\u00fcbel mechanisch gesichert wird. Beim Brandschutz werden grunds\u00e4tzlich nicht brennbare und schwerentflammbare VHF-Systeme unterschieden. In beiden F\u00e4llen schreibt der Gesetzgeber jedoch vor, dass ein Brand\u00fcberschlag durch den Hinterl\u00fcftungsspalt vermieden werden muss. Es werden darum \u00fcblicherweise in jedem zweiten Geschoss Brandsperren eingebaut.<\/p>\n<p>Kommt dem Schallschutz besondere Bedeutung zu, ist ebenfalls VHF das Mittel der Wahl. So ben\u00f6tigen Krankenh\u00e4user oder Verwaltungsbauten aber auch andere Geb\u00e4ude, die hohem Verkehrsl\u00e4rm ausgesetzt sind, einen besonders guten Schallschutz. VHF k\u00f6nnen die Luftschalld\u00e4mmung von Massivw\u00e4nden um mehr als 10 dB verbessern \u2013 das entspricht einer Halbierung der empfundenen Lautst\u00e4rke.<\/p>\n<p><strong>Kontrast durch Kombination<\/strong><\/p>\n<p>Ein weiterer Vorteil: VHF sind Teamspieler. Sogenannte Kombinationsfassaden verkn\u00fcpfen Fassadenkonstruktionen, innerhalb derer ein Systemwechsel stattfindet. Also nicht nur ein oberfl\u00e4chlicher Materialwechsel in der Deckschicht, sondern auch ein Wechsel in der Konstruktion, beispielsweise indem eine vorgeh\u00e4ngte hinterl\u00fcftete Fassade an ein W\u00e4rmed\u00e4mm-Verbundsystem angrenzt. Eine Fassadenvariante, die besonders bei gehobenen Investorenbauten immer h\u00e4ufiger zu beobachten ist. Der Grund f\u00fcr einen solchen Wechsel liegt bei einigen Altbauten in den unterschiedlichen Qualit\u00e4ten des Untergrunds, meistens jedoch geht es bei Neubauten und Sanierungen um eine bestimmte Gestaltungsabsicht. So kann eine VHF mit Glas- oder Natursteinpaneelen repr\u00e4sentative Bereiche (Geschosse, Portale, Treppenh\u00e4user) oder bauliche Gliederungsachsen von neutralen Putzfl\u00e4chen abgrenzen. Quartier-Charakteristika k\u00f6nnen auch bei engen Kostenrahmen zitiert werden und bestimmte Funktionalit\u00e4ten (Stra\u00dfenseite mit schallsch\u00fctzender VHF) lassen sich in bew\u00e4hrte andere Fassadenkonstruktionen einbinden. Kombinationsfassaden erm\u00f6glichen so auch den Einsatz edler Oberfl\u00e4chenmaterialien im Rahmen eines kostenangepassten Bauens.<\/p>\n<p><strong>Bei den Details geht\u2018s ums Ganze<\/strong><\/p>\n<p>An der Stelle, an der sich die Systeme begegnen, entstehen \u00dcberg\u00e4nge, Fugen. Diese trennen, ordnen, strukturieren oder rhythmisieren; oft sind gerade sie es, die einer Fassade Charakter verleihen. Diese \u00dcberg\u00e4nge zwischen den beiden Systemen m\u00fcssen sachkundig ausgebildet werden. Sto h\u00e4lt hierf\u00fcr eine Vielzahl an ausgereiften Detaill\u00f6sungen bereit, je nachdem, ob es sich um horizontale oder vertikale Anschl\u00fcsse handelt, ob fugenlose Fl\u00e4chen auf fugenbetonte treffen, ob die Fuge in der Fl\u00e4che liegt beziehungsweise mit einer Kante der Kubatur zusammenf\u00e4llt, ob die Fuge offen bleibt oder ob sie (nicht sichtbar) geschlossen wird.<\/p>\n<p>Die gleiche Vielfalt an Detaill\u00f6sungen braucht es auch f\u00fcr die \u00fcbrigen Systemanschl\u00fcsse. Ganz gleich ob an Geb\u00e4ude\u00f6ffnungen, Balkonen, Verschattungselementen oder der Attika, stets werden Anschlussdetails ben\u00f6tigt, die genau auf die jeweilige Situation zugeschnitten sind. Darum bieten erfahrene Systemhersteller neben Standardanschl\u00fcssen auch individuell angepasste Details an. Dies gilt auch f\u00fcr photovoltaisch aktive Fl\u00e4chen, deren System\u00fcbergang zu optisch identischen aber inaktiven Fl\u00e4chen beziehungsweise zu anderen Oberfl\u00e4chenmaterialien ebenso beherrscht werden muss wie die elektrotechnischen Anschl\u00fcsse. Diese m\u00fcssen im Hinterl\u00fcftungsspalt jederzeit einer Wartung zug\u00e4nglich sein.<\/p>\n<p>VHF-Systeme erm\u00f6glichen auch bei Sanierungen im bewohnten Zustand aufgrund ihres hohen Vorfertigungsgrads eine schnelle und vor allem witterungsunabh\u00e4ngige Montage am Bau. Sie sind \u00e4u\u00dferst widerstandsf\u00e4hig und weisen seltener Sch\u00e4den auf als andere ged\u00e4mmte Fassadenaufbauten. Vor allem in der mittel- und langfristigen Betrachtung sind sie wirtschaftlich. Ihre Nutzungsdauer entspricht der des Geb\u00e4udes, wobei die der Witterung ausgesetzte Oberfl\u00e4che den gleichen Instandhaltungsintervallen unterliegt, wie sie auf einschaligen monolithischen Fassadenkonstruktionen \u00fcblich sind.<\/p>\n<p>&nbsp;<\/p>\n<hr noshade=\"noshade\" size=\"1\" \/>\n<p>&nbsp;<\/p>\n<table style=\"height: 2373px;\" border=\"0\" width=\"604\" cellspacing=\"0\" cellpadding=\"0\">\n<tbody>\n<tr>\n<td valign=\"top\" width=\"370\" height=\"25\"><a href=\"http:\/\/www.pr-neu.de\/newsroom\/wordpress\/wp-content\/uploads\/2017\/01\/17-01_VHF_1_K.jpg\"><img loading=\"lazy\" decoding=\"async\" class=\"aligncenter size-medium wp-image-13130\" src=\"http:\/\/www.pr-neu.de\/newsroom\/wordpress\/wp-content\/uploads\/2017\/01\/17-01_VHF_1_K-300x225.jpg\" alt=\"\" width=\"300\" height=\"225\" srcset=\"https:\/\/www.pr-neu.de\/newsroom\/wordpress\/wp-content\/uploads\/2017\/01\/17-01_VHF_1_K-300x225.jpg 300w, https:\/\/www.pr-neu.de\/newsroom\/wordpress\/wp-content\/uploads\/2017\/01\/17-01_VHF_1_K-110x83.jpg 110w, https:\/\/www.pr-neu.de\/newsroom\/wordpress\/wp-content\/uploads\/2017\/01\/17-01_VHF_1_K.jpg 360w\" sizes=\"auto, (max-width: 300px) 100vw, 300px\" \/><\/a><\/td>\n<td colspan=\"3\" valign=\"top\" height=\"21\">Historische vorgeh\u00e4ngte hinterl\u00fcftete Fassade aus Holzschindeln an einem Bauernhaus im Schwarzwald.<\/p>\n<p>Foto: Sto SE &amp; Co. KGaA<\/td>\n<\/tr>\n<tr>\n<td valign=\"top\" width=\"370\" height=\"25\"><a href=\"http:\/\/www.pr-neu.de\/newsroom\/wordpress\/wp-content\/uploads\/2017\/01\/17-01_VHF_2_K.jpg\"><img loading=\"lazy\" decoding=\"async\" class=\"aligncenter size-medium wp-image-13131\" src=\"http:\/\/www.pr-neu.de\/newsroom\/wordpress\/wp-content\/uploads\/2017\/01\/17-01_VHF_2_K-300x225.jpg\" alt=\"\" width=\"300\" height=\"225\" srcset=\"https:\/\/www.pr-neu.de\/newsroom\/wordpress\/wp-content\/uploads\/2017\/01\/17-01_VHF_2_K-300x225.jpg 300w, https:\/\/www.pr-neu.de\/newsroom\/wordpress\/wp-content\/uploads\/2017\/01\/17-01_VHF_2_K-110x83.jpg 110w, https:\/\/www.pr-neu.de\/newsroom\/wordpress\/wp-content\/uploads\/2017\/01\/17-01_VHF_2_K.jpg 360w\" sizes=\"auto, (max-width: 300px) 100vw, 300px\" \/><\/a><\/td>\n<td colspan=\"3\" valign=\"top\" height=\"21\">StoVentec Glass erm\u00f6glicht opake fugenbetonte Glasfassaden auch bei gro\u00dfen Bauk\u00f6rpern wie dem Verwaltungsgeb\u00e4ude MP09 im \u00f6sterreichischen Graz (GS Architects).<\/p>\n<p>Foto: G. Liebminger, Graz<\/td>\n<\/tr>\n<tr>\n<td valign=\"top\" width=\"370\" height=\"25\"><a href=\"http:\/\/www.pr-neu.de\/newsroom\/wordpress\/wp-content\/uploads\/2017\/01\/17-01_VHF_3_K.jpg\"><img loading=\"lazy\" decoding=\"async\" class=\"aligncenter size-medium wp-image-13132\" src=\"http:\/\/www.pr-neu.de\/newsroom\/wordpress\/wp-content\/uploads\/2017\/01\/17-01_VHF_3_K-300x200.jpg\" alt=\"\" width=\"300\" height=\"200\" srcset=\"https:\/\/www.pr-neu.de\/newsroom\/wordpress\/wp-content\/uploads\/2017\/01\/17-01_VHF_3_K-300x200.jpg 300w, https:\/\/www.pr-neu.de\/newsroom\/wordpress\/wp-content\/uploads\/2017\/01\/17-01_VHF_3_K-110x73.jpg 110w, https:\/\/www.pr-neu.de\/newsroom\/wordpress\/wp-content\/uploads\/2017\/01\/17-01_VHF_3_K.jpg 360w\" sizes=\"auto, (max-width: 300px) 100vw, 300px\" \/><\/a><\/td>\n<td colspan=\"3\" valign=\"top\" height=\"21\">Auch f\u00fcr den Einsatz im Geb\u00e4udeinneren eignet sich StoVentec Glass. (Bahnhof in Reading, UK; Grimshaw Architects.<\/p>\n<p>Foto: J. Stephenson, London<\/td>\n<\/tr>\n<tr>\n<td valign=\"top\" width=\"370\" height=\"25\"><a href=\"http:\/\/www.pr-neu.de\/newsroom\/wordpress\/wp-content\/uploads\/2017\/01\/17-01_VHF_4_K.jpg\"><img loading=\"lazy\" decoding=\"async\" class=\"size-medium wp-image-13133\" src=\"http:\/\/www.pr-neu.de\/newsroom\/wordpress\/wp-content\/uploads\/2017\/01\/17-01_VHF_4_K-300x229.jpg\" alt=\"\" width=\"300\" height=\"229\" srcset=\"https:\/\/www.pr-neu.de\/newsroom\/wordpress\/wp-content\/uploads\/2017\/01\/17-01_VHF_4_K-300x229.jpg 300w, https:\/\/www.pr-neu.de\/newsroom\/wordpress\/wp-content\/uploads\/2017\/01\/17-01_VHF_4_K-110x84.jpg 110w, https:\/\/www.pr-neu.de\/newsroom\/wordpress\/wp-content\/uploads\/2017\/01\/17-01_VHF_4_K.jpg 360w\" sizes=\"auto, (max-width: 300px) 100vw, 300px\" \/><\/a><\/td>\n<td colspan=\"3\" valign=\"top\" height=\"21\">Beim fugenlos verputzten VHF-System StoVentec R k\u00f6nnen auch Radien umgesetzt werden. (Kongresszentrum Aguilas, Spanien, Barozzi\/Veiga Architekten).<\/p>\n<p>Foto: J. Lanoo, Boeschepe<\/td>\n<\/tr>\n<tr>\n<td valign=\"top\" width=\"370\" height=\"25\"><a href=\"http:\/\/www.pr-neu.de\/newsroom\/wordpress\/wp-content\/uploads\/2017\/01\/17-01_VHF_5_K.jpg\"><img loading=\"lazy\" decoding=\"async\" class=\"size-medium wp-image-13134\" src=\"http:\/\/www.pr-neu.de\/newsroom\/wordpress\/wp-content\/uploads\/2017\/01\/17-01_VHF_5_K-300x238.jpg\" alt=\"\" width=\"300\" height=\"238\" srcset=\"https:\/\/www.pr-neu.de\/newsroom\/wordpress\/wp-content\/uploads\/2017\/01\/17-01_VHF_5_K-300x238.jpg 300w, https:\/\/www.pr-neu.de\/newsroom\/wordpress\/wp-content\/uploads\/2017\/01\/17-01_VHF_5_K-110x87.jpg 110w, https:\/\/www.pr-neu.de\/newsroom\/wordpress\/wp-content\/uploads\/2017\/01\/17-01_VHF_5_K.jpg 360w\" sizes=\"auto, (max-width: 300px) 100vw, 300px\" \/><\/a><\/td>\n<td colspan=\"3\" valign=\"top\" height=\"21\">StoVentec Glass und StoVentec ARTline Invisible verkn\u00fcpfen nicht-funktionale und photovoltaisch aktive Glaspaneele zu einer homogenen H\u00fclle. (Plus-Energiehaus, Berlin; Werner Sobek, Stuttgart).<\/p>\n<p>Foto M. Koslik, Berlin<\/td>\n<\/tr>\n<tr>\n<td valign=\"top\" width=\"370\" height=\"25\"><a href=\"http:\/\/www.pr-neu.de\/newsroom\/wordpress\/wp-content\/uploads\/2017\/01\/17-01_VHF_6_K.jpg\"><img loading=\"lazy\" decoding=\"async\" class=\"aligncenter size-medium wp-image-13135\" src=\"http:\/\/www.pr-neu.de\/newsroom\/wordpress\/wp-content\/uploads\/2017\/01\/17-01_VHF_6_K-300x228.jpg\" alt=\"\" width=\"300\" height=\"228\" srcset=\"https:\/\/www.pr-neu.de\/newsroom\/wordpress\/wp-content\/uploads\/2017\/01\/17-01_VHF_6_K-300x228.jpg 300w, https:\/\/www.pr-neu.de\/newsroom\/wordpress\/wp-content\/uploads\/2017\/01\/17-01_VHF_6_K-110x84.jpg 110w, https:\/\/www.pr-neu.de\/newsroom\/wordpress\/wp-content\/uploads\/2017\/01\/17-01_VHF_6_K.jpg 360w\" sizes=\"auto, (max-width: 300px) 100vw, 300px\" \/><\/a><\/td>\n<td colspan=\"3\" valign=\"top\" height=\"21\">Zwei thermische Trennelemente und die Geometrie des patentierten Passivhaus-Wandhalters sorgen f\u00fcr die Eigenschaften der UK, die vom Passivhaus Institut Darmstadt mit dem Zertifikat \u201eW\u00e4rmebr\u00fcckenfreier Anschluss\u201c ausgezeichnet wurden.<\/p>\n<p>Foto: Sto SE &amp; Co. KGaA<\/td>\n<\/tr>\n<tr>\n<td valign=\"top\" width=\"370\" height=\"25\"><a href=\"http:\/\/www.pr-neu.de\/newsroom\/wordpress\/wp-content\/uploads\/2017\/01\/17-01_VHF_7_K.jpg\"><img loading=\"lazy\" decoding=\"async\" class=\"aligncenter size-medium wp-image-13129\" src=\"http:\/\/www.pr-neu.de\/newsroom\/wordpress\/wp-content\/uploads\/2017\/01\/17-01_VHF_7_K-284x300.jpg\" alt=\"\" width=\"284\" height=\"300\" srcset=\"https:\/\/www.pr-neu.de\/newsroom\/wordpress\/wp-content\/uploads\/2017\/01\/17-01_VHF_7_K-284x300.jpg 284w, https:\/\/www.pr-neu.de\/newsroom\/wordpress\/wp-content\/uploads\/2017\/01\/17-01_VHF_7_K-104x110.jpg 104w, https:\/\/www.pr-neu.de\/newsroom\/wordpress\/wp-content\/uploads\/2017\/01\/17-01_VHF_7_K.jpg 341w\" sizes=\"auto, (max-width: 284px) 100vw, 284px\" \/><\/a><\/td>\n<td colspan=\"3\" valign=\"top\" height=\"21\">Langzeitbew\u00e4hrte Detaill\u00f6sungen machen auch Kombinationsfassaden problemlos m\u00f6glich (Horizontalschnitt, vertikaler Anschluss VHF (Glas) und WDVS (Putz), Au\u00dfenecke)<\/p>\n<p>Foto: Sto SE &amp; Co. KGaA<\/td>\n<\/tr>\n<\/tbody>\n<\/table>\n<p>&nbsp;<\/p>\n<hr noshade=\"noshade\" size=\"1\" \/>\n<p>&nbsp;<\/p>\n<p>Abdruck honorarfrei, Belegexemplar erbeten<\/p>\n<p>&nbsp;<\/p>\n","protected":false},"excerpt":{"rendered":"<p>Vorgeh\u00e4ngte hinterl\u00fcftete Fassadensysteme Vorgeh\u00e4ngte hinterl\u00fcftete Fassadensysteme bestechen durch ihre W\u00e4rmed\u00e4mmleistung, ihren Schallschutz und ihre gestalterische Vielfalt. Die Bandbreite reicht von fugenlos verputzten Tr\u00e4gerplatten (StoVentec R) \u00fcber fugenbetonte Paneelfassaden aus Glas (StoVentec Glass) bis zu photovoltaisch aktiven Systemen (StoVentec ARTline). Schon vor Jahrhunderten gab es in Skandinavien, den Alpen oder anderen Regionen Europas mit rauer Witterung [&hellip;]<\/p>\n","protected":false},"author":6,"featured_media":8163,"comment_status":"closed","ping_status":"open","sticky":false,"template":"","format":"standard","meta":{"footnotes":""},"categories":[3,15],"tags":[],"class_list":["post-4537","post","type-post","status-publish","format-standard","has-post-thumbnail","hentry","category-kundenmeldungen","category-sto"],"_links":{"self":[{"href":"https:\/\/www.pr-neu.de\/newsroom\/wp-json\/wp\/v2\/posts\/4537","targetHints":{"allow":["GET"]}}],"collection":[{"href":"https:\/\/www.pr-neu.de\/newsroom\/wp-json\/wp\/v2\/posts"}],"about":[{"href":"https:\/\/www.pr-neu.de\/newsroom\/wp-json\/wp\/v2\/types\/post"}],"author":[{"embeddable":true,"href":"https:\/\/www.pr-neu.de\/newsroom\/wp-json\/wp\/v2\/users\/6"}],"replies":[{"embeddable":true,"href":"https:\/\/www.pr-neu.de\/newsroom\/wp-json\/wp\/v2\/comments?post=4537"}],"version-history":[{"count":5,"href":"https:\/\/www.pr-neu.de\/newsroom\/wp-json\/wp\/v2\/posts\/4537\/revisions"}],"predecessor-version":[{"id":13140,"href":"https:\/\/www.pr-neu.de\/newsroom\/wp-json\/wp\/v2\/posts\/4537\/revisions\/13140"}],"wp:featuredmedia":[{"embeddable":true,"href":"https:\/\/www.pr-neu.de\/newsroom\/wp-json\/wp\/v2\/media\/8163"}],"wp:attachment":[{"href":"https:\/\/www.pr-neu.de\/newsroom\/wp-json\/wp\/v2\/media?parent=4537"}],"wp:term":[{"taxonomy":"category","embeddable":true,"href":"https:\/\/www.pr-neu.de\/newsroom\/wp-json\/wp\/v2\/categories?post=4537"},{"taxonomy":"post_tag","embeddable":true,"href":"https:\/\/www.pr-neu.de\/newsroom\/wp-json\/wp\/v2\/tags?post=4537"}],"curies":[{"name":"wp","href":"https:\/\/api.w.org\/{rel}","templated":true}]}}