{"id":4407,"date":"2016-10-13T05:01:47","date_gmt":"2016-10-13T05:01:47","guid":{"rendered":"http:\/\/www.pr-nord.de\/newsroom\/?p=4407"},"modified":"2020-05-28T09:28:38","modified_gmt":"2020-05-28T07:28:38","slug":"kompetenz-im-hochbau","status":"publish","type":"post","link":"https:\/\/www.pr-neu.de\/newsroom\/kompetenz-im-hochbau\/","title":{"rendered":"Kompetenz im Hochbau"},"content":{"rendered":"<table border=\"0\" width=\"520\" cellspacing=\"0\" cellpadding=\"0\">\n<tbody>\n<tr>\n<td><u>StoCretec: Schutz und Instandsetzung von Betonoberfl\u00e4chen \/ BAU: Halle A6, Stand 304<\/u><\/p>\n<p><strong>Kompetenz im Hochbau<\/strong><\/p>\n<p><strong>H\u00e4ufig kommt es durch Witterungseinfl\u00fcsse und Schadstoffe zu gravierenden Sch\u00e4den an Betonoberfl\u00e4chen. StoCretec (Kriftel) stellt auf der BAU 2017 (Halle A6, Stand 304) Produkte vor, die diesen Sch\u00e4den entgegenwirken. Zu sehen sind unter anderem der farbige Betonschutz StoCryl V 700, der mit der neu entwickelten Dryonic-Technologie f\u00fcr trockene Betonoberfl\u00e4chen sorgt und der Reparaturm\u00f6rtel StoCrete SM \u2013 f\u00fcr Reparaturen an nicht begehbaren Betonbauteilen. <\/strong><\/p>\n<p>Sch\u00e4den an Betonoberfl\u00e4chen von Hochbauwerken sind keine Seltenheit. Trotz der Robustheit k\u00f6nnen aggressive Schadstoffe und Witterungseinfl\u00fcsse, aber auch mechanische Belastungen, die Substanz auf Dauer sch\u00e4digen. StoCretec bietet daher Produkte und Systeme zum Schutz sowie zur Instandsetzung der entsprechenden Hochbauten.<\/p>\n<p><strong>Innovativer, farbiger Betonschutz <\/strong><\/p>\n<p>Der bionische Schutzanstrich StoCryl V 700 hilft mit seinem hydrophob-hydrophilem Prinzip dabei, Betonfl\u00e4chen trocken zu halten und vor Sch\u00e4den zu sch\u00fctzen. Die Entwickler schauten sich die Technik vom Nebeltrinker-K\u00e4fer ab: Zahlreiche mikroskopisch kleine Kuppen auf seinem Panzer sorgen daf\u00fcr, dass Luftfeuchte kondensiert. Bei der Applikation von StoCryl V 700 bildet sich mittels einer ausgekl\u00fcgelten Bindemittel-F\u00fcllstoff-Architektur eine dauerhafte Mikrostruktur auf der Oberfl\u00e4che. Diese Struktur sorgt daf\u00fcr, dass Wasser sehr schnell abflie\u00dft und die Oberfl\u00e4che in kurzer Zeit trocknet. Die Folgen von Feuchte-Belastung werden deutlich reduziert. Zudem wirkt der Anstrich CO2-bremsend und ist wasserdampfdiffusionsf\u00e4hig. Mit einer hohen Farbtonvielfalt er\u00f6ffnet der Betonschutz unz\u00e4hlige Gestaltungsm\u00f6glichkeiten f\u00fcr eine attraktive Fassade.<\/p>\n<p>Auch die Schutzanstriche StoCryl V 100 und StoCryl V 200 vermindern die Schadstoff- und Wasseraufnahme in den Beton. Die vielseitig t\u00f6nbaren Acrylate sind ebenfalls CO2-dicht und wasserdampfdurchl\u00e4ssig.<\/p>\n<p><strong>Kleine Sch\u00e4den schnell repariert<\/strong><\/p>\n<p>Kleinere Sch\u00e4den an Betonfl\u00e4chen k\u00f6nnen mit Schnellreparaturm\u00f6rteln in k\u00fcrzester Zeit behoben werden. StoCrete SM kommt sowohl bei der Reprofilierung als auch der Feinspachtelung von nicht begehbaren Betonbauteilen zur Anwendung \u2013 beispielsweise an Balkonbr\u00fcstungen, Kragplattenuntersichten oder Fassadenelementen. Ohne die Notwendigkeit einer separaten Haftbr\u00fccke l\u00e4sst sich der M\u00f6rtel einfach und schnell verarbeiten. Zudem erh\u00e4rtet er in kurzer Zeit, wodurch sich die Wartephasen reduzieren.<\/p>\n<p>F\u00fcr begehbare Betonfl\u00e4chen wie Kellerb\u00f6den und Treppen, Balkonkragplatten oder Industrieb\u00f6den wird StoCrete RM F verwendet. Mit dem Reparaturm\u00f6rtel ist die Reprofilierung von Schadstellen, das Ausbilden von Hohlkehlen und Gef\u00e4llekeilen sowie das Beispachteln von H\u00f6henvers\u00e4tzen und unebenen Gef\u00e4llen kein Problem. Auch dieser M\u00f6rtel ben\u00f6tigt keine separate Haftbr\u00fccke und h\u00e4rtet schnell aus. Zus\u00e4tzlich zeichnet er sich durch eine gute Frost- und Tausalzbest\u00e4ndigkeit sowie ein hohes Standverm\u00f6gen aus.<\/p>\n<hr noshade=\"noshade\" size=\"1\" \/>\n<table border=\"0\" width=\"520\" cellspacing=\"0\" cellpadding=\"0\">\n<tbody>\n<tr>\n<td valign=\"top\" width=\"370\" height=\"25\"><a href=\"http:\/\/www.pr-neu.de\/newsroom\/wordpress\/wp-content\/uploads\/2016\/10\/16-19-StoCryl-V-700_G.jpg\"><img loading=\"lazy\" decoding=\"async\" class=\"size-medium wp-image-12507\" src=\"http:\/\/www.pr-neu.de\/newsroom\/wordpress\/wp-content\/uploads\/2016\/10\/16-19-StoCryl-V-700_G-300x292.jpg\" alt=\"\" width=\"300\" height=\"292\" srcset=\"https:\/\/www.pr-neu.de\/newsroom\/wordpress\/wp-content\/uploads\/2016\/10\/16-19-StoCryl-V-700_G-300x292.jpg 300w, https:\/\/www.pr-neu.de\/newsroom\/wordpress\/wp-content\/uploads\/2016\/10\/16-19-StoCryl-V-700_G-1024x996.jpg 1024w, https:\/\/www.pr-neu.de\/newsroom\/wordpress\/wp-content\/uploads\/2016\/10\/16-19-StoCryl-V-700_G-768x747.jpg 768w, https:\/\/www.pr-neu.de\/newsroom\/wordpress\/wp-content\/uploads\/2016\/10\/16-19-StoCryl-V-700_G-1536x1494.jpg 1536w, https:\/\/www.pr-neu.de\/newsroom\/wordpress\/wp-content\/uploads\/2016\/10\/16-19-StoCryl-V-700_G-110x107.jpg 110w, https:\/\/www.pr-neu.de\/newsroom\/wordpress\/wp-content\/uploads\/2016\/10\/16-19-StoCryl-V-700_G-420x409.jpg 420w, https:\/\/www.pr-neu.de\/newsroom\/wordpress\/wp-content\/uploads\/2016\/10\/16-19-StoCryl-V-700_G-442x430.jpg 442w, https:\/\/www.pr-neu.de\/newsroom\/wordpress\/wp-content\/uploads\/2016\/10\/16-19-StoCryl-V-700_G.jpg 1795w\" sizes=\"auto, (max-width: 300px) 100vw, 300px\" \/><\/a><\/td>\n<td colspan=\"3\" valign=\"top\" height=\"21\">Das hydrophob-hydrophile Prinzip von StoCryl V 700 leitet Wasser ab und hilft so Betonfl\u00e4chen trocken zu halten.<\/p>\n<p>Foto: StoCretec<\/td>\n<\/tr>\n<tr>\n<td valign=\"top\" width=\"370\" height=\"25\"><a href=\"http:\/\/www.pr-neu.de\/newsroom\/wordpress\/wp-content\/uploads\/2016\/10\/16-19-Reprofilierung_G.jpg\"><img loading=\"lazy\" decoding=\"async\" class=\"aligncenter size-medium wp-image-12508\" src=\"http:\/\/www.pr-neu.de\/newsroom\/wordpress\/wp-content\/uploads\/2016\/10\/16-19-Reprofilierung_G-300x199.jpg\" alt=\"\" width=\"300\" height=\"199\" srcset=\"https:\/\/www.pr-neu.de\/newsroom\/wordpress\/wp-content\/uploads\/2016\/10\/16-19-Reprofilierung_G-300x199.jpg 300w, https:\/\/www.pr-neu.de\/newsroom\/wordpress\/wp-content\/uploads\/2016\/10\/16-19-Reprofilierung_G-1024x680.jpg 1024w, https:\/\/www.pr-neu.de\/newsroom\/wordpress\/wp-content\/uploads\/2016\/10\/16-19-Reprofilierung_G-768x510.jpg 768w, https:\/\/www.pr-neu.de\/newsroom\/wordpress\/wp-content\/uploads\/2016\/10\/16-19-Reprofilierung_G-1536x1020.jpg 1536w, https:\/\/www.pr-neu.de\/newsroom\/wordpress\/wp-content\/uploads\/2016\/10\/16-19-Reprofilierung_G-110x73.jpg 110w, https:\/\/www.pr-neu.de\/newsroom\/wordpress\/wp-content\/uploads\/2016\/10\/16-19-Reprofilierung_G-420x279.jpg 420w, https:\/\/www.pr-neu.de\/newsroom\/wordpress\/wp-content\/uploads\/2016\/10\/16-19-Reprofilierung_G-648x430.jpg 648w, https:\/\/www.pr-neu.de\/newsroom\/wordpress\/wp-content\/uploads\/2016\/10\/16-19-Reprofilierung_G.jpg 1795w\" sizes=\"auto, (max-width: 300px) 100vw, 300px\" \/><\/a><\/td>\n<td colspan=\"3\" valign=\"top\" height=\"21\">Die StoCretec-Schnellreparaturm\u00f6rtel sind optimal f\u00fcr die Reprofilierung\u2026<\/p>\n<p>Foto: StoCretec<\/td>\n<\/tr>\n<tr>\n<td valign=\"top\" width=\"370\" height=\"25\"><a href=\"http:\/\/www.pr-neu.de\/newsroom\/wordpress\/wp-content\/uploads\/2016\/10\/16-19-Feinspachtelung_G.jpg\"><img loading=\"lazy\" decoding=\"async\" class=\"aligncenter size-medium wp-image-12510\" src=\"http:\/\/www.pr-neu.de\/newsroom\/wordpress\/wp-content\/uploads\/2016\/10\/16-19-Feinspachtelung_G-300x180.jpg\" alt=\"\" width=\"300\" height=\"180\" srcset=\"https:\/\/www.pr-neu.de\/newsroom\/wordpress\/wp-content\/uploads\/2016\/10\/16-19-Feinspachtelung_G-300x180.jpg 300w, https:\/\/www.pr-neu.de\/newsroom\/wordpress\/wp-content\/uploads\/2016\/10\/16-19-Feinspachtelung_G-1024x616.jpg 1024w, https:\/\/www.pr-neu.de\/newsroom\/wordpress\/wp-content\/uploads\/2016\/10\/16-19-Feinspachtelung_G-768x462.jpg 768w, https:\/\/www.pr-neu.de\/newsroom\/wordpress\/wp-content\/uploads\/2016\/10\/16-19-Feinspachtelung_G-1536x923.jpg 1536w, https:\/\/www.pr-neu.de\/newsroom\/wordpress\/wp-content\/uploads\/2016\/10\/16-19-Feinspachtelung_G-110x66.jpg 110w, https:\/\/www.pr-neu.de\/newsroom\/wordpress\/wp-content\/uploads\/2016\/10\/16-19-Feinspachtelung_G-420x252.jpg 420w, https:\/\/www.pr-neu.de\/newsroom\/wordpress\/wp-content\/uploads\/2016\/10\/16-19-Feinspachtelung_G-715x430.jpg 715w, https:\/\/www.pr-neu.de\/newsroom\/wordpress\/wp-content\/uploads\/2016\/10\/16-19-Feinspachtelung_G.jpg 1795w\" sizes=\"auto, (max-width: 300px) 100vw, 300px\" \/><\/a><\/td>\n<td colspan=\"3\" valign=\"top\" height=\"21\">\u2026aber auch f\u00fcr die Feinspachtelung von Betonfl\u00e4chen und -bauteilen geeignet.<\/p>\n<p>Foto: StoCretec<\/td>\n<\/tr>\n<tr>\n<td valign=\"top\" width=\"370\" height=\"25\"><a href=\"http:\/\/www.pr-neu.de\/newsroom\/wordpress\/wp-content\/uploads\/2016\/10\/16-19-Hochaus_G.jpg\"><img loading=\"lazy\" decoding=\"async\" class=\"aligncenter size-medium wp-image-12511\" src=\"http:\/\/www.pr-neu.de\/newsroom\/wordpress\/wp-content\/uploads\/2016\/10\/16-19-Hochaus_G-300x222.jpg\" alt=\"\" width=\"300\" height=\"222\" srcset=\"https:\/\/www.pr-neu.de\/newsroom\/wordpress\/wp-content\/uploads\/2016\/10\/16-19-Hochaus_G-300x222.jpg 300w, https:\/\/www.pr-neu.de\/newsroom\/wordpress\/wp-content\/uploads\/2016\/10\/16-19-Hochaus_G-1024x759.jpg 1024w, https:\/\/www.pr-neu.de\/newsroom\/wordpress\/wp-content\/uploads\/2016\/10\/16-19-Hochaus_G-768x569.jpg 768w, https:\/\/www.pr-neu.de\/newsroom\/wordpress\/wp-content\/uploads\/2016\/10\/16-19-Hochaus_G-1536x1138.jpg 1536w, https:\/\/www.pr-neu.de\/newsroom\/wordpress\/wp-content\/uploads\/2016\/10\/16-19-Hochaus_G-110x82.jpg 110w, https:\/\/www.pr-neu.de\/newsroom\/wordpress\/wp-content\/uploads\/2016\/10\/16-19-Hochaus_G-420x311.jpg 420w, https:\/\/www.pr-neu.de\/newsroom\/wordpress\/wp-content\/uploads\/2016\/10\/16-19-Hochaus_G-580x430.jpg 580w, https:\/\/www.pr-neu.de\/newsroom\/wordpress\/wp-content\/uploads\/2016\/10\/16-19-Hochaus_G.jpg 1795w\" sizes=\"auto, (max-width: 300px) 100vw, 300px\" \/><\/a><\/td>\n<td colspan=\"3\" valign=\"top\" height=\"21\">Die StoCretec-Schutzanstriche helfen die Schadstoff- und Wasseraufnahme in den Beton zu verringern und so die Bausubstanz vor Sch\u00e4den zu sch\u00fctzen.<\/p>\n<p>Foto: StoCretec<\/td>\n<\/tr>\n<\/tbody>\n<\/table>\n<hr noshade=\"noshade\" size=\"1\" \/>\n<p>Abdruck honorarfrei, Belegexemplar erbeten<\/td>\n<\/tr>\n<\/tbody>\n<\/table>\n","protected":false},"excerpt":{"rendered":"<p>StoCretec: Schutz und Instandsetzung von Betonoberfl\u00e4chen \/ BAU: Halle A6, Stand 304 Kompetenz im Hochbau H\u00e4ufig kommt es durch Witterungseinfl\u00fcsse und Schadstoffe zu gravierenden Sch\u00e4den an Betonoberfl\u00e4chen. StoCretec (Kriftel) stellt auf der BAU 2017 (Halle A6, Stand 304) Produkte vor, die diesen Sch\u00e4den entgegenwirken. Zu sehen sind unter anderem der farbige Betonschutz StoCryl V 700, [&hellip;]<\/p>\n","protected":false},"author":6,"featured_media":0,"comment_status":"closed","ping_status":"open","sticky":false,"template":"","format":"standard","meta":{"footnotes":""},"categories":[3,16],"tags":[],"class_list":["post-4407","post","type-post","status-publish","format-standard","hentry","category-kundenmeldungen","category-stocretec"],"_links":{"self":[{"href":"https:\/\/www.pr-neu.de\/newsroom\/wp-json\/wp\/v2\/posts\/4407","targetHints":{"allow":["GET"]}}],"collection":[{"href":"https:\/\/www.pr-neu.de\/newsroom\/wp-json\/wp\/v2\/posts"}],"about":[{"href":"https:\/\/www.pr-neu.de\/newsroom\/wp-json\/wp\/v2\/types\/post"}],"author":[{"embeddable":true,"href":"https:\/\/www.pr-neu.de\/newsroom\/wp-json\/wp\/v2\/users\/6"}],"replies":[{"embeddable":true,"href":"https:\/\/www.pr-neu.de\/newsroom\/wp-json\/wp\/v2\/comments?post=4407"}],"version-history":[{"count":5,"href":"https:\/\/www.pr-neu.de\/newsroom\/wp-json\/wp\/v2\/posts\/4407\/revisions"}],"predecessor-version":[{"id":12512,"href":"https:\/\/www.pr-neu.de\/newsroom\/wp-json\/wp\/v2\/posts\/4407\/revisions\/12512"}],"wp:attachment":[{"href":"https:\/\/www.pr-neu.de\/newsroom\/wp-json\/wp\/v2\/media?parent=4407"}],"wp:term":[{"taxonomy":"category","embeddable":true,"href":"https:\/\/www.pr-neu.de\/newsroom\/wp-json\/wp\/v2\/categories?post=4407"},{"taxonomy":"post_tag","embeddable":true,"href":"https:\/\/www.pr-neu.de\/newsroom\/wp-json\/wp\/v2\/tags?post=4407"}],"curies":[{"name":"wp","href":"https:\/\/api.w.org\/{rel}","templated":true}]}}